{"id":177084,"date":"2018-01-08T18:00:19","date_gmt":"2018-01-08T20:00:19","guid":{"rendered":"http:\/\/www.agrund.com\/?p=177084"},"modified":"2018-01-08T18:25:09","modified_gmt":"2018-01-08T20:25:09","slug":"os-looks-do-globo-de-ouro-2","status":"publish","type":"post","link":"https:\/\/agrund.com\/index.php\/os-looks-do-globo-de-ouro-2\/","title":{"rendered":"Os looks do &#8216;Globo de Ouro&#8217;"},"content":{"rendered":"<p>Por Arlindo Grund<\/p>\n<p>Depois de mostrar <a href=\"http:\/\/www.agrund.com\/moda-masculina-os-homens-no-globo-de-ouro\/\">AQUI<\/a> os melhores looks masculinos do \u2018Globo de Ouro\u2019, chegou a vez de falar das mulheres. Elas brilharam no tapete vermelho do evento, mesmo utilizando uma \u00fanica cor: preto.<\/p>\n<p>A escolha da cor n\u00e3o foi aleat\u00f3ria, mas sim, como uma forma de protesto contra o ass\u00e9dio sexual da ind\u00fastria cinematogr\u00e1fica. Para quem tinha d\u00favidas de que os looks seriam cheio de personalidade, vou mostrar com elas fugiram do \u00f3bvio.<\/p>\n<p>&#8211; Os bordados, de Ren\u00e9e Bargh, Allison Williams com Armani Prive, e Giuliana Rancic.<\/p>\n<div id=\"attachment_177086\" style=\"width: 610px\" class=\"wp-caption aligncenter\"><img aria-describedby=\"caption-attachment-177086\" data-attachment-id=\"177086\" data-permalink=\"https:\/\/agrund.com\/index.php\/os-looks-do-globo-de-ouro-2\/1eb54dde-7f78-4e19-a3c1-6836b815daf7\/\" data-orig-file=\"https:\/\/i0.wp.com\/agrund.com\/wp-content\/uploads\/sites\/6\/2018\/01\/1EB54DDE-7F78-4E19-A3C1-6836B815DAF7.jpg?fit=600%2C600&amp;ssl=1\" data-orig-size=\"600,600\" data-comments-opened=\"1\" data-image-meta=\"{&quot;aperture&quot;:&quot;0&quot;,&quot;credit&quot;:&quot;&quot;,&quot;camera&quot;:&quot;&quot;,&quot;caption&quot;:&quot;&quot;,&quot;created_timestamp&quot;:&quot;0&quot;,&quot;copyright&quot;:&quot;&quot;,&quot;focal_length&quot;:&quot;0&quot;,&quot;iso&quot;:&quot;0&quot;,&quot;shutter_speed&quot;:&quot;0&quot;,&quot;title&quot;:&quot;&quot;,&quot;orientation&quot;:&quot;1&quot;}\" data-image-title=\"Os looks do &#8216;Globo de Ouro&#8217;\" data-image-description=\"\" data-image-caption=\"&lt;p&gt;Os looks do &#8216;Globo de Ouro&#8217;&lt;\/p&gt;\n\" data-medium-file=\"https:\/\/i0.wp.com\/agrund.com\/wp-content\/uploads\/sites\/6\/2018\/01\/1EB54DDE-7F78-4E19-A3C1-6836B815DAF7.jpg?fit=300%2C300&amp;ssl=1\" data-large-file=\"https:\/\/i0.wp.com\/agrund.com\/wp-content\/uploads\/sites\/6\/2018\/01\/1EB54DDE-7F78-4E19-A3C1-6836B815DAF7.jpg?fit=600%2C600&amp;ssl=1\" decoding=\"async\" loading=\"lazy\" class=\"size-full wp-image-177086\" src=\"https:\/\/i0.wp.com\/www.agrund.com\/wp-content\/uploads\/sites\/6\/2018\/01\/1EB54DDE-7F78-4E19-A3C1-6836B815DAF7.jpg?resize=600%2C600\" alt=\"\" width=\"600\" height=\"600\" srcset=\"https:\/\/i0.wp.com\/agrund.com\/wp-content\/uploads\/sites\/6\/2018\/01\/1EB54DDE-7F78-4E19-A3C1-6836B815DAF7.jpg?w=600&amp;ssl=1 600w, https:\/\/i0.wp.com\/agrund.com\/wp-content\/uploads\/sites\/6\/2018\/01\/1EB54DDE-7F78-4E19-A3C1-6836B815DAF7.jpg?resize=150%2C150&amp;ssl=1 150w, https:\/\/i0.wp.com\/agrund.com\/wp-content\/uploads\/sites\/6\/2018\/01\/1EB54DDE-7F78-4E19-A3C1-6836B815DAF7.jpg?resize=300%2C300&amp;ssl=1 300w\" sizes=\"(max-width: 600px) 100vw, 600px\" data-recalc-dims=\"1\" \/><p id=\"caption-attachment-177086\" class=\"wp-caption-text\">Os looks do &#8216;Globo de Ouro&#8217;<\/p><\/div>\n<p>&nbsp;<\/p>\n<p>&#8211; O macac\u00e3o pode ser uma alternativa para quem n\u00e3o gosta muito dos vestidos de festa. Susan Kelechi Watson optou pelo modelo bordado e\u00a0Alice Englert por um modelo mais neutro.<\/p>\n<div id=\"attachment_177090\" style=\"width: 610px\" class=\"wp-caption aligncenter\"><img aria-describedby=\"caption-attachment-177090\" data-attachment-id=\"177090\" data-permalink=\"https:\/\/agrund.com\/index.php\/os-looks-do-globo-de-ouro-2\/b01e6b52-c566-4395-a683-7eb3e975ee12\/\" data-orig-file=\"https:\/\/i0.wp.com\/agrund.com\/wp-content\/uploads\/sites\/6\/2018\/01\/B01E6B52-C566-4395-A683-7EB3E975EE12.jpg?fit=600%2C600&amp;ssl=1\" data-orig-size=\"600,600\" data-comments-opened=\"1\" data-image-meta=\"{&quot;aperture&quot;:&quot;0&quot;,&quot;credit&quot;:&quot;&quot;,&quot;camera&quot;:&quot;&quot;,&quot;caption&quot;:&quot;&quot;,&quot;created_timestamp&quot;:&quot;0&quot;,&quot;copyright&quot;:&quot;&quot;,&quot;focal_length&quot;:&quot;0&quot;,&quot;iso&quot;:&quot;0&quot;,&quot;shutter_speed&quot;:&quot;0&quot;,&quot;title&quot;:&quot;&quot;,&quot;orientation&quot;:&quot;1&quot;}\" data-image-title=\"Os looks do &#8216;Globo de Ouro&#8217;\" data-image-description=\"\" data-image-caption=\"&lt;p&gt;Os looks do &#8216;Globo de Ouro&#8217;&lt;\/p&gt;\n\" data-medium-file=\"https:\/\/i0.wp.com\/agrund.com\/wp-content\/uploads\/sites\/6\/2018\/01\/B01E6B52-C566-4395-A683-7EB3E975EE12.jpg?fit=300%2C300&amp;ssl=1\" data-large-file=\"https:\/\/i0.wp.com\/agrund.com\/wp-content\/uploads\/sites\/6\/2018\/01\/B01E6B52-C566-4395-A683-7EB3E975EE12.jpg?fit=600%2C600&amp;ssl=1\" decoding=\"async\" loading=\"lazy\" class=\"size-full wp-image-177090\" src=\"https:\/\/i0.wp.com\/www.agrund.com\/wp-content\/uploads\/sites\/6\/2018\/01\/B01E6B52-C566-4395-A683-7EB3E975EE12.jpg?resize=600%2C600\" alt=\"\" width=\"600\" height=\"600\" srcset=\"https:\/\/i0.wp.com\/agrund.com\/wp-content\/uploads\/sites\/6\/2018\/01\/B01E6B52-C566-4395-A683-7EB3E975EE12.jpg?w=600&amp;ssl=1 600w, https:\/\/i0.wp.com\/agrund.com\/wp-content\/uploads\/sites\/6\/2018\/01\/B01E6B52-C566-4395-A683-7EB3E975EE12.jpg?resize=150%2C150&amp;ssl=1 150w, https:\/\/i0.wp.com\/agrund.com\/wp-content\/uploads\/sites\/6\/2018\/01\/B01E6B52-C566-4395-A683-7EB3E975EE12.jpg?resize=300%2C300&amp;ssl=1 300w\" sizes=\"(max-width: 600px) 100vw, 600px\" data-recalc-dims=\"1\" \/><p id=\"caption-attachment-177090\" class=\"wp-caption-text\">Os looks do &#8216;Globo de Ouro&#8217;<\/p><\/div>\n<p>&nbsp;<\/p>\n<p>&#8211; Teve espa\u00e7o tamb\u00e9m para uma transpar\u00eancia sofisticada. Kate Hudson de Valentino; Zuri Hall de Bronx and Banco; e Jessica Biel de Dior.<\/p>\n<div id=\"attachment_177091\" style=\"width: 610px\" class=\"wp-caption aligncenter\"><img aria-describedby=\"caption-attachment-177091\" data-attachment-id=\"177091\" data-permalink=\"https:\/\/agrund.com\/index.php\/os-looks-do-globo-de-ouro-2\/cefe5ec9-13d7-49ff-9460-3fbd42f443a1\/\" data-orig-file=\"https:\/\/i0.wp.com\/agrund.com\/wp-content\/uploads\/sites\/6\/2018\/01\/CEFE5EC9-13D7-49FF-9460-3FBD42F443A1.jpg?fit=600%2C600&amp;ssl=1\" data-orig-size=\"600,600\" data-comments-opened=\"1\" data-image-meta=\"{&quot;aperture&quot;:&quot;0&quot;,&quot;credit&quot;:&quot;&quot;,&quot;camera&quot;:&quot;&quot;,&quot;caption&quot;:&quot;&quot;,&quot;created_timestamp&quot;:&quot;0&quot;,&quot;copyright&quot;:&quot;&quot;,&quot;focal_length&quot;:&quot;0&quot;,&quot;iso&quot;:&quot;0&quot;,&quot;shutter_speed&quot;:&quot;0&quot;,&quot;title&quot;:&quot;&quot;,&quot;orientation&quot;:&quot;1&quot;}\" data-image-title=\"Os looks do &#8216;Globo de Ouro&#8217;\" data-image-description=\"\" data-image-caption=\"&lt;p&gt;Os looks do &#8216;Globo de Ouro&#8217;&lt;\/p&gt;\n\" data-medium-file=\"https:\/\/i0.wp.com\/agrund.com\/wp-content\/uploads\/sites\/6\/2018\/01\/CEFE5EC9-13D7-49FF-9460-3FBD42F443A1.jpg?fit=300%2C300&amp;ssl=1\" data-large-file=\"https:\/\/i0.wp.com\/agrund.com\/wp-content\/uploads\/sites\/6\/2018\/01\/CEFE5EC9-13D7-49FF-9460-3FBD42F443A1.jpg?fit=600%2C600&amp;ssl=1\" decoding=\"async\" loading=\"lazy\" class=\"size-full wp-image-177091\" src=\"https:\/\/i0.wp.com\/www.agrund.com\/wp-content\/uploads\/sites\/6\/2018\/01\/CEFE5EC9-13D7-49FF-9460-3FBD42F443A1.jpg?resize=600%2C600\" alt=\"\" width=\"600\" height=\"600\" srcset=\"https:\/\/i0.wp.com\/agrund.com\/wp-content\/uploads\/sites\/6\/2018\/01\/CEFE5EC9-13D7-49FF-9460-3FBD42F443A1.jpg?w=600&amp;ssl=1 600w, https:\/\/i0.wp.com\/agrund.com\/wp-content\/uploads\/sites\/6\/2018\/01\/CEFE5EC9-13D7-49FF-9460-3FBD42F443A1.jpg?resize=150%2C150&amp;ssl=1 150w, https:\/\/i0.wp.com\/agrund.com\/wp-content\/uploads\/sites\/6\/2018\/01\/CEFE5EC9-13D7-49FF-9460-3FBD42F443A1.jpg?resize=300%2C300&amp;ssl=1 300w\" sizes=\"(max-width: 600px) 100vw, 600px\" data-recalc-dims=\"1\" \/><p id=\"caption-attachment-177091\" class=\"wp-caption-text\">Os looks do &#8216;Globo de Ouro&#8217;<\/p><\/div>\n<p>&nbsp;<\/p>\n<p>&#8211; Um ombro-s\u00f3 tamb\u00e9m marcou presen\u00e7a nesse tapete vermelho. Naomi Campbell de Jean Paul Gaultier; Alexis Bledel; e Greta Gerwig de Oscar de la Renta.<\/p>\n<div id=\"attachment_177087\" style=\"width: 610px\" class=\"wp-caption aligncenter\"><img aria-describedby=\"caption-attachment-177087\" data-attachment-id=\"177087\" data-permalink=\"https:\/\/agrund.com\/index.php\/os-looks-do-globo-de-ouro-2\/2f2c77a7-c1bd-40f9-a2a4-3a14aacfcb76\/\" data-orig-file=\"https:\/\/i0.wp.com\/agrund.com\/wp-content\/uploads\/sites\/6\/2018\/01\/2F2C77A7-C1BD-40F9-A2A4-3A14AACFCB76.jpg?fit=600%2C600&amp;ssl=1\" data-orig-size=\"600,600\" data-comments-opened=\"1\" data-image-meta=\"{&quot;aperture&quot;:&quot;0&quot;,&quot;credit&quot;:&quot;&quot;,&quot;camera&quot;:&quot;&quot;,&quot;caption&quot;:&quot;&quot;,&quot;created_timestamp&quot;:&quot;0&quot;,&quot;copyright&quot;:&quot;&quot;,&quot;focal_length&quot;:&quot;0&quot;,&quot;iso&quot;:&quot;0&quot;,&quot;shutter_speed&quot;:&quot;0&quot;,&quot;title&quot;:&quot;&quot;,&quot;orientation&quot;:&quot;1&quot;}\" data-image-title=\"Os looks do &#8216;Globo de Ouro&#8217;\" data-image-description=\"\" data-image-caption=\"&lt;p&gt;Os looks do &#8216;Globo de Ouro&#8217;&lt;\/p&gt;\n\" data-medium-file=\"https:\/\/i0.wp.com\/agrund.com\/wp-content\/uploads\/sites\/6\/2018\/01\/2F2C77A7-C1BD-40F9-A2A4-3A14AACFCB76.jpg?fit=300%2C300&amp;ssl=1\" data-large-file=\"https:\/\/i0.wp.com\/agrund.com\/wp-content\/uploads\/sites\/6\/2018\/01\/2F2C77A7-C1BD-40F9-A2A4-3A14AACFCB76.jpg?fit=600%2C600&amp;ssl=1\" decoding=\"async\" loading=\"lazy\" class=\"size-full wp-image-177087\" src=\"https:\/\/i0.wp.com\/www.agrund.com\/wp-content\/uploads\/sites\/6\/2018\/01\/2F2C77A7-C1BD-40F9-A2A4-3A14AACFCB76.jpg?resize=600%2C600\" alt=\"\" width=\"600\" height=\"600\" srcset=\"https:\/\/i0.wp.com\/agrund.com\/wp-content\/uploads\/sites\/6\/2018\/01\/2F2C77A7-C1BD-40F9-A2A4-3A14AACFCB76.jpg?w=600&amp;ssl=1 600w, https:\/\/i0.wp.com\/agrund.com\/wp-content\/uploads\/sites\/6\/2018\/01\/2F2C77A7-C1BD-40F9-A2A4-3A14AACFCB76.jpg?resize=150%2C150&amp;ssl=1 150w, https:\/\/i0.wp.com\/agrund.com\/wp-content\/uploads\/sites\/6\/2018\/01\/2F2C77A7-C1BD-40F9-A2A4-3A14AACFCB76.jpg?resize=300%2C300&amp;ssl=1 300w\" sizes=\"(max-width: 600px) 100vw, 600px\" data-recalc-dims=\"1\" \/><p id=\"caption-attachment-177087\" class=\"wp-caption-text\">Os looks do &#8216;Globo de Ouro&#8217;<\/p><\/div>\n<p>&nbsp;<\/p>\n<p>&#8211; Pernas \u00e0 mostra! Eva Longoria super gr\u00e1vida de Genny; Issa Rae de Prabal Gurung; e Poppy Jamie de Saint Laurent.<\/p>\n<div id=\"attachment_177093\" style=\"width: 610px\" class=\"wp-caption aligncenter\"><img aria-describedby=\"caption-attachment-177093\" data-attachment-id=\"177093\" data-permalink=\"https:\/\/agrund.com\/index.php\/os-looks-do-globo-de-ouro-2\/e418f537-d778-415c-92e9-33d69dcd214f\/\" data-orig-file=\"https:\/\/i0.wp.com\/agrund.com\/wp-content\/uploads\/sites\/6\/2018\/01\/E418F537-D778-415C-92E9-33D69DCD214F.jpg?fit=600%2C600&amp;ssl=1\" data-orig-size=\"600,600\" data-comments-opened=\"1\" data-image-meta=\"{&quot;aperture&quot;:&quot;0&quot;,&quot;credit&quot;:&quot;&quot;,&quot;camera&quot;:&quot;&quot;,&quot;caption&quot;:&quot;&quot;,&quot;created_timestamp&quot;:&quot;0&quot;,&quot;copyright&quot;:&quot;&quot;,&quot;focal_length&quot;:&quot;0&quot;,&quot;iso&quot;:&quot;0&quot;,&quot;shutter_speed&quot;:&quot;0&quot;,&quot;title&quot;:&quot;&quot;,&quot;orientation&quot;:&quot;1&quot;}\" data-image-title=\"Os looks do &#8216;Globo de Ouro&#8217;\" data-image-description=\"\" data-image-caption=\"&lt;p&gt;Os looks do &#8216;Globo de Ouro&#8217;&lt;\/p&gt;\n\" data-medium-file=\"https:\/\/i0.wp.com\/agrund.com\/wp-content\/uploads\/sites\/6\/2018\/01\/E418F537-D778-415C-92E9-33D69DCD214F.jpg?fit=300%2C300&amp;ssl=1\" data-large-file=\"https:\/\/i0.wp.com\/agrund.com\/wp-content\/uploads\/sites\/6\/2018\/01\/E418F537-D778-415C-92E9-33D69DCD214F.jpg?fit=600%2C600&amp;ssl=1\" decoding=\"async\" loading=\"lazy\" class=\"size-full wp-image-177093\" src=\"https:\/\/i0.wp.com\/www.agrund.com\/wp-content\/uploads\/sites\/6\/2018\/01\/E418F537-D778-415C-92E9-33D69DCD214F.jpg?resize=600%2C600\" alt=\"\" width=\"600\" height=\"600\" srcset=\"https:\/\/i0.wp.com\/agrund.com\/wp-content\/uploads\/sites\/6\/2018\/01\/E418F537-D778-415C-92E9-33D69DCD214F.jpg?w=600&amp;ssl=1 600w, https:\/\/i0.wp.com\/agrund.com\/wp-content\/uploads\/sites\/6\/2018\/01\/E418F537-D778-415C-92E9-33D69DCD214F.jpg?resize=150%2C150&amp;ssl=1 150w, https:\/\/i0.wp.com\/agrund.com\/wp-content\/uploads\/sites\/6\/2018\/01\/E418F537-D778-415C-92E9-33D69DCD214F.jpg?resize=300%2C300&amp;ssl=1 300w\" sizes=\"(max-width: 600px) 100vw, 600px\" data-recalc-dims=\"1\" \/><p id=\"caption-attachment-177093\" class=\"wp-caption-text\">Os looks do &#8216;Globo de Ouro&#8217;<\/p><\/div>\n<p>&nbsp;<\/p>\n<p>&#8211; Mais um pouco de beleza que passou pelo tapete vermelho. Comprimento midi e modelagem sereia. Jessica Chastain de Giorgio Armani; Octavia Spencer de Tadashi Shoji; e Mariah Carey de Dolce &amp; Gabbana.<\/p>\n<div id=\"attachment_177092\" style=\"width: 610px\" class=\"wp-caption aligncenter\"><img aria-describedby=\"caption-attachment-177092\" data-attachment-id=\"177092\" data-permalink=\"https:\/\/agrund.com\/index.php\/os-looks-do-globo-de-ouro-2\/dfab02ef-9e9b-4b74-85e6-dd9876343a27\/\" data-orig-file=\"https:\/\/i0.wp.com\/agrund.com\/wp-content\/uploads\/sites\/6\/2018\/01\/DFAB02EF-9E9B-4B74-85E6-DD9876343A27.jpg?fit=600%2C600&amp;ssl=1\" data-orig-size=\"600,600\" data-comments-opened=\"1\" data-image-meta=\"{&quot;aperture&quot;:&quot;0&quot;,&quot;credit&quot;:&quot;&quot;,&quot;camera&quot;:&quot;&quot;,&quot;caption&quot;:&quot;&quot;,&quot;created_timestamp&quot;:&quot;0&quot;,&quot;copyright&quot;:&quot;&quot;,&quot;focal_length&quot;:&quot;0&quot;,&quot;iso&quot;:&quot;0&quot;,&quot;shutter_speed&quot;:&quot;0&quot;,&quot;title&quot;:&quot;&quot;,&quot;orientation&quot;:&quot;1&quot;}\" data-image-title=\"Os looks do &#8216;Globo de Ouro&#8217;\" data-image-description=\"\" data-image-caption=\"&lt;p&gt;Os looks do &#8216;Globo de Ouro&#8217;&lt;\/p&gt;\n\" data-medium-file=\"https:\/\/i0.wp.com\/agrund.com\/wp-content\/uploads\/sites\/6\/2018\/01\/DFAB02EF-9E9B-4B74-85E6-DD9876343A27.jpg?fit=300%2C300&amp;ssl=1\" data-large-file=\"https:\/\/i0.wp.com\/agrund.com\/wp-content\/uploads\/sites\/6\/2018\/01\/DFAB02EF-9E9B-4B74-85E6-DD9876343A27.jpg?fit=600%2C600&amp;ssl=1\" decoding=\"async\" loading=\"lazy\" class=\"size-full wp-image-177092\" src=\"https:\/\/i0.wp.com\/www.agrund.com\/wp-content\/uploads\/sites\/6\/2018\/01\/DFAB02EF-9E9B-4B74-85E6-DD9876343A27.jpg?resize=600%2C600\" alt=\"\" width=\"600\" height=\"600\" srcset=\"https:\/\/i0.wp.com\/agrund.com\/wp-content\/uploads\/sites\/6\/2018\/01\/DFAB02EF-9E9B-4B74-85E6-DD9876343A27.jpg?w=600&amp;ssl=1 600w, https:\/\/i0.wp.com\/agrund.com\/wp-content\/uploads\/sites\/6\/2018\/01\/DFAB02EF-9E9B-4B74-85E6-DD9876343A27.jpg?resize=150%2C150&amp;ssl=1 150w, https:\/\/i0.wp.com\/agrund.com\/wp-content\/uploads\/sites\/6\/2018\/01\/DFAB02EF-9E9B-4B74-85E6-DD9876343A27.jpg?resize=300%2C300&amp;ssl=1 300w\" sizes=\"(max-width: 600px) 100vw, 600px\" data-recalc-dims=\"1\" \/><p id=\"caption-attachment-177092\" class=\"wp-caption-text\">Os looks do &#8216;Globo de Ouro&#8217;<\/p><\/div>\n<p>&nbsp;<\/p>\n<p>&#8211; Lindas, sexy e abusando das transpar\u00eancias. Catherine Zeta-Jones de Zuhair Murad; Allison Janney de Mario Dice; e Diane Kruger de Prada.<\/p>\n<div id=\"attachment_177088\" style=\"width: 610px\" class=\"wp-caption aligncenter\"><img aria-describedby=\"caption-attachment-177088\" data-attachment-id=\"177088\" data-permalink=\"https:\/\/agrund.com\/index.php\/os-looks-do-globo-de-ouro-2\/44f86984-ef66-49a1-9021-16d5619e9fa5\/\" data-orig-file=\"https:\/\/i0.wp.com\/agrund.com\/wp-content\/uploads\/sites\/6\/2018\/01\/44F86984-EF66-49A1-9021-16D5619E9FA5.jpg?fit=600%2C600&amp;ssl=1\" data-orig-size=\"600,600\" data-comments-opened=\"1\" data-image-meta=\"{&quot;aperture&quot;:&quot;0&quot;,&quot;credit&quot;:&quot;&quot;,&quot;camera&quot;:&quot;&quot;,&quot;caption&quot;:&quot;&quot;,&quot;created_timestamp&quot;:&quot;0&quot;,&quot;copyright&quot;:&quot;&quot;,&quot;focal_length&quot;:&quot;0&quot;,&quot;iso&quot;:&quot;0&quot;,&quot;shutter_speed&quot;:&quot;0&quot;,&quot;title&quot;:&quot;&quot;,&quot;orientation&quot;:&quot;1&quot;}\" data-image-title=\"Os looks do &#8216;Globo de Ouro&#8217;\" data-image-description=\"\" data-image-caption=\"&lt;p&gt;Os looks do &#8216;Globo de Ouro&#8217;&lt;\/p&gt;\n\" data-medium-file=\"https:\/\/i0.wp.com\/agrund.com\/wp-content\/uploads\/sites\/6\/2018\/01\/44F86984-EF66-49A1-9021-16D5619E9FA5.jpg?fit=300%2C300&amp;ssl=1\" data-large-file=\"https:\/\/i0.wp.com\/agrund.com\/wp-content\/uploads\/sites\/6\/2018\/01\/44F86984-EF66-49A1-9021-16D5619E9FA5.jpg?fit=600%2C600&amp;ssl=1\" decoding=\"async\" loading=\"lazy\" class=\"size-full wp-image-177088\" src=\"https:\/\/i0.wp.com\/www.agrund.com\/wp-content\/uploads\/sites\/6\/2018\/01\/44F86984-EF66-49A1-9021-16D5619E9FA5.jpg?resize=600%2C600\" alt=\"\" width=\"600\" height=\"600\" srcset=\"https:\/\/i0.wp.com\/agrund.com\/wp-content\/uploads\/sites\/6\/2018\/01\/44F86984-EF66-49A1-9021-16D5619E9FA5.jpg?w=600&amp;ssl=1 600w, https:\/\/i0.wp.com\/agrund.com\/wp-content\/uploads\/sites\/6\/2018\/01\/44F86984-EF66-49A1-9021-16D5619E9FA5.jpg?resize=150%2C150&amp;ssl=1 150w, https:\/\/i0.wp.com\/agrund.com\/wp-content\/uploads\/sites\/6\/2018\/01\/44F86984-EF66-49A1-9021-16D5619E9FA5.jpg?resize=300%2C300&amp;ssl=1 300w\" sizes=\"(max-width: 600px) 100vw, 600px\" data-recalc-dims=\"1\" \/><p id=\"caption-attachment-177088\" class=\"wp-caption-text\">Os looks do &#8216;Globo de Ouro&#8217;<\/p><\/div>\n<p>&nbsp;<\/p>\n<p>&#8211; E agora o meu TOP 3 favoritos desse \u2018Globo de Ouro\u2019. Sharon Stone com seu vestido assinado pelo brasileiro Vitor Zerbinato. Nicole Kidman chiqu\u00e9rrima de Givenchy. Angelina Jolie brilhando com transpar\u00eancia e plumas da Versace.<\/p>\n<div id=\"attachment_177094\" style=\"width: 610px\" class=\"wp-caption aligncenter\"><img aria-describedby=\"caption-attachment-177094\" data-attachment-id=\"177094\" data-permalink=\"https:\/\/agrund.com\/index.php\/os-looks-do-globo-de-ouro-2\/a-229\/\" data-orig-file=\"https:\/\/i0.wp.com\/agrund.com\/wp-content\/uploads\/sites\/6\/2018\/01\/a.jpg?fit=600%2C412&amp;ssl=1\" data-orig-size=\"600,412\" data-comments-opened=\"1\" data-image-meta=\"{&quot;aperture&quot;:&quot;0&quot;,&quot;credit&quot;:&quot;&quot;,&quot;camera&quot;:&quot;&quot;,&quot;caption&quot;:&quot;&quot;,&quot;created_timestamp&quot;:&quot;0&quot;,&quot;copyright&quot;:&quot;&quot;,&quot;focal_length&quot;:&quot;0&quot;,&quot;iso&quot;:&quot;0&quot;,&quot;shutter_speed&quot;:&quot;0&quot;,&quot;title&quot;:&quot;&quot;,&quot;orientation&quot;:&quot;1&quot;}\" data-image-title=\"Os looks do &#8216;Globo de Ouro&#8217;\" data-image-description=\"\" data-image-caption=\"&lt;p&gt;Os looks do &#8216;Globo de Ouro&#8217;&lt;\/p&gt;\n\" data-medium-file=\"https:\/\/i0.wp.com\/agrund.com\/wp-content\/uploads\/sites\/6\/2018\/01\/a.jpg?fit=300%2C206&amp;ssl=1\" data-large-file=\"https:\/\/i0.wp.com\/agrund.com\/wp-content\/uploads\/sites\/6\/2018\/01\/a.jpg?fit=600%2C412&amp;ssl=1\" decoding=\"async\" loading=\"lazy\" class=\"size-full wp-image-177094\" src=\"https:\/\/i0.wp.com\/www.agrund.com\/wp-content\/uploads\/sites\/6\/2018\/01\/a.jpg?resize=600%2C412\" alt=\"\" width=\"600\" height=\"412\" srcset=\"https:\/\/i0.wp.com\/agrund.com\/wp-content\/uploads\/sites\/6\/2018\/01\/a.jpg?w=600&amp;ssl=1 600w, https:\/\/i0.wp.com\/agrund.com\/wp-content\/uploads\/sites\/6\/2018\/01\/a.jpg?resize=300%2C206&amp;ssl=1 300w\" sizes=\"(max-width: 600px) 100vw, 600px\" data-recalc-dims=\"1\" \/><p id=\"caption-attachment-177094\" class=\"wp-caption-text\">Os looks do &#8216;Globo de Ouro&#8217;<\/p><\/div>\n","protected":false},"excerpt":{"rendered":"<p>Por Arlindo Grund Depois de mostrar AQUI os melhores looks masculinos do \u2018Globo de Ouro\u2019, chegou a vez de falar das mulheres. Elas brilharam no tapete vermelho do evento, mesmo utilizando uma \u00fanica cor: preto. A escolha da cor n\u00e3o foi aleat\u00f3ria, mas sim, como uma forma de protesto contra o ass\u00e9dio sexual da ind\u00fastria [&hellip;]<\/p>\n","protected":false},"author":8,"featured_media":177085,"comment_status":"open","ping_status":"open","sticky":false,"template":"","format":"standard","meta":{"jetpack_post_was_ever_published":false,"_jetpack_newsletter_access":"","jetpack_publicize_message":"","jetpack_is_tweetstorm":false,"jetpack_publicize_feature_enabled":true,"jetpack_social_post_already_shared":true,"jetpack_social_options":{"image_generator_settings":{"template":"highway","enabled":false}}},"categories":[2],"tags":[],"jetpack_publicize_connections":[],"jetpack_featured_media_url":"https:\/\/i0.wp.com\/agrund.com\/wp-content\/uploads\/sites\/6\/2018\/01\/ss-1.jpg?fit=960%2C300&ssl=1","jetpack_sharing_enabled":true,"jetpack_shortlink":"https:\/\/wp.me\/p3Hz0n-K4c","jetpack_likes_enabled":true,"_links":{"self":[{"href":"https:\/\/agrund.com\/index.php\/wp-json\/wp\/v2\/posts\/177084"}],"collection":[{"href":"https:\/\/agrund.com\/index.php\/wp-json\/wp\/v2\/posts"}],"about":[{"href":"https:\/\/agrund.com\/index.php\/wp-json\/wp\/v2\/types\/post"}],"author":[{"embeddable":true,"href":"https:\/\/agrund.com\/index.php\/wp-json\/wp\/v2\/users\/8"}],"replies":[{"embeddable":true,"href":"https:\/\/agrund.com\/index.php\/wp-json\/wp\/v2\/comments?post=177084"}],"version-history":[{"count":0,"href":"https:\/\/agrund.com\/index.php\/wp-json\/wp\/v2\/posts\/177084\/revisions"}],"wp:featuredmedia":[{"embeddable":true,"href":"https:\/\/agrund.com\/index.php\/wp-json\/wp\/v2\/media\/177085"}],"wp:attachment":[{"href":"https:\/\/agrund.com\/index.php\/wp-json\/wp\/v2\/media?parent=177084"}],"wp:term":[{"taxonomy":"category","embeddable":true,"href":"https:\/\/agrund.com\/index.php\/wp-json\/wp\/v2\/categories?post=177084"},{"taxonomy":"post_tag","embeddable":true,"href":"https:\/\/agrund.com\/index.php\/wp-json\/wp\/v2\/tags?post=177084"}],"curies":[{"name":"wp","href":"https:\/\/api.w.org\/{rel}","templated":true}]}}