{"id":177066,"date":"2018-01-08T17:00:01","date_gmt":"2018-01-08T19:00:01","guid":{"rendered":"http:\/\/www.agrund.com\/?p=177066"},"modified":"2018-01-08T17:35:51","modified_gmt":"2018-01-08T19:35:51","slug":"filhos-de-cindy-crawford-estrelam-campanha-juntos","status":"publish","type":"post","link":"https:\/\/agrund.com\/index.php\/filhos-de-cindy-crawford-estrelam-campanha-juntos\/","title":{"rendered":"Filhos de Cindy Crawford estrelam campanha juntos"},"content":{"rendered":"<p>J\u00e1 sabemos que Kaia Gerber est\u00e1 seguindo os passos de sua m\u00e3e, Cindy Crawford, no mundo da moda. Mas agora, ela e o irm\u00e3o, Presley Gerber, posaram juntos para uma campanha.<\/p>\n<p>A Calvin Klein Jeans os convocou para estrelar as novas fotos da campanha \u2018Nossa Fam\u00edlia\u2019 #MyCalvins, que j\u00e1 teve a participa\u00e7\u00e3o de Solange Knowles (reveja <a href=\"http:\/\/www.agrund.com\/solange-knowles-estrela-campanha-da-calvin-klein\/\">AQUI<\/a>) e outros artistas.<\/p>\n<p>E a\u00ed, os irm\u00e3os arrasaram juntos? A fotografia \u00e9 de Willy Vanderperre e voc\u00ea confere na galeria abaixo:<\/p>\n<div id=\"attachment_177068\" style=\"width: 610px\" class=\"wp-caption aligncenter\"><img aria-describedby=\"caption-attachment-177068\" data-attachment-id=\"177068\" data-permalink=\"https:\/\/agrund.com\/index.php\/filhos-de-cindy-crawford-estrelam-campanha-juntos\/calvin-klein-jeans-mycalvins-s18-ad-campaign-01-kaiapresley-gerber_ph_willy-vanderperre\/\" data-orig-file=\"https:\/\/i0.wp.com\/agrund.com\/wp-content\/uploads\/sites\/6\/2018\/01\/calvin-klein-jeans-mycalvins-s18-ad-campaign-01-kaiapresley-gerber_ph_willy-vanderperre-e1515440002560.jpg?fit=600%2C863&amp;ssl=1\" data-orig-size=\"600,863\" data-comments-opened=\"1\" data-image-meta=\"{&quot;aperture&quot;:&quot;0&quot;,&quot;credit&quot;:&quot;&quot;,&quot;camera&quot;:&quot;&quot;,&quot;caption&quot;:&quot;&quot;,&quot;created_timestamp&quot;:&quot;0&quot;,&quot;copyright&quot;:&quot;&quot;,&quot;focal_length&quot;:&quot;0&quot;,&quot;iso&quot;:&quot;0&quot;,&quot;shutter_speed&quot;:&quot;0&quot;,&quot;title&quot;:&quot;&quot;,&quot;orientation&quot;:&quot;0&quot;}\" data-image-title=\"Filhos de Cindy Crawford estrelam campanha juntos\" data-image-description=\"\" data-image-caption=\"&lt;p&gt;Filhos de Cindy Crawford estrelam campanha juntos&lt;\/p&gt;\n\" data-medium-file=\"https:\/\/i0.wp.com\/agrund.com\/wp-content\/uploads\/sites\/6\/2018\/01\/calvin-klein-jeans-mycalvins-s18-ad-campaign-01-kaiapresley-gerber_ph_willy-vanderperre-e1515440002560.jpg?fit=209%2C300&amp;ssl=1\" data-large-file=\"https:\/\/i0.wp.com\/agrund.com\/wp-content\/uploads\/sites\/6\/2018\/01\/calvin-klein-jeans-mycalvins-s18-ad-campaign-01-kaiapresley-gerber_ph_willy-vanderperre-e1515440002560.jpg?fit=600%2C863&amp;ssl=1\" decoding=\"async\" loading=\"lazy\" class=\"size-full wp-image-177068\" src=\"https:\/\/i0.wp.com\/www.agrund.com\/wp-content\/uploads\/sites\/6\/2018\/01\/calvin-klein-jeans-mycalvins-s18-ad-campaign-01-kaiapresley-gerber_ph_willy-vanderperre-e1515440002560.jpg?resize=600%2C863\" alt=\"\" width=\"600\" height=\"863\" data-recalc-dims=\"1\" \/><p id=\"caption-attachment-177068\" class=\"wp-caption-text\">Filhos de Cindy Crawford estrelam campanha juntos<\/p><\/div>\n<div id=\"attachment_177069\" style=\"width: 610px\" class=\"wp-caption aligncenter\"><img aria-describedby=\"caption-attachment-177069\" data-attachment-id=\"177069\" data-permalink=\"https:\/\/agrund.com\/index.php\/filhos-de-cindy-crawford-estrelam-campanha-juntos\/calvin-klein-jeans-spring-2018-campaign03\/\" data-orig-file=\"https:\/\/i0.wp.com\/agrund.com\/wp-content\/uploads\/sites\/6\/2018\/01\/Calvin-Klein-Jeans-Spring-2018-Campaign03-e1515440020122.jpg?fit=600%2C840&amp;ssl=1\" data-orig-size=\"600,840\" data-comments-opened=\"1\" data-image-meta=\"{&quot;aperture&quot;:&quot;0&quot;,&quot;credit&quot;:&quot;&quot;,&quot;camera&quot;:&quot;&quot;,&quot;caption&quot;:&quot;&quot;,&quot;created_timestamp&quot;:&quot;0&quot;,&quot;copyright&quot;:&quot;&quot;,&quot;focal_length&quot;:&quot;0&quot;,&quot;iso&quot;:&quot;0&quot;,&quot;shutter_speed&quot;:&quot;0&quot;,&quot;title&quot;:&quot;&quot;,&quot;orientation&quot;:&quot;1&quot;}\" data-image-title=\"Filhos de Cindy Crawford estrelam campanha juntos\" data-image-description=\"\" data-image-caption=\"&lt;p&gt;Filhos de Cindy Crawford estrelam campanha juntos&lt;\/p&gt;\n\" data-medium-file=\"https:\/\/i0.wp.com\/agrund.com\/wp-content\/uploads\/sites\/6\/2018\/01\/Calvin-Klein-Jeans-Spring-2018-Campaign03-e1515440020122.jpg?fit=214%2C300&amp;ssl=1\" data-large-file=\"https:\/\/i0.wp.com\/agrund.com\/wp-content\/uploads\/sites\/6\/2018\/01\/Calvin-Klein-Jeans-Spring-2018-Campaign03-e1515440020122.jpg?fit=731%2C1024&amp;ssl=1\" decoding=\"async\" loading=\"lazy\" class=\"size-full wp-image-177069\" src=\"https:\/\/i0.wp.com\/www.agrund.com\/wp-content\/uploads\/sites\/6\/2018\/01\/Calvin-Klein-Jeans-Spring-2018-Campaign03-e1515440020122.jpg?resize=600%2C840\" alt=\"\" width=\"600\" height=\"840\" data-recalc-dims=\"1\" \/><p id=\"caption-attachment-177069\" class=\"wp-caption-text\">Filhos de Cindy Crawford estrelam campanha juntos<\/p><\/div>\n<div id=\"attachment_177070\" style=\"width: 610px\" class=\"wp-caption aligncenter\"><img aria-describedby=\"caption-attachment-177070\" data-attachment-id=\"177070\" data-permalink=\"https:\/\/agrund.com\/index.php\/filhos-de-cindy-crawford-estrelam-campanha-juntos\/kaia-gerber-calvin-klein-jeans-spring-2018-campaign02\/\" data-orig-file=\"https:\/\/i0.wp.com\/agrund.com\/wp-content\/uploads\/sites\/6\/2018\/01\/Kaia-Gerber-Calvin-Klein-Jeans-Spring-2018-Campaign02-e1515440035639.jpg?fit=600%2C840&amp;ssl=1\" data-orig-size=\"600,840\" data-comments-opened=\"1\" data-image-meta=\"{&quot;aperture&quot;:&quot;0&quot;,&quot;credit&quot;:&quot;&quot;,&quot;camera&quot;:&quot;&quot;,&quot;caption&quot;:&quot;&quot;,&quot;created_timestamp&quot;:&quot;0&quot;,&quot;copyright&quot;:&quot;&quot;,&quot;focal_length&quot;:&quot;0&quot;,&quot;iso&quot;:&quot;0&quot;,&quot;shutter_speed&quot;:&quot;0&quot;,&quot;title&quot;:&quot;&quot;,&quot;orientation&quot;:&quot;1&quot;}\" data-image-title=\"Filhos de Cindy Crawford estrelam campanha juntos\" data-image-description=\"\" data-image-caption=\"&lt;p&gt;Filhos de Cindy Crawford estrelam campanha juntos&lt;\/p&gt;\n\" data-medium-file=\"https:\/\/i0.wp.com\/agrund.com\/wp-content\/uploads\/sites\/6\/2018\/01\/Kaia-Gerber-Calvin-Klein-Jeans-Spring-2018-Campaign02-e1515440035639.jpg?fit=214%2C300&amp;ssl=1\" data-large-file=\"https:\/\/i0.wp.com\/agrund.com\/wp-content\/uploads\/sites\/6\/2018\/01\/Kaia-Gerber-Calvin-Klein-Jeans-Spring-2018-Campaign02-e1515440035639.jpg?fit=731%2C1024&amp;ssl=1\" decoding=\"async\" loading=\"lazy\" class=\"size-full wp-image-177070\" src=\"https:\/\/i0.wp.com\/www.agrund.com\/wp-content\/uploads\/sites\/6\/2018\/01\/Kaia-Gerber-Calvin-Klein-Jeans-Spring-2018-Campaign02-e1515440035639.jpg?resize=600%2C840\" alt=\"\" width=\"600\" height=\"840\" data-recalc-dims=\"1\" \/><p id=\"caption-attachment-177070\" class=\"wp-caption-text\">Filhos de Cindy Crawford estrelam campanha juntos<\/p><\/div>\n<p>Fotos: Reprodu\u00e7\u00e3o.<\/p>\n","protected":false},"excerpt":{"rendered":"<p>J\u00e1 sabemos que Kaia Gerber est\u00e1 seguindo os passos de sua m\u00e3e, Cindy Crawford, no mundo da moda. Mas agora, ela e o irm\u00e3o, Presley Gerber, posaram juntos para uma campanha. A Calvin Klein Jeans os convocou para estrelar as novas fotos da campanha \u2018Nossa Fam\u00edlia\u2019 #MyCalvins, que j\u00e1 teve a participa\u00e7\u00e3o de Solange Knowles [&hellip;]<\/p>\n","protected":false},"author":8,"featured_media":177071,"comment_status":"open","ping_status":"open","sticky":false,"template":"","format":"standard","meta":{"jetpack_post_was_ever_published":false,"_jetpack_newsletter_access":"","jetpack_publicize_message":"","jetpack_is_tweetstorm":false,"jetpack_publicize_feature_enabled":true,"jetpack_social_post_already_shared":true,"jetpack_social_options":{"image_generator_settings":{"template":"highway","enabled":false}}},"categories":[2],"tags":[],"jetpack_publicize_connections":[],"jetpack_featured_media_url":"https:\/\/i0.wp.com\/agrund.com\/wp-content\/uploads\/sites\/6\/2018\/01\/s-2.jpg?fit=960%2C300&ssl=1","jetpack_sharing_enabled":true,"jetpack_shortlink":"https:\/\/wp.me\/p3Hz0n-K3U","jetpack_likes_enabled":true,"_links":{"self":[{"href":"https:\/\/agrund.com\/index.php\/wp-json\/wp\/v2\/posts\/177066"}],"collection":[{"href":"https:\/\/agrund.com\/index.php\/wp-json\/wp\/v2\/posts"}],"about":[{"href":"https:\/\/agrund.com\/index.php\/wp-json\/wp\/v2\/types\/post"}],"author":[{"embeddable":true,"href":"https:\/\/agrund.com\/index.php\/wp-json\/wp\/v2\/users\/8"}],"replies":[{"embeddable":true,"href":"https:\/\/agrund.com\/index.php\/wp-json\/wp\/v2\/comments?post=177066"}],"version-history":[{"count":0,"href":"https:\/\/agrund.com\/index.php\/wp-json\/wp\/v2\/posts\/177066\/revisions"}],"wp:featuredmedia":[{"embeddable":true,"href":"https:\/\/agrund.com\/index.php\/wp-json\/wp\/v2\/media\/177071"}],"wp:attachment":[{"href":"https:\/\/agrund.com\/index.php\/wp-json\/wp\/v2\/media?parent=177066"}],"wp:term":[{"taxonomy":"category","embeddable":true,"href":"https:\/\/agrund.com\/index.php\/wp-json\/wp\/v2\/categories?post=177066"},{"taxonomy":"post_tag","embeddable":true,"href":"https:\/\/agrund.com\/index.php\/wp-json\/wp\/v2\/tags?post=177066"}],"curies":[{"name":"wp","href":"https:\/\/api.w.org\/{rel}","templated":true}]}}