{"id":177017,"date":"2017-12-22T18:00:54","date_gmt":"2017-12-22T20:00:54","guid":{"rendered":"http:\/\/www.agrund.com\/?p=177017"},"modified":"2017-12-22T18:19:17","modified_gmt":"2017-12-22T20:19:17","slug":"anitta-pablo-bruna-e-marina-quatro-lacres-fashion-de-2017","status":"publish","type":"post","link":"https:\/\/agrund.com\/index.php\/anitta-pablo-bruna-e-marina-quatro-lacres-fashion-de-2017\/","title":{"rendered":"Anitta, Pablo, Bruna e Marina: Quatro lacres fashion de 2017"},"content":{"rendered":"<p>Por Ros\u00e2ngela Espinossi<\/p>\n<p>O ano de 2017 foi marcado por v\u00e1rios fatos fashion \u2013 ou de quebras de paradigmas \u2013 que vamos levar como heran\u00e7a para 2018, ano de Copa de Mundo e de elei\u00e7\u00f5es presidenciais. Anitta jogou preconceitos para o alto ao lan\u00e7ar clipes sensuais, que viraram sucesso mundo afora. No \u00faltimo, \u201cVai Malandra\u201d, a cantora de 24 anos abre a cena com shorts min\u00fasculos e celulite \u00e0 mostra.<\/p>\n<p>Teve tamb\u00e9m o casamento de Marina Ruy Barbosa e seus quatro vestidos de noiva; Bruna Marquezine subvertendo conceitos fashion e usando sand\u00e1lia com meia, pochete, jaqueta de couro em casamento. O fen\u00f4meno Pabllo Vittar \u00e9 outro lacre. A cantora mostra bem na \u201csua cara\u201d que talento independe da op\u00e7\u00e3o sexual e de como se veste. Confira esses quatro lacres fashion de 2017:<\/p>\n<p><strong>Anitta: celulite \u00e0 vista e mais<\/strong><\/p>\n<p>A m\u00fasica de Anitta gera discuss\u00f5es. Nem todos gostam de seu estilo de letra e de como se apresenta. Mas ningu\u00e9m pode negar que essa garota de 24 anos chegou para romper os padr\u00f5es pr\u00e9-estabelecidos n\u00e3o s\u00f3 se falando em g\u00eanero musical.<\/p>\n<p>Nesta semana, deu mais um tapa na cara da sociedade ao apresentar seu clipe \u201cVai Malandra\u201d, em que volta \u00e0s suas origens: o funk. O v\u00eddeo abre com um close da bunda da cantora, com shorts m\u00ednimos e sem tratamento, deixando \u00e0 mostra a pele com celulite; \u201cMe entregaram limpinho e eu falei que queria sujinho mesmo\u201d, contou a cantora no programa ao vivo do Youtube, minutos antes do v\u00eddeo ir para o ar. Sim, uma forma de terminar o ano rebolando na cara da sociedade. Mas n\u00e3o s\u00f3 isso: Anitta coloca para dan\u00e7ar em seus shows e clipes pessoas fora do padr\u00e3o: gordas, portadoras de s\u00edndrome de down, mais velhos. Diversidade de verdade e n\u00e3o s\u00f3 no discurso.<\/p>\n<div id=\"attachment_177019\" style=\"width: 610px\" class=\"wp-caption aligncenter\"><img aria-describedby=\"caption-attachment-177019\" data-attachment-id=\"177019\" data-permalink=\"https:\/\/agrund.com\/index.php\/anitta-pablo-bruna-e-marina-quatro-lacres-fashion-de-2017\/anitta_retroscpectiva_2017\/\" data-orig-file=\"https:\/\/i0.wp.com\/agrund.com\/wp-content\/uploads\/sites\/6\/2017\/12\/anitta_retroscpectiva_2017-e1513973321363.jpg?fit=600%2C486&amp;ssl=1\" data-orig-size=\"600,486\" data-comments-opened=\"1\" data-image-meta=\"{&quot;aperture&quot;:&quot;0&quot;,&quot;credit&quot;:&quot;&quot;,&quot;camera&quot;:&quot;&quot;,&quot;caption&quot;:&quot;&quot;,&quot;created_timestamp&quot;:&quot;0&quot;,&quot;copyright&quot;:&quot;&quot;,&quot;focal_length&quot;:&quot;0&quot;,&quot;iso&quot;:&quot;0&quot;,&quot;shutter_speed&quot;:&quot;0&quot;,&quot;title&quot;:&quot;&quot;,&quot;orientation&quot;:&quot;0&quot;}\" data-image-title=\"Anitta, Pablo, Bruna e Marina: Quatro lacres fashion de 2017\" data-image-description=\"\" data-image-caption=\"&lt;p&gt;Anitta, Pablo, Bruna e Marina: Quatro lacres fashion de 2017 &lt;\/p&gt;\n\" data-medium-file=\"https:\/\/i0.wp.com\/agrund.com\/wp-content\/uploads\/sites\/6\/2017\/12\/anitta_retroscpectiva_2017-e1513973321363.jpg?fit=300%2C243&amp;ssl=1\" data-large-file=\"https:\/\/i0.wp.com\/agrund.com\/wp-content\/uploads\/sites\/6\/2017\/12\/anitta_retroscpectiva_2017-e1513973321363.jpg?fit=600%2C486&amp;ssl=1\" decoding=\"async\" loading=\"lazy\" class=\"size-full wp-image-177019\" src=\"https:\/\/i0.wp.com\/www.agrund.com\/wp-content\/uploads\/sites\/6\/2017\/12\/anitta_retroscpectiva_2017-e1513973321363.jpg?resize=600%2C486\" alt=\"\" width=\"600\" height=\"486\" data-recalc-dims=\"1\" \/><p id=\"caption-attachment-177019\" class=\"wp-caption-text\">Anitta, Pablo, Bruna e Marina: Quatro lacres fashion de 2017<\/p><\/div>\n<p>Neste ano, Anitta lan\u00e7ou m\u00fasicas em ingl\u00eas e em espanhol, como \u201cParadinha\u201d, que correu mundo afora e levou at\u00e9 mesmo o estilista Stefano Gabbana a publicar um post fazendo a coreografia, que quebra o quadril. Ela vai das roupas m\u00ednimas a show e tamb\u00e9m pode apostar em cal\u00e7as esportivas e palet\u00f3s.<\/p>\n<div id=\"attachment_177018\" style=\"width: 610px\" class=\"wp-caption aligncenter\"><img aria-describedby=\"caption-attachment-177018\" data-attachment-id=\"177018\" data-permalink=\"https:\/\/agrund.com\/index.php\/anitta-pablo-bruna-e-marina-quatro-lacres-fashion-de-2017\/anitta_moda_agnews_elas_tapete_vermelho_multishow\/\" data-orig-file=\"https:\/\/i0.wp.com\/agrund.com\/wp-content\/uploads\/sites\/6\/2017\/12\/anitta_moda_agnews_elas_tapete_vermelho_multishow-e1513973355563.jpg?fit=600%2C450&amp;ssl=1\" data-orig-size=\"600,450\" data-comments-opened=\"1\" data-image-meta=\"{&quot;aperture&quot;:&quot;0&quot;,&quot;credit&quot;:&quot;&quot;,&quot;camera&quot;:&quot;&quot;,&quot;caption&quot;:&quot;&quot;,&quot;created_timestamp&quot;:&quot;0&quot;,&quot;copyright&quot;:&quot;&quot;,&quot;focal_length&quot;:&quot;0&quot;,&quot;iso&quot;:&quot;0&quot;,&quot;shutter_speed&quot;:&quot;0&quot;,&quot;title&quot;:&quot;&quot;,&quot;orientation&quot;:&quot;0&quot;}\" data-image-title=\"Anitta, Pablo, Bruna e Marina: Quatro lacres fashion de 2017\" data-image-description=\"\" data-image-caption=\"&lt;p&gt;Anitta, Pablo, Bruna e Marina: Quatro lacres fashion de 2017 &lt;\/p&gt;\n\" data-medium-file=\"https:\/\/i0.wp.com\/agrund.com\/wp-content\/uploads\/sites\/6\/2017\/12\/anitta_moda_agnews_elas_tapete_vermelho_multishow-e1513973355563.jpg?fit=300%2C225&amp;ssl=1\" data-large-file=\"https:\/\/i0.wp.com\/agrund.com\/wp-content\/uploads\/sites\/6\/2017\/12\/anitta_moda_agnews_elas_tapete_vermelho_multishow-e1513973355563.jpg?fit=1024%2C768&amp;ssl=1\" decoding=\"async\" loading=\"lazy\" class=\"size-full wp-image-177018\" src=\"https:\/\/i0.wp.com\/www.agrund.com\/wp-content\/uploads\/sites\/6\/2017\/12\/anitta_moda_agnews_elas_tapete_vermelho_multishow-e1513973355563.jpg?resize=600%2C450\" alt=\"\" width=\"600\" height=\"450\" data-recalc-dims=\"1\" \/><p id=\"caption-attachment-177018\" class=\"wp-caption-text\">Anitta, Pablo, Bruna e Marina: Quatro lacres fashion de 2017<\/p><\/div>\n<p>No Pr\u00eamio Multishow, em outubro, acabou pagando peitinho e n\u00e3o se fez de rogada, continuou dan\u00e7ando sem parar e, ainda por cima, saiu da premia\u00e7\u00e3o como grande vencedora, levando tr\u00eas trof\u00e9us na m\u00e3o. \u201cGente, meus peitos n\u00e3o est\u00e3o de fora n\u00e3o, n\u00e9? Pelo amor de Deus\u201d, disse de bom humor ao receber o trof\u00e9u por \u201cSim ou N\u00e3o\u201d, lan\u00e7ada em 2016 com o colombiano Maluma. E fez um discurso emocionante: \u201cUm dia quero poder detalhar para voc\u00eas o qu\u00e3o dif\u00edcil \u00e9 nascer onde nasci, ser mulher, ser jovem, cantar o que cantei no come\u00e7o, topar o que topei fazer, chegar aqui nesse pr\u00eamio e sair como vencedora\u201d, disse. Nem precisa dizer, Anitta, voc\u00ea j\u00e1 conquistou o Brasil e logo conquistar\u00e1 o mundo.<\/p>\n<p>&nbsp;<\/p>\n<p><strong>Pabllo Vittar: corp\u00e3o feminino e nome masculino<\/strong><\/p>\n<p>A cantora transformista Pabllo Vittar deve ter feito muita gente passar mal neste ano. A m\u00fasica \u201cK.O\u201d ganhou na premia\u00e7\u00e3o Melhores do Ano do Faust\u00e3o. No programa, apareceu com terninho vermelho, mas tamb\u00e9m colocou o corpo \u00e0 mostra no clipe \u201cSua Cara\u201d, gravado no Marrocos com Anitta. No come\u00e7o do ano, participou do trio el\u00e9trico de Daniela Mercury no Carnaval da Bahia. E no \u00faltimo fim de semana, levou mais de 30 mil pessoas para ver seu show na marquise do pr\u00e9dio da C&amp;A na rua Augusta, em S\u00e3o Paulo, com body de listras em tom de arco-\u00edris, feito especialmente para ela.<\/p>\n<div id=\"attachment_177024\" style=\"width: 610px\" class=\"wp-caption aligncenter\"><img aria-describedby=\"caption-attachment-177024\" data-attachment-id=\"177024\" data-permalink=\"https:\/\/agrund.com\/index.php\/anitta-pablo-bruna-e-marina-quatro-lacres-fashion-de-2017\/pabllo_vittar_moda_agnews_elas_tapete_vermelho\/\" data-orig-file=\"https:\/\/i0.wp.com\/agrund.com\/wp-content\/uploads\/sites\/6\/2017\/12\/pabllo_vittar_moda_agnews_elas_tapete_vermelho-e1513973383913.jpg?fit=600%2C450&amp;ssl=1\" data-orig-size=\"600,450\" data-comments-opened=\"1\" data-image-meta=\"{&quot;aperture&quot;:&quot;0&quot;,&quot;credit&quot;:&quot;&quot;,&quot;camera&quot;:&quot;&quot;,&quot;caption&quot;:&quot;&quot;,&quot;created_timestamp&quot;:&quot;0&quot;,&quot;copyright&quot;:&quot;&quot;,&quot;focal_length&quot;:&quot;0&quot;,&quot;iso&quot;:&quot;0&quot;,&quot;shutter_speed&quot;:&quot;0&quot;,&quot;title&quot;:&quot;&quot;,&quot;orientation&quot;:&quot;0&quot;}\" data-image-title=\"Anitta, Pablo, Bruna e Marina: Quatro lacres fashion de 2017\" data-image-description=\"\" data-image-caption=\"&lt;p&gt;Anitta, Pablo, Bruna e Marina: Quatro lacres fashion de 2017 &lt;\/p&gt;\n\" data-medium-file=\"https:\/\/i0.wp.com\/agrund.com\/wp-content\/uploads\/sites\/6\/2017\/12\/pabllo_vittar_moda_agnews_elas_tapete_vermelho-e1513973383913.jpg?fit=300%2C225&amp;ssl=1\" data-large-file=\"https:\/\/i0.wp.com\/agrund.com\/wp-content\/uploads\/sites\/6\/2017\/12\/pabllo_vittar_moda_agnews_elas_tapete_vermelho-e1513973383913.jpg?fit=1024%2C768&amp;ssl=1\" decoding=\"async\" loading=\"lazy\" class=\"size-full wp-image-177024\" src=\"https:\/\/i0.wp.com\/www.agrund.com\/wp-content\/uploads\/sites\/6\/2017\/12\/pabllo_vittar_moda_agnews_elas_tapete_vermelho-e1513973383913.jpg?resize=600%2C450\" alt=\"\" width=\"600\" height=\"450\" data-recalc-dims=\"1\" \/><p id=\"caption-attachment-177024\" class=\"wp-caption-text\">Anitta, Pablo, Bruna e Marina: Quatro lacres fashion de 2017<\/p><\/div>\n<p>Lacrou em termos fashion com seus looks femininos, suas perucas loiras ou coloridas, sua maquiagem chamativa e seu talento musical. E mesmo sendo comparada a uma drag queen, n\u00e3o mudou o nome masculino para um feminino. Nascido Phabullo Rodrigues da Silva, escolheu Pabllo Vittar como nome art\u00edstico e o Brasil se acostumou a cham\u00e1-la de a Pabllo, a cantora. Com um corp\u00e3o desse, aposta nas tend\u00eancias e faz um monte de mulher babar.<\/p>\n<div id=\"attachment_177023\" style=\"width: 610px\" class=\"wp-caption aligncenter\"><img aria-describedby=\"caption-attachment-177023\" data-attachment-id=\"177023\" data-permalink=\"https:\/\/agrund.com\/index.php\/anitta-pablo-bruna-e-marina-quatro-lacres-fashion-de-2017\/pabllo_vittar_anitta_sua_cara_melhores_do_ano_faustao_elas_tapete_vermelho-1\/\" data-orig-file=\"https:\/\/i0.wp.com\/agrund.com\/wp-content\/uploads\/sites\/6\/2017\/12\/pabllo_vittar_anitta_sua_cara_melhores_do_ano_faustao_elas_tapete_vermelho-1-e1513973436814.jpg?fit=600%2C367&amp;ssl=1\" data-orig-size=\"600,367\" data-comments-opened=\"1\" data-image-meta=\"{&quot;aperture&quot;:&quot;0&quot;,&quot;credit&quot;:&quot;&quot;,&quot;camera&quot;:&quot;&quot;,&quot;caption&quot;:&quot;&quot;,&quot;created_timestamp&quot;:&quot;0&quot;,&quot;copyright&quot;:&quot;&quot;,&quot;focal_length&quot;:&quot;0&quot;,&quot;iso&quot;:&quot;0&quot;,&quot;shutter_speed&quot;:&quot;0&quot;,&quot;title&quot;:&quot;&quot;,&quot;orientation&quot;:&quot;0&quot;}\" data-image-title=\"Anitta, Pablo, Bruna e Marina: Quatro lacres fashion de 2017\" data-image-description=\"\" data-image-caption=\"&lt;p&gt;Anitta, Pablo, Bruna e Marina: Quatro lacres fashion de 2017 &lt;\/p&gt;\n\" data-medium-file=\"https:\/\/i0.wp.com\/agrund.com\/wp-content\/uploads\/sites\/6\/2017\/12\/pabllo_vittar_anitta_sua_cara_melhores_do_ano_faustao_elas_tapete_vermelho-1-e1513973436814.jpg?fit=300%2C183&amp;ssl=1\" data-large-file=\"https:\/\/i0.wp.com\/agrund.com\/wp-content\/uploads\/sites\/6\/2017\/12\/pabllo_vittar_anitta_sua_cara_melhores_do_ano_faustao_elas_tapete_vermelho-1-e1513973436814.jpg?fit=1024%2C626&amp;ssl=1\" decoding=\"async\" loading=\"lazy\" class=\"size-full wp-image-177023\" src=\"https:\/\/i0.wp.com\/www.agrund.com\/wp-content\/uploads\/sites\/6\/2017\/12\/pabllo_vittar_anitta_sua_cara_melhores_do_ano_faustao_elas_tapete_vermelho-1-e1513973436814.jpg?resize=600%2C367\" alt=\"\" width=\"600\" height=\"367\" data-recalc-dims=\"1\" \/><p id=\"caption-attachment-177023\" class=\"wp-caption-text\">Anitta, Pablo, Bruna e Marina: Quatro lacres fashion de 2017<\/p><\/div>\n<p>&nbsp;<\/p>\n<p><strong>Marina Ruy Barbosa: o casamento do ano<\/strong><\/p>\n<p>Os quatro casamentos de Marina Ruy Barbosa foram os mais comentados do ano nas redes sociais, programas de TV e nas conversas pelo Brasil afora. Sim, foram quatro com quatro vestidos diferentes. Teve a ben\u00e7\u00e3o budista, na Tail\u00e2ndia, em julho do ano passado, logo depois de Xande Negr\u00e3o a pedir em casamento, nesta mesma viagem. Teve a cerim\u00f4nia civil, al\u00e9m do casamento religioso na fazenda da fam\u00edlia do noivo, em Goi\u00e1s, e a cerim\u00f4nia com ben\u00e7\u00e3o do padre e presen\u00e7a de amigos e famosos em Campinas, no dia 7 de outubro.<\/p>\n<div id=\"attachment_177025\" style=\"width: 610px\" class=\"wp-caption aligncenter\"><img aria-describedby=\"caption-attachment-177025\" data-attachment-id=\"177025\" data-permalink=\"https:\/\/agrund.com\/index.php\/anitta-pablo-bruna-e-marina-quatro-lacres-fashion-de-2017\/abre_vestido_noiva_casamento_marina_ruy_barbosa-1\/\" data-orig-file=\"https:\/\/i0.wp.com\/agrund.com\/wp-content\/uploads\/sites\/6\/2017\/12\/abre_vestido_noiva_casamento_marina_ruy_barbosa-1-e1513973473844.jpg?fit=600%2C356&amp;ssl=1\" data-orig-size=\"600,356\" data-comments-opened=\"1\" data-image-meta=\"{&quot;aperture&quot;:&quot;0&quot;,&quot;credit&quot;:&quot;&quot;,&quot;camera&quot;:&quot;&quot;,&quot;caption&quot;:&quot;&quot;,&quot;created_timestamp&quot;:&quot;0&quot;,&quot;copyright&quot;:&quot;&quot;,&quot;focal_length&quot;:&quot;0&quot;,&quot;iso&quot;:&quot;0&quot;,&quot;shutter_speed&quot;:&quot;0&quot;,&quot;title&quot;:&quot;&quot;,&quot;orientation&quot;:&quot;0&quot;}\" data-image-title=\"Anitta, Pablo, Bruna e Marina: Quatro lacres fashion de 2017\" data-image-description=\"\" data-image-caption=\"&lt;p&gt;Anitta, Pablo, Bruna e Marina: Quatro lacres fashion de 2017 &lt;\/p&gt;\n\" data-medium-file=\"https:\/\/i0.wp.com\/agrund.com\/wp-content\/uploads\/sites\/6\/2017\/12\/abre_vestido_noiva_casamento_marina_ruy_barbosa-1-e1513973473844.jpg?fit=300%2C178&amp;ssl=1\" data-large-file=\"https:\/\/i0.wp.com\/agrund.com\/wp-content\/uploads\/sites\/6\/2017\/12\/abre_vestido_noiva_casamento_marina_ruy_barbosa-1-e1513973473844.jpg?fit=1024%2C607&amp;ssl=1\" decoding=\"async\" loading=\"lazy\" class=\"size-full wp-image-177025\" src=\"https:\/\/i0.wp.com\/www.agrund.com\/wp-content\/uploads\/sites\/6\/2017\/12\/abre_vestido_noiva_casamento_marina_ruy_barbosa-1-e1513973473844.jpg?resize=600%2C356\" alt=\"\" width=\"600\" height=\"356\" data-recalc-dims=\"1\" \/><p id=\"caption-attachment-177025\" class=\"wp-caption-text\">Anitta, Pablo, Bruna e Marina: Quatro lacres fashion de 2017<\/p><\/div>\n<p>A atriz, uma das protagonistas de \u201cDeus Salve o Rei\u201d, novela que estreia em janeiro no lugar de \u201cPega Pega\u201d, realizou quatro cerim\u00f4nias. Na Tail\u00e2ndia, com um vestido de renda branco. No civil, com um modelo curto, branco: uma cria\u00e7\u00e3o dela com a estilista mineira Patricia Bonaldi. O casamento religioso ocorreu na capela da fazenda da fam\u00edlia do noivo em Goi\u00e1s com look assinado por Sandro Barros. O mais comentado, sem d\u00favida, foi o feito pela grife italiana Dolce &amp; Gabbana, com saia de tule e corpete sensual.<\/p>\n<div id=\"attachment_177022\" style=\"width: 610px\" class=\"wp-caption aligncenter\"><img aria-describedby=\"caption-attachment-177022\" data-attachment-id=\"177022\" data-permalink=\"https:\/\/agrund.com\/index.php\/anitta-pablo-bruna-e-marina-quatro-lacres-fashion-de-2017\/dolce_gabbana_vestido_marina_ruy_barbosa\/\" data-orig-file=\"https:\/\/i0.wp.com\/agrund.com\/wp-content\/uploads\/sites\/6\/2017\/12\/dolce_gabbana_vestido_marina_ruy_barbosa-e1513973490641.jpg?fit=600%2C544&amp;ssl=1\" data-orig-size=\"600,544\" data-comments-opened=\"1\" data-image-meta=\"{&quot;aperture&quot;:&quot;0&quot;,&quot;credit&quot;:&quot;&quot;,&quot;camera&quot;:&quot;&quot;,&quot;caption&quot;:&quot;&quot;,&quot;created_timestamp&quot;:&quot;0&quot;,&quot;copyright&quot;:&quot;&quot;,&quot;focal_length&quot;:&quot;0&quot;,&quot;iso&quot;:&quot;0&quot;,&quot;shutter_speed&quot;:&quot;0&quot;,&quot;title&quot;:&quot;&quot;,&quot;orientation&quot;:&quot;0&quot;}\" data-image-title=\"Anitta, Pablo, Bruna e Marina: Quatro lacres fashion de 2017\" data-image-description=\"\" data-image-caption=\"&lt;p&gt;Anitta, Pablo, Bruna e Marina: Quatro lacres fashion de 2017 &lt;\/p&gt;\n\" data-medium-file=\"https:\/\/i0.wp.com\/agrund.com\/wp-content\/uploads\/sites\/6\/2017\/12\/dolce_gabbana_vestido_marina_ruy_barbosa-e1513973490641.jpg?fit=300%2C272&amp;ssl=1\" data-large-file=\"https:\/\/i0.wp.com\/agrund.com\/wp-content\/uploads\/sites\/6\/2017\/12\/dolce_gabbana_vestido_marina_ruy_barbosa-e1513973490641.jpg?fit=600%2C544&amp;ssl=1\" decoding=\"async\" loading=\"lazy\" class=\"size-full wp-image-177022\" src=\"https:\/\/i0.wp.com\/www.agrund.com\/wp-content\/uploads\/sites\/6\/2017\/12\/dolce_gabbana_vestido_marina_ruy_barbosa-e1513973490641.jpg?resize=600%2C544\" alt=\"\" width=\"600\" height=\"544\" data-recalc-dims=\"1\" \/><p id=\"caption-attachment-177022\" class=\"wp-caption-text\">Anitta, Pablo, Bruna e Marina: Quatro lacres fashion de 2017<\/p><\/div>\n<p>&nbsp;<\/p>\n<p><strong>Bruna Marquezine: pochete, meia com sand\u00e1lia etc.<\/strong><\/p>\n<p>A atriz Bruna Marquezine \u00e9 uma verdadeira fashionista. Gosta de experimentar coisas novas e de misturar pe\u00e7as caras com baratas.E deixa o p\u00fablico de boca aberta com tais novidades fashion. Num evento de lan\u00e7amento de carro, apostou em vestido com fenda, decote e, para completar, sand\u00e1lia e meia soquete. Sim, tend\u00eancia vistas em passarelas e em famosas tamb\u00e9m internacionais.<\/p>\n<div id=\"attachment_177020\" style=\"width: 610px\" class=\"wp-caption aligncenter\"><img aria-describedby=\"caption-attachment-177020\" data-attachment-id=\"177020\" data-permalink=\"https:\/\/agrund.com\/index.php\/anitta-pablo-bruna-e-marina-quatro-lacres-fashion-de-2017\/bruna_marquezine_retrospectiva_2017-1\/\" data-orig-file=\"https:\/\/i0.wp.com\/agrund.com\/wp-content\/uploads\/sites\/6\/2017\/12\/bruna_marquezine_retrospectiva_2017-1-e1513973511783.jpg?fit=600%2C445&amp;ssl=1\" data-orig-size=\"600,445\" data-comments-opened=\"1\" data-image-meta=\"{&quot;aperture&quot;:&quot;0&quot;,&quot;credit&quot;:&quot;&quot;,&quot;camera&quot;:&quot;&quot;,&quot;caption&quot;:&quot;&quot;,&quot;created_timestamp&quot;:&quot;0&quot;,&quot;copyright&quot;:&quot;&quot;,&quot;focal_length&quot;:&quot;0&quot;,&quot;iso&quot;:&quot;0&quot;,&quot;shutter_speed&quot;:&quot;0&quot;,&quot;title&quot;:&quot;&quot;,&quot;orientation&quot;:&quot;0&quot;}\" data-image-title=\"Anitta, Pablo, Bruna e Marina: Quatro lacres fashion de 2017\" data-image-description=\"\" data-image-caption=\"&lt;p&gt;Anitta, Pablo, Bruna e Marina: Quatro lacres fashion de 2017 &lt;\/p&gt;\n\" data-medium-file=\"https:\/\/i0.wp.com\/agrund.com\/wp-content\/uploads\/sites\/6\/2017\/12\/bruna_marquezine_retrospectiva_2017-1-e1513973511783.jpg?fit=300%2C223&amp;ssl=1\" data-large-file=\"https:\/\/i0.wp.com\/agrund.com\/wp-content\/uploads\/sites\/6\/2017\/12\/bruna_marquezine_retrospectiva_2017-1-e1513973511783.jpg?fit=1024%2C760&amp;ssl=1\" decoding=\"async\" loading=\"lazy\" class=\"size-full wp-image-177020\" src=\"https:\/\/i0.wp.com\/www.agrund.com\/wp-content\/uploads\/sites\/6\/2017\/12\/bruna_marquezine_retrospectiva_2017-1-e1513973511783.jpg?resize=600%2C445\" alt=\"\" width=\"600\" height=\"445\" data-recalc-dims=\"1\" \/><p id=\"caption-attachment-177020\" class=\"wp-caption-text\">Anitta, Pablo, Bruna e Marina: Quatro lacres fashion de 2017<\/p><\/div>\n<p>Antes, no Carnaval, usou pochete, pe\u00e7a que ainda causa controv\u00e9rsias, mas que acabou se tornando pr\u00e1tica e presen\u00e7a constante nos desfiles. J\u00e1 no casamento de Marina Ruy Barbosa, escolheu um estilo \u201cGrease\u201d de ser e voltou aos \u201ctempos da brilhantina\u201d com vestido azul degrad\u00ea da Dior e jaqueta de couro. A pe\u00e7a foi usada no dia seguinte com jeans e camiseta. E quer saber de uma coisa, n\u00f3s amamos esses experimentos fashion da ex-namorada de Neymar Jr.<\/p>\n<div id=\"attachment_177021\" style=\"width: 610px\" class=\"wp-caption aligncenter\"><img aria-describedby=\"caption-attachment-177021\" data-attachment-id=\"177021\" data-permalink=\"https:\/\/agrund.com\/index.php\/anitta-pablo-bruna-e-marina-quatro-lacres-fashion-de-2017\/bruna_marquezine-elas_tapete_vermelho-21-819x1024\/\" data-orig-file=\"https:\/\/i0.wp.com\/agrund.com\/wp-content\/uploads\/sites\/6\/2017\/12\/bruna_marquezine-elas_tapete_vermelho-21-819x1024-e1513973535177.jpg?fit=600%2C367&amp;ssl=1\" data-orig-size=\"600,367\" data-comments-opened=\"1\" data-image-meta=\"{&quot;aperture&quot;:&quot;0&quot;,&quot;credit&quot;:&quot;&quot;,&quot;camera&quot;:&quot;&quot;,&quot;caption&quot;:&quot;&quot;,&quot;created_timestamp&quot;:&quot;0&quot;,&quot;copyright&quot;:&quot;&quot;,&quot;focal_length&quot;:&quot;0&quot;,&quot;iso&quot;:&quot;0&quot;,&quot;shutter_speed&quot;:&quot;0&quot;,&quot;title&quot;:&quot;&quot;,&quot;orientation&quot;:&quot;0&quot;}\" data-image-title=\"Anitta, Pablo, Bruna e Marina: Quatro lacres fashion de 2017\" data-image-description=\"\" data-image-caption=\"&lt;p&gt;Anitta, Pablo, Bruna e Marina: Quatro lacres fashion de 2017 &lt;\/p&gt;\n\" data-medium-file=\"https:\/\/i0.wp.com\/agrund.com\/wp-content\/uploads\/sites\/6\/2017\/12\/bruna_marquezine-elas_tapete_vermelho-21-819x1024-e1513973535177.jpg?fit=300%2C183&amp;ssl=1\" data-large-file=\"https:\/\/i0.wp.com\/agrund.com\/wp-content\/uploads\/sites\/6\/2017\/12\/bruna_marquezine-elas_tapete_vermelho-21-819x1024-e1513973535177.jpg?fit=1024%2C626&amp;ssl=1\" decoding=\"async\" loading=\"lazy\" class=\"size-full wp-image-177021\" src=\"https:\/\/i0.wp.com\/www.agrund.com\/wp-content\/uploads\/sites\/6\/2017\/12\/bruna_marquezine-elas_tapete_vermelho-21-819x1024-e1513973535177.jpg?resize=600%2C367\" alt=\"\" width=\"600\" height=\"367\" data-recalc-dims=\"1\" \/><p id=\"caption-attachment-177021\" class=\"wp-caption-text\">Anitta, Pablo, Bruna e Marina: Quatro lacres fashion de 2017<\/p><\/div>\n<p>No quesito hi-lo, de misturar pe\u00e7as baratas e caras, Bruna tamb\u00e9m acerta. Uma mochila Louis Vuitton, que custa R$ 7,7 mil, pode ser usada com t\u00eanis de R$ 170 sem problemas. Tamb\u00e9m aposta em moletom de R$ 65 e bolsa Saint Laurent de R$ 8 mil. Claro que n\u00e3o d\u00e1 para as mortais, como a maioria das pessoas, ter um estoque de bolsas t\u00e3o caras em casa, mas sim, \u00e9 poss\u00edvel usar roupas mais baratas com muito estilo e bom gosto.<\/p>\n<p>Fotos: Reprodu\u00e7\u00e3o.<\/p>\n","protected":false},"excerpt":{"rendered":"<p>Por Ros\u00e2ngela Espinossi O ano de 2017 foi marcado por v\u00e1rios fatos fashion \u2013 ou de quebras de paradigmas \u2013 que vamos levar como heran\u00e7a para 2018, ano de Copa de Mundo e de elei\u00e7\u00f5es presidenciais. Anitta jogou preconceitos para o alto ao lan\u00e7ar clipes sensuais, que viraram sucesso mundo afora. No \u00faltimo, \u201cVai Malandra\u201d, [&hellip;]<\/p>\n","protected":false},"author":8,"featured_media":177026,"comment_status":"open","ping_status":"open","sticky":false,"template":"","format":"standard","meta":{"jetpack_post_was_ever_published":false,"_jetpack_newsletter_access":"","jetpack_publicize_message":"","jetpack_is_tweetstorm":false,"jetpack_publicize_feature_enabled":true,"jetpack_social_post_already_shared":true,"jetpack_social_options":{"image_generator_settings":{"template":"highway","enabled":false}}},"categories":[2],"tags":[],"jetpack_publicize_connections":[],"jetpack_featured_media_url":"https:\/\/i0.wp.com\/agrund.com\/wp-content\/uploads\/sites\/6\/2017\/12\/s-78.jpg?fit=960%2C300&ssl=1","jetpack_sharing_enabled":true,"jetpack_shortlink":"https:\/\/wp.me\/p3Hz0n-K37","jetpack_likes_enabled":true,"_links":{"self":[{"href":"https:\/\/agrund.com\/index.php\/wp-json\/wp\/v2\/posts\/177017"}],"collection":[{"href":"https:\/\/agrund.com\/index.php\/wp-json\/wp\/v2\/posts"}],"about":[{"href":"https:\/\/agrund.com\/index.php\/wp-json\/wp\/v2\/types\/post"}],"author":[{"embeddable":true,"href":"https:\/\/agrund.com\/index.php\/wp-json\/wp\/v2\/users\/8"}],"replies":[{"embeddable":true,"href":"https:\/\/agrund.com\/index.php\/wp-json\/wp\/v2\/comments?post=177017"}],"version-history":[{"count":0,"href":"https:\/\/agrund.com\/index.php\/wp-json\/wp\/v2\/posts\/177017\/revisions"}],"wp:featuredmedia":[{"embeddable":true,"href":"https:\/\/agrund.com\/index.php\/wp-json\/wp\/v2\/media\/177026"}],"wp:attachment":[{"href":"https:\/\/agrund.com\/index.php\/wp-json\/wp\/v2\/media?parent=177017"}],"wp:term":[{"taxonomy":"category","embeddable":true,"href":"https:\/\/agrund.com\/index.php\/wp-json\/wp\/v2\/categories?post=177017"},{"taxonomy":"post_tag","embeddable":true,"href":"https:\/\/agrund.com\/index.php\/wp-json\/wp\/v2\/tags?post=177017"}],"curies":[{"name":"wp","href":"https:\/\/api.w.org\/{rel}","templated":true}]}}