{"id":176979,"date":"2017-12-22T12:00:10","date_gmt":"2017-12-22T14:00:10","guid":{"rendered":"http:\/\/www.agrund.com\/?p=176979"},"modified":"2017-12-22T10:29:14","modified_gmt":"2017-12-22T12:29:14","slug":"o-vestido-de-meghan-markle-nas-fotos-oficiais-do-noivado","status":"publish","type":"post","link":"https:\/\/agrund.com\/index.php\/o-vestido-de-meghan-markle-nas-fotos-oficiais-do-noivado\/","title":{"rendered":"O vestido de Meghan Markle nas fotos oficiais do noivado"},"content":{"rendered":"<p>Depois de anunciar o noivado (reveja <a href=\"http:\/\/www.agrund.com\/o-anel-de-noivado-criado-pelo-principe-harry\/\">AQUI<\/a>), o Pr\u00edncipe Harry e Meghan Markle posaram para as fotos oficiais. Foram tr\u00eas cliques revelados para a imprensa, um close rom\u00e2ntico do casal, e outros dois em que eles aparecem de corpo inteiro.<\/p>\n<p>Neles, Meghan aparece a bordo de um longo com busto de tule bordado e saia preta com babados. Se voc\u00ea ficou curiosa para saber de qual marca \u00e9 o vestido, o Agrund.com te conta!<\/p>\n<p>O modelo \u00e9 da cole\u00e7\u00e3o outono\/inverno 2028 da grife inglesa, Ralph &amp; Russo e custa \u00a356 mil libras (aproximadamente R$250 mil).<\/p>\n<div id=\"attachment_176981\" style=\"width: 610px\" class=\"wp-caption aligncenter\"><img aria-describedby=\"caption-attachment-176981\" data-attachment-id=\"176981\" data-permalink=\"https:\/\/agrund.com\/index.php\/o-vestido-de-meghan-markle-nas-fotos-oficiais-do-noivado\/2-1135\/\" data-orig-file=\"https:\/\/i0.wp.com\/agrund.com\/wp-content\/uploads\/sites\/6\/2017\/12\/2-15.jpg?fit=620%2C775&amp;ssl=1\" data-orig-size=\"620,775\" data-comments-opened=\"1\" data-image-meta=\"{&quot;aperture&quot;:&quot;0&quot;,&quot;credit&quot;:&quot;&quot;,&quot;camera&quot;:&quot;&quot;,&quot;caption&quot;:&quot;&quot;,&quot;created_timestamp&quot;:&quot;0&quot;,&quot;copyright&quot;:&quot;&quot;,&quot;focal_length&quot;:&quot;0&quot;,&quot;iso&quot;:&quot;0&quot;,&quot;shutter_speed&quot;:&quot;0&quot;,&quot;title&quot;:&quot;&quot;,&quot;orientation&quot;:&quot;0&quot;}\" data-image-title=\"O vestido de Meghan Markle nas fotos oficiais do noivado\" data-image-description=\"\" data-image-caption=\"&lt;p&gt;O vestido de Meghan Markle nas fotos oficiais do noivado&lt;\/p&gt;\n\" data-medium-file=\"https:\/\/i0.wp.com\/agrund.com\/wp-content\/uploads\/sites\/6\/2017\/12\/2-15.jpg?fit=240%2C300&amp;ssl=1\" data-large-file=\"https:\/\/i0.wp.com\/agrund.com\/wp-content\/uploads\/sites\/6\/2017\/12\/2-15.jpg?fit=620%2C775&amp;ssl=1\" decoding=\"async\" loading=\"lazy\" class=\"wp-image-176981\" src=\"https:\/\/i0.wp.com\/www.agrund.com\/wp-content\/uploads\/sites\/6\/2017\/12\/2-15.jpg?resize=600%2C750\" alt=\"\" width=\"600\" height=\"750\" srcset=\"https:\/\/i0.wp.com\/agrund.com\/wp-content\/uploads\/sites\/6\/2017\/12\/2-15.jpg?w=620&amp;ssl=1 620w, https:\/\/i0.wp.com\/agrund.com\/wp-content\/uploads\/sites\/6\/2017\/12\/2-15.jpg?resize=240%2C300&amp;ssl=1 240w\" sizes=\"(max-width: 600px) 100vw, 600px\" data-recalc-dims=\"1\" \/><p id=\"caption-attachment-176981\" class=\"wp-caption-text\">O vestido de Meghan Markle nas fotos oficiais do noivado<\/p><\/div>\n<div id=\"attachment_176982\" style=\"width: 610px\" class=\"wp-caption aligncenter\"><img aria-describedby=\"caption-attachment-176982\" data-attachment-id=\"176982\" data-permalink=\"https:\/\/agrund.com\/index.php\/o-vestido-de-meghan-markle-nas-fotos-oficiais-do-noivado\/3-1059\/\" data-orig-file=\"https:\/\/i0.wp.com\/agrund.com\/wp-content\/uploads\/sites\/6\/2017\/12\/3-12-e1513945606948.jpg?fit=600%2C800&amp;ssl=1\" data-orig-size=\"600,800\" data-comments-opened=\"1\" data-image-meta=\"{&quot;aperture&quot;:&quot;0&quot;,&quot;credit&quot;:&quot;&quot;,&quot;camera&quot;:&quot;&quot;,&quot;caption&quot;:&quot;&quot;,&quot;created_timestamp&quot;:&quot;0&quot;,&quot;copyright&quot;:&quot;&quot;,&quot;focal_length&quot;:&quot;0&quot;,&quot;iso&quot;:&quot;0&quot;,&quot;shutter_speed&quot;:&quot;0&quot;,&quot;title&quot;:&quot;&quot;,&quot;orientation&quot;:&quot;0&quot;}\" data-image-title=\"O vestido de Meghan Markle nas fotos oficiais do noivado\" data-image-description=\"\" data-image-caption=\"&lt;p&gt;O vestido de Meghan Markle nas fotos oficiais do noivado&lt;\/p&gt;\n\" data-medium-file=\"https:\/\/i0.wp.com\/agrund.com\/wp-content\/uploads\/sites\/6\/2017\/12\/3-12-e1513945606948.jpg?fit=225%2C300&amp;ssl=1\" data-large-file=\"https:\/\/i0.wp.com\/agrund.com\/wp-content\/uploads\/sites\/6\/2017\/12\/3-12-e1513945606948.jpg?fit=600%2C800&amp;ssl=1\" decoding=\"async\" loading=\"lazy\" class=\"size-full wp-image-176982\" src=\"https:\/\/i0.wp.com\/www.agrund.com\/wp-content\/uploads\/sites\/6\/2017\/12\/3-12-e1513945606948.jpg?resize=600%2C800\" alt=\"\" width=\"600\" height=\"800\" data-recalc-dims=\"1\" \/><p id=\"caption-attachment-176982\" class=\"wp-caption-text\">O vestido de Meghan Markle nas fotos oficiais do noivado<\/p><\/div>\n<div id=\"attachment_176980\" style=\"width: 610px\" class=\"wp-caption aligncenter\"><img aria-describedby=\"caption-attachment-176980\" data-attachment-id=\"176980\" data-permalink=\"https:\/\/agrund.com\/index.php\/o-vestido-de-meghan-markle-nas-fotos-oficiais-do-noivado\/1-1187\/\" data-orig-file=\"https:\/\/i0.wp.com\/agrund.com\/wp-content\/uploads\/sites\/6\/2017\/12\/1-16-e1513945624942.jpg?fit=600%2C800&amp;ssl=1\" data-orig-size=\"600,800\" data-comments-opened=\"1\" data-image-meta=\"{&quot;aperture&quot;:&quot;0&quot;,&quot;credit&quot;:&quot;&quot;,&quot;camera&quot;:&quot;&quot;,&quot;caption&quot;:&quot;&quot;,&quot;created_timestamp&quot;:&quot;0&quot;,&quot;copyright&quot;:&quot;&quot;,&quot;focal_length&quot;:&quot;0&quot;,&quot;iso&quot;:&quot;0&quot;,&quot;shutter_speed&quot;:&quot;0&quot;,&quot;title&quot;:&quot;&quot;,&quot;orientation&quot;:&quot;0&quot;}\" data-image-title=\"O vestido de Meghan Markle nas fotos oficiais do noivado\" data-image-description=\"\" data-image-caption=\"&lt;p&gt;O vestido de Meghan Markle nas fotos oficiais do noivado&lt;\/p&gt;\n\" data-medium-file=\"https:\/\/i0.wp.com\/agrund.com\/wp-content\/uploads\/sites\/6\/2017\/12\/1-16-e1513945624942.jpg?fit=225%2C300&amp;ssl=1\" data-large-file=\"https:\/\/i0.wp.com\/agrund.com\/wp-content\/uploads\/sites\/6\/2017\/12\/1-16-e1513945624942.jpg?fit=600%2C800&amp;ssl=1\" decoding=\"async\" loading=\"lazy\" class=\"size-full wp-image-176980\" src=\"https:\/\/i0.wp.com\/www.agrund.com\/wp-content\/uploads\/sites\/6\/2017\/12\/1-16-e1513945624942.jpg?resize=600%2C800\" alt=\"\" width=\"600\" height=\"800\" data-recalc-dims=\"1\" \/><p id=\"caption-attachment-176980\" class=\"wp-caption-text\">O vestido de Meghan Markle nas fotos oficiais do noivado<\/p><\/div>\n<p>Fotos: Reprodu\u00e7\u00e3o.<\/p>\n","protected":false},"excerpt":{"rendered":"<p>Depois de anunciar o noivado (reveja AQUI), o Pr\u00edncipe Harry e Meghan Markle posaram para as fotos oficiais. Foram tr\u00eas cliques revelados para a imprensa, um close rom\u00e2ntico do casal, e outros dois em que eles aparecem de corpo inteiro. Neles, Meghan aparece a bordo de um longo com busto de tule bordado e saia [&hellip;]<\/p>\n","protected":false},"author":8,"featured_media":176984,"comment_status":"open","ping_status":"open","sticky":false,"template":"","format":"standard","meta":{"jetpack_post_was_ever_published":false,"_jetpack_newsletter_access":"","jetpack_publicize_message":"","jetpack_is_tweetstorm":false,"jetpack_publicize_feature_enabled":true,"jetpack_social_post_already_shared":true,"jetpack_social_options":{"image_generator_settings":{"template":"highway","enabled":false}}},"categories":[2],"tags":[],"jetpack_publicize_connections":[],"jetpack_featured_media_url":"https:\/\/i0.wp.com\/agrund.com\/wp-content\/uploads\/sites\/6\/2017\/12\/ss-12.jpg?fit=960%2C300&ssl=1","jetpack_sharing_enabled":true,"jetpack_shortlink":"https:\/\/wp.me\/p3Hz0n-K2v","jetpack_likes_enabled":true,"_links":{"self":[{"href":"https:\/\/agrund.com\/index.php\/wp-json\/wp\/v2\/posts\/176979"}],"collection":[{"href":"https:\/\/agrund.com\/index.php\/wp-json\/wp\/v2\/posts"}],"about":[{"href":"https:\/\/agrund.com\/index.php\/wp-json\/wp\/v2\/types\/post"}],"author":[{"embeddable":true,"href":"https:\/\/agrund.com\/index.php\/wp-json\/wp\/v2\/users\/8"}],"replies":[{"embeddable":true,"href":"https:\/\/agrund.com\/index.php\/wp-json\/wp\/v2\/comments?post=176979"}],"version-history":[{"count":0,"href":"https:\/\/agrund.com\/index.php\/wp-json\/wp\/v2\/posts\/176979\/revisions"}],"wp:featuredmedia":[{"embeddable":true,"href":"https:\/\/agrund.com\/index.php\/wp-json\/wp\/v2\/media\/176984"}],"wp:attachment":[{"href":"https:\/\/agrund.com\/index.php\/wp-json\/wp\/v2\/media?parent=176979"}],"wp:term":[{"taxonomy":"category","embeddable":true,"href":"https:\/\/agrund.com\/index.php\/wp-json\/wp\/v2\/categories?post=176979"},{"taxonomy":"post_tag","embeddable":true,"href":"https:\/\/agrund.com\/index.php\/wp-json\/wp\/v2\/tags?post=176979"}],"curies":[{"name":"wp","href":"https:\/\/api.w.org\/{rel}","templated":true}]}}