{"id":176970,"date":"2017-12-21T18:00:37","date_gmt":"2017-12-21T20:00:37","guid":{"rendered":"http:\/\/www.agrund.com\/?p=176970"},"modified":"2017-12-21T18:14:41","modified_gmt":"2017-12-21T20:14:41","slug":"video-miley-cyrus-estrela-campanha-da-converse","status":"publish","type":"post","link":"https:\/\/agrund.com\/index.php\/video-miley-cyrus-estrela-campanha-da-converse\/","title":{"rendered":"V\u00eddeo :: Miley Cyrus estrela campanha da Converse"},"content":{"rendered":"<div id=\"attachment_176972\" style=\"width: 610px\" class=\"wp-caption aligncenter\"><img aria-describedby=\"caption-attachment-176972\" data-attachment-id=\"176972\" data-permalink=\"https:\/\/agrund.com\/index.php\/video-miley-cyrus-estrela-campanha-da-converse\/miley-2\/\" data-orig-file=\"https:\/\/i0.wp.com\/agrund.com\/wp-content\/uploads\/sites\/6\/2017\/12\/miley.jpg?fit=600%2C1066&amp;ssl=1\" data-orig-size=\"600,1066\" data-comments-opened=\"1\" data-image-meta=\"{&quot;aperture&quot;:&quot;0&quot;,&quot;credit&quot;:&quot;&quot;,&quot;camera&quot;:&quot;&quot;,&quot;caption&quot;:&quot;&quot;,&quot;created_timestamp&quot;:&quot;0&quot;,&quot;copyright&quot;:&quot;&quot;,&quot;focal_length&quot;:&quot;0&quot;,&quot;iso&quot;:&quot;0&quot;,&quot;shutter_speed&quot;:&quot;0&quot;,&quot;title&quot;:&quot;&quot;,&quot;orientation&quot;:&quot;1&quot;}\" data-image-title=\"V\u00eddeo :: Miley Cyrus estrela campanha da Converse\" data-image-description=\"\" data-image-caption=\"&lt;p&gt;V\u00eddeo :: Miley Cyrus estrela campanha da Converse&lt;\/p&gt;\n\" data-medium-file=\"https:\/\/i0.wp.com\/agrund.com\/wp-content\/uploads\/sites\/6\/2017\/12\/miley.jpg?fit=169%2C300&amp;ssl=1\" data-large-file=\"https:\/\/i0.wp.com\/agrund.com\/wp-content\/uploads\/sites\/6\/2017\/12\/miley.jpg?fit=576%2C1024&amp;ssl=1\" decoding=\"async\" loading=\"lazy\" class=\"size-full wp-image-176972\" src=\"https:\/\/i0.wp.com\/www.agrund.com\/wp-content\/uploads\/sites\/6\/2017\/12\/miley.jpg?resize=600%2C1066\" alt=\"\" width=\"600\" height=\"1066\" srcset=\"https:\/\/i0.wp.com\/agrund.com\/wp-content\/uploads\/sites\/6\/2017\/12\/miley.jpg?w=600&amp;ssl=1 600w, https:\/\/i0.wp.com\/agrund.com\/wp-content\/uploads\/sites\/6\/2017\/12\/miley.jpg?resize=169%2C300&amp;ssl=1 169w, https:\/\/i0.wp.com\/agrund.com\/wp-content\/uploads\/sites\/6\/2017\/12\/miley.jpg?resize=576%2C1024&amp;ssl=1 576w\" sizes=\"(max-width: 600px) 100vw, 600px\" data-recalc-dims=\"1\" \/><p id=\"caption-attachment-176972\" class=\"wp-caption-text\">V\u00eddeo :: Miley Cyrus estrela campanha da Converse<\/p><\/div>\n<p>A Converse convocou Miley Cyrus para estrelar sua nova campanha, que tem o intuito de celebrar o ic\u00f4nico Chuck Taylor. O roteiro apresenta Miley vendo a sua evolu\u00e7\u00e3o de estilo atrav\u00e9s de \u00e1lbum de fotos. O que as imagens t\u00eam em comum? O t\u00eanis, claro!<\/p>\n<p>N\u00e3o tem como negar, o Chuck Taylor \u00e9 um t\u00eanis atemporal que consegue transitar entre os estilos e conquistar a todos. O v\u00eddeo \u00e9 dirigido pelo cineasta franc\u00eas Michel Gondry e voc\u00ea confere aqui:<\/p>\n<span class=\"embed-youtube\" style=\"text-align:center; display: block;\"><iframe class=\"youtube-player\" width=\"560\" height=\"315\" src=\"https:\/\/www.youtube.com\/embed\/NTineyeAhjw?version=3&#038;rel=1&#038;showsearch=0&#038;showinfo=1&#038;iv_load_policy=1&#038;fs=1&#038;hl=pt-BR&#038;autohide=2&#038;wmode=transparent\" allowfullscreen=\"true\" style=\"border:0;\" sandbox=\"allow-scripts allow-same-origin allow-popups allow-presentation\"><\/iframe><\/span>\n<p>Foto e V\u00eddeo: Divulga\u00e7\u00e3o.<\/p>\n","protected":false},"excerpt":{"rendered":"<p>A Converse convocou Miley Cyrus para estrelar sua nova campanha, que tem o intuito de celebrar o ic\u00f4nico Chuck Taylor. O roteiro apresenta Miley vendo a sua evolu\u00e7\u00e3o de estilo atrav\u00e9s de \u00e1lbum de fotos. O que as imagens t\u00eam em comum? O t\u00eanis, claro! N\u00e3o tem como negar, o Chuck Taylor \u00e9 um t\u00eanis [&hellip;]<\/p>\n","protected":false},"author":8,"featured_media":176973,"comment_status":"open","ping_status":"open","sticky":false,"template":"","format":"standard","meta":{"jetpack_post_was_ever_published":false,"_jetpack_newsletter_access":"","jetpack_publicize_message":"","jetpack_is_tweetstorm":false,"jetpack_publicize_feature_enabled":true,"jetpack_social_post_already_shared":true,"jetpack_social_options":{"image_generator_settings":{"template":"highway","enabled":false}}},"categories":[2],"tags":[],"jetpack_publicize_connections":[],"jetpack_featured_media_url":"https:\/\/i0.wp.com\/agrund.com\/wp-content\/uploads\/sites\/6\/2017\/12\/s-71.jpg?fit=960%2C300&ssl=1","jetpack_sharing_enabled":true,"jetpack_shortlink":"https:\/\/wp.me\/p3Hz0n-K2m","jetpack_likes_enabled":true,"_links":{"self":[{"href":"https:\/\/agrund.com\/index.php\/wp-json\/wp\/v2\/posts\/176970"}],"collection":[{"href":"https:\/\/agrund.com\/index.php\/wp-json\/wp\/v2\/posts"}],"about":[{"href":"https:\/\/agrund.com\/index.php\/wp-json\/wp\/v2\/types\/post"}],"author":[{"embeddable":true,"href":"https:\/\/agrund.com\/index.php\/wp-json\/wp\/v2\/users\/8"}],"replies":[{"embeddable":true,"href":"https:\/\/agrund.com\/index.php\/wp-json\/wp\/v2\/comments?post=176970"}],"version-history":[{"count":0,"href":"https:\/\/agrund.com\/index.php\/wp-json\/wp\/v2\/posts\/176970\/revisions"}],"wp:featuredmedia":[{"embeddable":true,"href":"https:\/\/agrund.com\/index.php\/wp-json\/wp\/v2\/media\/176973"}],"wp:attachment":[{"href":"https:\/\/agrund.com\/index.php\/wp-json\/wp\/v2\/media?parent=176970"}],"wp:term":[{"taxonomy":"category","embeddable":true,"href":"https:\/\/agrund.com\/index.php\/wp-json\/wp\/v2\/categories?post=176970"},{"taxonomy":"post_tag","embeddable":true,"href":"https:\/\/agrund.com\/index.php\/wp-json\/wp\/v2\/tags?post=176970"}],"curies":[{"name":"wp","href":"https:\/\/api.w.org\/{rel}","templated":true}]}}