{"id":176962,"date":"2017-12-21T17:00:38","date_gmt":"2017-12-21T19:00:38","guid":{"rendered":"http:\/\/www.agrund.com\/?p=176962"},"modified":"2017-12-21T16:40:11","modified_gmt":"2017-12-21T18:40:11","slug":"cate-blanchett-para-giorgio-armani","status":"publish","type":"post","link":"https:\/\/agrund.com\/index.php\/cate-blanchett-para-giorgio-armani\/","title":{"rendered":"Cate Blanchett para Giorgio Armani"},"content":{"rendered":"<p>Por mais um ano consecutivo, Cate Blanchett \u00e9 o rosto da fragr\u00e2ncia S\u00ed da Giorgio Armani. Desta vez a campanha tem clima de Natal, com direito a cen\u00e1rio e vestido vermelho.<\/p>\n<p>Cate aparece deslumbrante, com os cabelos presos e olhos pretos esfumados. Segundo a marca, o perfume tem um cheiro luxuoso, com notas de groselha negra, com toques florais e amadeirados.<\/p>\n<p>Veja os cliques na galeria abaixo:<\/p>\n<div id=\"attachment_176963\" style=\"width: 610px\" class=\"wp-caption aligncenter\"><img aria-describedby=\"caption-attachment-176963\" data-attachment-id=\"176963\" data-permalink=\"https:\/\/agrund.com\/index.php\/cate-blanchett-para-giorgio-armani\/cate-blanchett-giorgio-armani-si-perfume01\/\" data-orig-file=\"https:\/\/i0.wp.com\/agrund.com\/wp-content\/uploads\/sites\/6\/2017\/12\/Cate-Blanchett-Giorgio-Armani-Si-Perfume01-e1513881435982.jpg?fit=600%2C777&amp;ssl=1\" data-orig-size=\"600,777\" data-comments-opened=\"1\" data-image-meta=\"{&quot;aperture&quot;:&quot;0&quot;,&quot;credit&quot;:&quot;&quot;,&quot;camera&quot;:&quot;&quot;,&quot;caption&quot;:&quot;&quot;,&quot;created_timestamp&quot;:&quot;0&quot;,&quot;copyright&quot;:&quot;&quot;,&quot;focal_length&quot;:&quot;0&quot;,&quot;iso&quot;:&quot;0&quot;,&quot;shutter_speed&quot;:&quot;0&quot;,&quot;title&quot;:&quot;&quot;,&quot;orientation&quot;:&quot;1&quot;}\" data-image-title=\"Cate Blanchett para Giorgio Armani\" data-image-description=\"\" data-image-caption=\"&lt;p&gt;Cate Blanchett para Giorgio Armani&lt;\/p&gt;\n\" data-medium-file=\"https:\/\/i0.wp.com\/agrund.com\/wp-content\/uploads\/sites\/6\/2017\/12\/Cate-Blanchett-Giorgio-Armani-Si-Perfume01-e1513881435982.jpg?fit=232%2C300&amp;ssl=1\" data-large-file=\"https:\/\/i0.wp.com\/agrund.com\/wp-content\/uploads\/sites\/6\/2017\/12\/Cate-Blanchett-Giorgio-Armani-Si-Perfume01-e1513881435982.jpg?fit=791%2C1024&amp;ssl=1\" decoding=\"async\" loading=\"lazy\" class=\"size-full wp-image-176963\" src=\"https:\/\/i0.wp.com\/www.agrund.com\/wp-content\/uploads\/sites\/6\/2017\/12\/Cate-Blanchett-Giorgio-Armani-Si-Perfume01-e1513881435982.jpg?resize=600%2C777\" alt=\"\" width=\"600\" height=\"777\" data-recalc-dims=\"1\" \/><p id=\"caption-attachment-176963\" class=\"wp-caption-text\">Cate Blanchett para Giorgio Armani<\/p><\/div>\n<div id=\"attachment_176965\" style=\"width: 610px\" class=\"wp-caption aligncenter\"><img aria-describedby=\"caption-attachment-176965\" data-attachment-id=\"176965\" data-permalink=\"https:\/\/agrund.com\/index.php\/cate-blanchett-para-giorgio-armani\/cate-blanchett-giorgio-armani-si-perfume03\/\" data-orig-file=\"https:\/\/i0.wp.com\/agrund.com\/wp-content\/uploads\/sites\/6\/2017\/12\/Cate-Blanchett-Giorgio-Armani-Si-Perfume03-e1513881448531.jpg?fit=600%2C777&amp;ssl=1\" data-orig-size=\"600,777\" data-comments-opened=\"1\" data-image-meta=\"{&quot;aperture&quot;:&quot;0&quot;,&quot;credit&quot;:&quot;&quot;,&quot;camera&quot;:&quot;&quot;,&quot;caption&quot;:&quot;&quot;,&quot;created_timestamp&quot;:&quot;0&quot;,&quot;copyright&quot;:&quot;&quot;,&quot;focal_length&quot;:&quot;0&quot;,&quot;iso&quot;:&quot;0&quot;,&quot;shutter_speed&quot;:&quot;0&quot;,&quot;title&quot;:&quot;&quot;,&quot;orientation&quot;:&quot;1&quot;}\" data-image-title=\"Cate Blanchett para Giorgio Armani\" data-image-description=\"\" data-image-caption=\"&lt;p&gt;Cate Blanchett para Giorgio Armani&lt;\/p&gt;\n\" data-medium-file=\"https:\/\/i0.wp.com\/agrund.com\/wp-content\/uploads\/sites\/6\/2017\/12\/Cate-Blanchett-Giorgio-Armani-Si-Perfume03-e1513881448531.jpg?fit=232%2C300&amp;ssl=1\" data-large-file=\"https:\/\/i0.wp.com\/agrund.com\/wp-content\/uploads\/sites\/6\/2017\/12\/Cate-Blanchett-Giorgio-Armani-Si-Perfume03-e1513881448531.jpg?fit=791%2C1024&amp;ssl=1\" decoding=\"async\" loading=\"lazy\" class=\"size-full wp-image-176965\" src=\"https:\/\/i0.wp.com\/www.agrund.com\/wp-content\/uploads\/sites\/6\/2017\/12\/Cate-Blanchett-Giorgio-Armani-Si-Perfume03-e1513881448531.jpg?resize=600%2C777\" alt=\"\" width=\"600\" height=\"777\" data-recalc-dims=\"1\" \/><p id=\"caption-attachment-176965\" class=\"wp-caption-text\">Cate Blanchett para Giorgio Armani<\/p><\/div>\n<div id=\"attachment_176966\" style=\"width: 610px\" class=\"wp-caption aligncenter\"><img aria-describedby=\"caption-attachment-176966\" data-attachment-id=\"176966\" data-permalink=\"https:\/\/agrund.com\/index.php\/cate-blanchett-para-giorgio-armani\/cate-blanchett-giorgio-armani-si-perfume04\/\" data-orig-file=\"https:\/\/i0.wp.com\/agrund.com\/wp-content\/uploads\/sites\/6\/2017\/12\/Cate-Blanchett-Giorgio-Armani-Si-Perfume04-e1513881462846.jpg?fit=600%2C777&amp;ssl=1\" data-orig-size=\"600,777\" data-comments-opened=\"1\" data-image-meta=\"{&quot;aperture&quot;:&quot;0&quot;,&quot;credit&quot;:&quot;&quot;,&quot;camera&quot;:&quot;&quot;,&quot;caption&quot;:&quot;&quot;,&quot;created_timestamp&quot;:&quot;0&quot;,&quot;copyright&quot;:&quot;&quot;,&quot;focal_length&quot;:&quot;0&quot;,&quot;iso&quot;:&quot;0&quot;,&quot;shutter_speed&quot;:&quot;0&quot;,&quot;title&quot;:&quot;&quot;,&quot;orientation&quot;:&quot;1&quot;}\" data-image-title=\"Cate Blanchett para Giorgio Armani\" data-image-description=\"\" data-image-caption=\"&lt;p&gt;Cate Blanchett para Giorgio Armani&lt;\/p&gt;\n\" data-medium-file=\"https:\/\/i0.wp.com\/agrund.com\/wp-content\/uploads\/sites\/6\/2017\/12\/Cate-Blanchett-Giorgio-Armani-Si-Perfume04-e1513881462846.jpg?fit=232%2C300&amp;ssl=1\" data-large-file=\"https:\/\/i0.wp.com\/agrund.com\/wp-content\/uploads\/sites\/6\/2017\/12\/Cate-Blanchett-Giorgio-Armani-Si-Perfume04-e1513881462846.jpg?fit=791%2C1024&amp;ssl=1\" decoding=\"async\" loading=\"lazy\" class=\"size-full wp-image-176966\" src=\"https:\/\/i0.wp.com\/www.agrund.com\/wp-content\/uploads\/sites\/6\/2017\/12\/Cate-Blanchett-Giorgio-Armani-Si-Perfume04-e1513881462846.jpg?resize=600%2C777\" alt=\"\" width=\"600\" height=\"777\" data-recalc-dims=\"1\" \/><p id=\"caption-attachment-176966\" class=\"wp-caption-text\">Cate Blanchett para Giorgio Armani<\/p><\/div>\n<div id=\"attachment_176967\" style=\"width: 610px\" class=\"wp-caption aligncenter\"><img aria-describedby=\"caption-attachment-176967\" data-attachment-id=\"176967\" data-permalink=\"https:\/\/agrund.com\/index.php\/cate-blanchett-para-giorgio-armani\/giorgio-armani-si-perfume\/\" data-orig-file=\"https:\/\/i0.wp.com\/agrund.com\/wp-content\/uploads\/sites\/6\/2017\/12\/Giorgio-Armani-Si-Perfume-e1513881477376.jpg?fit=600%2C777&amp;ssl=1\" data-orig-size=\"600,777\" data-comments-opened=\"1\" data-image-meta=\"{&quot;aperture&quot;:&quot;0&quot;,&quot;credit&quot;:&quot;&quot;,&quot;camera&quot;:&quot;&quot;,&quot;caption&quot;:&quot;&quot;,&quot;created_timestamp&quot;:&quot;0&quot;,&quot;copyright&quot;:&quot;&quot;,&quot;focal_length&quot;:&quot;0&quot;,&quot;iso&quot;:&quot;0&quot;,&quot;shutter_speed&quot;:&quot;0&quot;,&quot;title&quot;:&quot;&quot;,&quot;orientation&quot;:&quot;1&quot;}\" data-image-title=\"Cate Blanchett para Giorgio Armani\" data-image-description=\"\" data-image-caption=\"&lt;p&gt;Cate Blanchett para Giorgio Armani&lt;\/p&gt;\n\" data-medium-file=\"https:\/\/i0.wp.com\/agrund.com\/wp-content\/uploads\/sites\/6\/2017\/12\/Giorgio-Armani-Si-Perfume-e1513881477376.jpg?fit=232%2C300&amp;ssl=1\" data-large-file=\"https:\/\/i0.wp.com\/agrund.com\/wp-content\/uploads\/sites\/6\/2017\/12\/Giorgio-Armani-Si-Perfume-e1513881477376.jpg?fit=791%2C1024&amp;ssl=1\" decoding=\"async\" loading=\"lazy\" class=\"size-full wp-image-176967\" src=\"https:\/\/i0.wp.com\/www.agrund.com\/wp-content\/uploads\/sites\/6\/2017\/12\/Giorgio-Armani-Si-Perfume-e1513881477376.jpg?resize=600%2C777\" alt=\"\" width=\"600\" height=\"777\" data-recalc-dims=\"1\" \/><p id=\"caption-attachment-176967\" class=\"wp-caption-text\">Cate Blanchett para Giorgio Armani<\/p><\/div>\n<span class=\"embed-youtube\" style=\"text-align:center; display: block;\"><iframe class=\"youtube-player\" width=\"560\" height=\"315\" src=\"https:\/\/www.youtube.com\/embed\/42S9FacBKTQ?version=3&#038;rel=1&#038;showsearch=0&#038;showinfo=1&#038;iv_load_policy=1&#038;fs=1&#038;hl=pt-BR&#038;autohide=2&#038;wmode=transparent\" allowfullscreen=\"true\" style=\"border:0;\" sandbox=\"allow-scripts allow-same-origin allow-popups allow-presentation\"><\/iframe><\/span>\n<p>Fotos e V\u00eddeo: Reprodu\u00e7\u00e3o.<\/p>\n","protected":false},"excerpt":{"rendered":"<p>Por mais um ano consecutivo, Cate Blanchett \u00e9 o rosto da fragr\u00e2ncia S\u00ed da Giorgio Armani. Desta vez a campanha tem clima de Natal, com direito a cen\u00e1rio e vestido vermelho. Cate aparece deslumbrante, com os cabelos presos e olhos pretos esfumados. Segundo a marca, o perfume tem um cheiro luxuoso, com notas de groselha [&hellip;]<\/p>\n","protected":false},"author":8,"featured_media":176968,"comment_status":"open","ping_status":"open","sticky":false,"template":"","format":"standard","meta":{"jetpack_post_was_ever_published":false,"_jetpack_newsletter_access":"","jetpack_publicize_message":"","jetpack_is_tweetstorm":false,"jetpack_publicize_feature_enabled":true,"jetpack_social_post_already_shared":true,"jetpack_social_options":{"image_generator_settings":{"template":"highway","enabled":false}}},"categories":[2],"tags":[],"jetpack_publicize_connections":[],"jetpack_featured_media_url":"https:\/\/i0.wp.com\/agrund.com\/wp-content\/uploads\/sites\/6\/2017\/12\/s-70.jpg?fit=960%2C300&ssl=1","jetpack_sharing_enabled":true,"jetpack_shortlink":"https:\/\/wp.me\/p3Hz0n-K2e","jetpack_likes_enabled":true,"_links":{"self":[{"href":"https:\/\/agrund.com\/index.php\/wp-json\/wp\/v2\/posts\/176962"}],"collection":[{"href":"https:\/\/agrund.com\/index.php\/wp-json\/wp\/v2\/posts"}],"about":[{"href":"https:\/\/agrund.com\/index.php\/wp-json\/wp\/v2\/types\/post"}],"author":[{"embeddable":true,"href":"https:\/\/agrund.com\/index.php\/wp-json\/wp\/v2\/users\/8"}],"replies":[{"embeddable":true,"href":"https:\/\/agrund.com\/index.php\/wp-json\/wp\/v2\/comments?post=176962"}],"version-history":[{"count":0,"href":"https:\/\/agrund.com\/index.php\/wp-json\/wp\/v2\/posts\/176962\/revisions"}],"wp:featuredmedia":[{"embeddable":true,"href":"https:\/\/agrund.com\/index.php\/wp-json\/wp\/v2\/media\/176968"}],"wp:attachment":[{"href":"https:\/\/agrund.com\/index.php\/wp-json\/wp\/v2\/media?parent=176962"}],"wp:term":[{"taxonomy":"category","embeddable":true,"href":"https:\/\/agrund.com\/index.php\/wp-json\/wp\/v2\/categories?post=176962"},{"taxonomy":"post_tag","embeddable":true,"href":"https:\/\/agrund.com\/index.php\/wp-json\/wp\/v2\/tags?post=176962"}],"curies":[{"name":"wp","href":"https:\/\/api.w.org\/{rel}","templated":true}]}}