{"id":176900,"date":"2017-12-20T12:00:04","date_gmt":"2017-12-20T14:00:04","guid":{"rendered":"http:\/\/www.agrund.com\/?p=176900"},"modified":"2017-12-20T10:02:04","modified_gmt":"2017-12-20T12:02:04","slug":"as-pinturas-misticas-da-gucci","status":"publish","type":"post","link":"https:\/\/agrund.com\/index.php\/as-pinturas-misticas-da-gucci\/","title":{"rendered":"As pinturas m\u00edsticas da Gucci"},"content":{"rendered":"<p>A Gucci se uniu ao artista Ignasi Monreal para criar uma campanha fora do convencional. Todos os cliques estrelados pelos modelos foram transformados em pinturas e ilustra\u00e7\u00f5es digitais.<\/p>\n<p>Chamada \u2018Utopian Fantasy\u2019, a campanha primavera\/ver\u00e3o 2018 mistura as refer\u00eancias cl\u00e1ssicas da Renascen\u00e7a a detalhes m\u00edsticos e fantasiosos, como sereias e a Branca de Neve. Veja o resultado na galeria abaixo:<\/p>\n<div id=\"attachment_176907\" style=\"width: 610px\" class=\"wp-caption aligncenter\"><img aria-describedby=\"caption-attachment-176907\" data-attachment-id=\"176907\" data-permalink=\"https:\/\/agrund.com\/index.php\/as-pinturas-misticas-da-gucci\/gucci-spring-summer-2018-campaign89487\/\" data-orig-file=\"https:\/\/i0.wp.com\/agrund.com\/wp-content\/uploads\/sites\/6\/2017\/12\/Gucci-Spring-Summer-2018-Campaign89487.jpg?fit=600%2C689&amp;ssl=1\" data-orig-size=\"600,689\" data-comments-opened=\"1\" data-image-meta=\"{&quot;aperture&quot;:&quot;0&quot;,&quot;credit&quot;:&quot;&quot;,&quot;camera&quot;:&quot;&quot;,&quot;caption&quot;:&quot;&quot;,&quot;created_timestamp&quot;:&quot;0&quot;,&quot;copyright&quot;:&quot;&quot;,&quot;focal_length&quot;:&quot;0&quot;,&quot;iso&quot;:&quot;0&quot;,&quot;shutter_speed&quot;:&quot;0&quot;,&quot;title&quot;:&quot;&quot;,&quot;orientation&quot;:&quot;1&quot;}\" data-image-title=\"As pinturas m\u00edsticas da Gucci\" data-image-description=\"\" data-image-caption=\"&lt;p&gt;As pinturas m\u00edsticas da Gucci&lt;\/p&gt;\n\" data-medium-file=\"https:\/\/i0.wp.com\/agrund.com\/wp-content\/uploads\/sites\/6\/2017\/12\/Gucci-Spring-Summer-2018-Campaign89487.jpg?fit=261%2C300&amp;ssl=1\" data-large-file=\"https:\/\/i0.wp.com\/agrund.com\/wp-content\/uploads\/sites\/6\/2017\/12\/Gucci-Spring-Summer-2018-Campaign89487.jpg?fit=600%2C689&amp;ssl=1\" decoding=\"async\" loading=\"lazy\" class=\"size-full wp-image-176907\" src=\"https:\/\/i0.wp.com\/www.agrund.com\/wp-content\/uploads\/sites\/6\/2017\/12\/Gucci-Spring-Summer-2018-Campaign89487.jpg?resize=600%2C689\" alt=\"\" width=\"600\" height=\"689\" srcset=\"https:\/\/i0.wp.com\/agrund.com\/wp-content\/uploads\/sites\/6\/2017\/12\/Gucci-Spring-Summer-2018-Campaign89487.jpg?w=600&amp;ssl=1 600w, https:\/\/i0.wp.com\/agrund.com\/wp-content\/uploads\/sites\/6\/2017\/12\/Gucci-Spring-Summer-2018-Campaign89487.jpg?resize=261%2C300&amp;ssl=1 261w\" sizes=\"(max-width: 600px) 100vw, 600px\" data-recalc-dims=\"1\" \/><p id=\"caption-attachment-176907\" class=\"wp-caption-text\">As pinturas m\u00edsticas da Gucci<\/p><\/div>\n<div id=\"attachment_176901\" style=\"width: 610px\" class=\"wp-caption aligncenter\"><img aria-describedby=\"caption-attachment-176901\" data-attachment-id=\"176901\" data-permalink=\"https:\/\/agrund.com\/index.php\/as-pinturas-misticas-da-gucci\/gucci-spring-summer-2018-campaign-001\/\" data-orig-file=\"https:\/\/i0.wp.com\/agrund.com\/wp-content\/uploads\/sites\/6\/2017\/12\/Gucci-Spring-Summer-2018-Campaign-001.jpg?fit=600%2C687&amp;ssl=1\" data-orig-size=\"600,687\" data-comments-opened=\"1\" data-image-meta=\"{&quot;aperture&quot;:&quot;0&quot;,&quot;credit&quot;:&quot;&quot;,&quot;camera&quot;:&quot;&quot;,&quot;caption&quot;:&quot;&quot;,&quot;created_timestamp&quot;:&quot;0&quot;,&quot;copyright&quot;:&quot;&quot;,&quot;focal_length&quot;:&quot;0&quot;,&quot;iso&quot;:&quot;0&quot;,&quot;shutter_speed&quot;:&quot;0&quot;,&quot;title&quot;:&quot;&quot;,&quot;orientation&quot;:&quot;1&quot;}\" data-image-title=\"As pinturas m\u00edsticas da Gucci\" data-image-description=\"\" data-image-caption=\"&lt;p&gt;As pinturas m\u00edsticas da Gucci&lt;\/p&gt;\n\" data-medium-file=\"https:\/\/i0.wp.com\/agrund.com\/wp-content\/uploads\/sites\/6\/2017\/12\/Gucci-Spring-Summer-2018-Campaign-001.jpg?fit=262%2C300&amp;ssl=1\" data-large-file=\"https:\/\/i0.wp.com\/agrund.com\/wp-content\/uploads\/sites\/6\/2017\/12\/Gucci-Spring-Summer-2018-Campaign-001.jpg?fit=600%2C687&amp;ssl=1\" decoding=\"async\" loading=\"lazy\" class=\"size-full wp-image-176901\" src=\"https:\/\/i0.wp.com\/www.agrund.com\/wp-content\/uploads\/sites\/6\/2017\/12\/Gucci-Spring-Summer-2018-Campaign-001.jpg?resize=600%2C687\" alt=\"\" width=\"600\" height=\"687\" srcset=\"https:\/\/i0.wp.com\/agrund.com\/wp-content\/uploads\/sites\/6\/2017\/12\/Gucci-Spring-Summer-2018-Campaign-001.jpg?w=600&amp;ssl=1 600w, https:\/\/i0.wp.com\/agrund.com\/wp-content\/uploads\/sites\/6\/2017\/12\/Gucci-Spring-Summer-2018-Campaign-001.jpg?resize=262%2C300&amp;ssl=1 262w\" sizes=\"(max-width: 600px) 100vw, 600px\" data-recalc-dims=\"1\" \/><p id=\"caption-attachment-176901\" class=\"wp-caption-text\">As pinturas m\u00edsticas da Gucci<\/p><\/div>\n<div id=\"attachment_176902\" style=\"width: 610px\" class=\"wp-caption aligncenter\"><img aria-describedby=\"caption-attachment-176902\" data-attachment-id=\"176902\" data-permalink=\"https:\/\/agrund.com\/index.php\/as-pinturas-misticas-da-gucci\/gucci-spring-summer-2018-campaign-002\/\" data-orig-file=\"https:\/\/i0.wp.com\/agrund.com\/wp-content\/uploads\/sites\/6\/2017\/12\/Gucci-Spring-Summer-2018-Campaign-002.jpg?fit=600%2C693&amp;ssl=1\" data-orig-size=\"600,693\" data-comments-opened=\"1\" data-image-meta=\"{&quot;aperture&quot;:&quot;0&quot;,&quot;credit&quot;:&quot;&quot;,&quot;camera&quot;:&quot;&quot;,&quot;caption&quot;:&quot;&quot;,&quot;created_timestamp&quot;:&quot;0&quot;,&quot;copyright&quot;:&quot;&quot;,&quot;focal_length&quot;:&quot;0&quot;,&quot;iso&quot;:&quot;0&quot;,&quot;shutter_speed&quot;:&quot;0&quot;,&quot;title&quot;:&quot;&quot;,&quot;orientation&quot;:&quot;1&quot;}\" data-image-title=\"As pinturas m\u00edsticas da Gucci\" data-image-description=\"\" data-image-caption=\"&lt;p&gt;As pinturas m\u00edsticas da Gucci&lt;\/p&gt;\n\" data-medium-file=\"https:\/\/i0.wp.com\/agrund.com\/wp-content\/uploads\/sites\/6\/2017\/12\/Gucci-Spring-Summer-2018-Campaign-002.jpg?fit=260%2C300&amp;ssl=1\" data-large-file=\"https:\/\/i0.wp.com\/agrund.com\/wp-content\/uploads\/sites\/6\/2017\/12\/Gucci-Spring-Summer-2018-Campaign-002.jpg?fit=600%2C693&amp;ssl=1\" decoding=\"async\" loading=\"lazy\" class=\"size-full wp-image-176902\" src=\"https:\/\/i0.wp.com\/www.agrund.com\/wp-content\/uploads\/sites\/6\/2017\/12\/Gucci-Spring-Summer-2018-Campaign-002.jpg?resize=600%2C693\" alt=\"\" width=\"600\" height=\"693\" srcset=\"https:\/\/i0.wp.com\/agrund.com\/wp-content\/uploads\/sites\/6\/2017\/12\/Gucci-Spring-Summer-2018-Campaign-002.jpg?w=600&amp;ssl=1 600w, https:\/\/i0.wp.com\/agrund.com\/wp-content\/uploads\/sites\/6\/2017\/12\/Gucci-Spring-Summer-2018-Campaign-002.jpg?resize=260%2C300&amp;ssl=1 260w\" sizes=\"(max-width: 600px) 100vw, 600px\" data-recalc-dims=\"1\" \/><p id=\"caption-attachment-176902\" class=\"wp-caption-text\">As pinturas m\u00edsticas da Gucci<\/p><\/div>\n<div id=\"attachment_176905\" style=\"width: 610px\" class=\"wp-caption aligncenter\"><img aria-describedby=\"caption-attachment-176905\" data-attachment-id=\"176905\" data-permalink=\"https:\/\/agrund.com\/index.php\/as-pinturas-misticas-da-gucci\/gucci-spring-summer-2018-campaign19024\/\" data-orig-file=\"https:\/\/i0.wp.com\/agrund.com\/wp-content\/uploads\/sites\/6\/2017\/12\/Gucci-Spring-Summer-2018-Campaign19024.jpg?fit=600%2C344&amp;ssl=1\" data-orig-size=\"600,344\" data-comments-opened=\"1\" data-image-meta=\"{&quot;aperture&quot;:&quot;0&quot;,&quot;credit&quot;:&quot;&quot;,&quot;camera&quot;:&quot;&quot;,&quot;caption&quot;:&quot;&quot;,&quot;created_timestamp&quot;:&quot;0&quot;,&quot;copyright&quot;:&quot;&quot;,&quot;focal_length&quot;:&quot;0&quot;,&quot;iso&quot;:&quot;0&quot;,&quot;shutter_speed&quot;:&quot;0&quot;,&quot;title&quot;:&quot;&quot;,&quot;orientation&quot;:&quot;1&quot;}\" data-image-title=\"As pinturas m\u00edsticas da Gucci\" data-image-description=\"\" data-image-caption=\"&lt;p&gt;As pinturas m\u00edsticas da Gucci&lt;\/p&gt;\n\" data-medium-file=\"https:\/\/i0.wp.com\/agrund.com\/wp-content\/uploads\/sites\/6\/2017\/12\/Gucci-Spring-Summer-2018-Campaign19024.jpg?fit=300%2C172&amp;ssl=1\" data-large-file=\"https:\/\/i0.wp.com\/agrund.com\/wp-content\/uploads\/sites\/6\/2017\/12\/Gucci-Spring-Summer-2018-Campaign19024.jpg?fit=600%2C344&amp;ssl=1\" decoding=\"async\" loading=\"lazy\" class=\"size-full wp-image-176905\" src=\"https:\/\/i0.wp.com\/www.agrund.com\/wp-content\/uploads\/sites\/6\/2017\/12\/Gucci-Spring-Summer-2018-Campaign19024.jpg?resize=600%2C344\" alt=\"\" width=\"600\" height=\"344\" srcset=\"https:\/\/i0.wp.com\/agrund.com\/wp-content\/uploads\/sites\/6\/2017\/12\/Gucci-Spring-Summer-2018-Campaign19024.jpg?w=600&amp;ssl=1 600w, https:\/\/i0.wp.com\/agrund.com\/wp-content\/uploads\/sites\/6\/2017\/12\/Gucci-Spring-Summer-2018-Campaign19024.jpg?resize=300%2C172&amp;ssl=1 300w\" sizes=\"(max-width: 600px) 100vw, 600px\" data-recalc-dims=\"1\" \/><p id=\"caption-attachment-176905\" class=\"wp-caption-text\">As pinturas m\u00edsticas da Gucci<\/p><\/div>\n<div id=\"attachment_176906\" style=\"width: 610px\" class=\"wp-caption aligncenter\"><img aria-describedby=\"caption-attachment-176906\" data-attachment-id=\"176906\" data-permalink=\"https:\/\/agrund.com\/index.php\/as-pinturas-misticas-da-gucci\/gucci-spring-summer-2018-campaign30896\/\" data-orig-file=\"https:\/\/i0.wp.com\/agrund.com\/wp-content\/uploads\/sites\/6\/2017\/12\/Gucci-Spring-Summer-2018-Campaign30896.jpg?fit=600%2C689&amp;ssl=1\" data-orig-size=\"600,689\" data-comments-opened=\"1\" data-image-meta=\"{&quot;aperture&quot;:&quot;0&quot;,&quot;credit&quot;:&quot;&quot;,&quot;camera&quot;:&quot;&quot;,&quot;caption&quot;:&quot;&quot;,&quot;created_timestamp&quot;:&quot;0&quot;,&quot;copyright&quot;:&quot;&quot;,&quot;focal_length&quot;:&quot;0&quot;,&quot;iso&quot;:&quot;0&quot;,&quot;shutter_speed&quot;:&quot;0&quot;,&quot;title&quot;:&quot;&quot;,&quot;orientation&quot;:&quot;1&quot;}\" data-image-title=\"As pinturas m\u00edsticas da Gucci\" data-image-description=\"\" data-image-caption=\"&lt;p&gt;As pinturas m\u00edsticas da Gucci&lt;\/p&gt;\n\" data-medium-file=\"https:\/\/i0.wp.com\/agrund.com\/wp-content\/uploads\/sites\/6\/2017\/12\/Gucci-Spring-Summer-2018-Campaign30896.jpg?fit=261%2C300&amp;ssl=1\" data-large-file=\"https:\/\/i0.wp.com\/agrund.com\/wp-content\/uploads\/sites\/6\/2017\/12\/Gucci-Spring-Summer-2018-Campaign30896.jpg?fit=600%2C689&amp;ssl=1\" decoding=\"async\" loading=\"lazy\" class=\"size-full wp-image-176906\" src=\"https:\/\/i0.wp.com\/www.agrund.com\/wp-content\/uploads\/sites\/6\/2017\/12\/Gucci-Spring-Summer-2018-Campaign30896.jpg?resize=600%2C689\" alt=\"\" width=\"600\" height=\"689\" srcset=\"https:\/\/i0.wp.com\/agrund.com\/wp-content\/uploads\/sites\/6\/2017\/12\/Gucci-Spring-Summer-2018-Campaign30896.jpg?w=600&amp;ssl=1 600w, https:\/\/i0.wp.com\/agrund.com\/wp-content\/uploads\/sites\/6\/2017\/12\/Gucci-Spring-Summer-2018-Campaign30896.jpg?resize=261%2C300&amp;ssl=1 261w\" sizes=\"(max-width: 600px) 100vw, 600px\" data-recalc-dims=\"1\" \/><p id=\"caption-attachment-176906\" class=\"wp-caption-text\">As pinturas m\u00edsticas da Gucci<\/p><\/div>\n<div id=\"attachment_176903\" style=\"width: 610px\" class=\"wp-caption aligncenter\"><img aria-describedby=\"caption-attachment-176903\" data-attachment-id=\"176903\" data-permalink=\"https:\/\/agrund.com\/index.php\/as-pinturas-misticas-da-gucci\/gucci-spring-summer-2018-campaign-003\/\" data-orig-file=\"https:\/\/i0.wp.com\/agrund.com\/wp-content\/uploads\/sites\/6\/2017\/12\/Gucci-Spring-Summer-2018-Campaign-003.jpg?fit=600%2C689&amp;ssl=1\" data-orig-size=\"600,689\" data-comments-opened=\"1\" data-image-meta=\"{&quot;aperture&quot;:&quot;0&quot;,&quot;credit&quot;:&quot;&quot;,&quot;camera&quot;:&quot;&quot;,&quot;caption&quot;:&quot;&quot;,&quot;created_timestamp&quot;:&quot;0&quot;,&quot;copyright&quot;:&quot;&quot;,&quot;focal_length&quot;:&quot;0&quot;,&quot;iso&quot;:&quot;0&quot;,&quot;shutter_speed&quot;:&quot;0&quot;,&quot;title&quot;:&quot;&quot;,&quot;orientation&quot;:&quot;1&quot;}\" data-image-title=\"As pinturas m\u00edsticas da Gucci\" data-image-description=\"\" data-image-caption=\"&lt;p&gt;As pinturas m\u00edsticas da Gucci&lt;\/p&gt;\n\" data-medium-file=\"https:\/\/i0.wp.com\/agrund.com\/wp-content\/uploads\/sites\/6\/2017\/12\/Gucci-Spring-Summer-2018-Campaign-003.jpg?fit=261%2C300&amp;ssl=1\" data-large-file=\"https:\/\/i0.wp.com\/agrund.com\/wp-content\/uploads\/sites\/6\/2017\/12\/Gucci-Spring-Summer-2018-Campaign-003.jpg?fit=600%2C689&amp;ssl=1\" decoding=\"async\" loading=\"lazy\" class=\"size-full wp-image-176903\" src=\"https:\/\/i0.wp.com\/www.agrund.com\/wp-content\/uploads\/sites\/6\/2017\/12\/Gucci-Spring-Summer-2018-Campaign-003.jpg?resize=600%2C689\" alt=\"\" width=\"600\" height=\"689\" srcset=\"https:\/\/i0.wp.com\/agrund.com\/wp-content\/uploads\/sites\/6\/2017\/12\/Gucci-Spring-Summer-2018-Campaign-003.jpg?w=600&amp;ssl=1 600w, https:\/\/i0.wp.com\/agrund.com\/wp-content\/uploads\/sites\/6\/2017\/12\/Gucci-Spring-Summer-2018-Campaign-003.jpg?resize=261%2C300&amp;ssl=1 261w\" sizes=\"(max-width: 600px) 100vw, 600px\" data-recalc-dims=\"1\" \/><p id=\"caption-attachment-176903\" class=\"wp-caption-text\">As pinturas m\u00edsticas da Gucci<\/p><\/div>\n<div id=\"attachment_176908\" style=\"width: 610px\" class=\"wp-caption aligncenter\"><img aria-describedby=\"caption-attachment-176908\" data-attachment-id=\"176908\" data-permalink=\"https:\/\/agrund.com\/index.php\/as-pinturas-misticas-da-gucci\/gucci-spring-summer-2018-campaign102285\/\" data-orig-file=\"https:\/\/i0.wp.com\/agrund.com\/wp-content\/uploads\/sites\/6\/2017\/12\/Gucci-Spring-Summer-2018-Campaign102285.jpg?fit=600%2C344&amp;ssl=1\" data-orig-size=\"600,344\" data-comments-opened=\"1\" data-image-meta=\"{&quot;aperture&quot;:&quot;0&quot;,&quot;credit&quot;:&quot;&quot;,&quot;camera&quot;:&quot;&quot;,&quot;caption&quot;:&quot;&quot;,&quot;created_timestamp&quot;:&quot;0&quot;,&quot;copyright&quot;:&quot;&quot;,&quot;focal_length&quot;:&quot;0&quot;,&quot;iso&quot;:&quot;0&quot;,&quot;shutter_speed&quot;:&quot;0&quot;,&quot;title&quot;:&quot;&quot;,&quot;orientation&quot;:&quot;1&quot;}\" data-image-title=\"As pinturas m\u00edsticas da Gucci\" data-image-description=\"\" data-image-caption=\"&lt;p&gt;As pinturas m\u00edsticas da Gucci&lt;\/p&gt;\n\" data-medium-file=\"https:\/\/i0.wp.com\/agrund.com\/wp-content\/uploads\/sites\/6\/2017\/12\/Gucci-Spring-Summer-2018-Campaign102285.jpg?fit=300%2C172&amp;ssl=1\" data-large-file=\"https:\/\/i0.wp.com\/agrund.com\/wp-content\/uploads\/sites\/6\/2017\/12\/Gucci-Spring-Summer-2018-Campaign102285.jpg?fit=600%2C344&amp;ssl=1\" decoding=\"async\" loading=\"lazy\" class=\"size-full wp-image-176908\" src=\"https:\/\/i0.wp.com\/www.agrund.com\/wp-content\/uploads\/sites\/6\/2017\/12\/Gucci-Spring-Summer-2018-Campaign102285.jpg?resize=600%2C344\" alt=\"\" width=\"600\" height=\"344\" srcset=\"https:\/\/i0.wp.com\/agrund.com\/wp-content\/uploads\/sites\/6\/2017\/12\/Gucci-Spring-Summer-2018-Campaign102285.jpg?w=600&amp;ssl=1 600w, https:\/\/i0.wp.com\/agrund.com\/wp-content\/uploads\/sites\/6\/2017\/12\/Gucci-Spring-Summer-2018-Campaign102285.jpg?resize=300%2C172&amp;ssl=1 300w\" sizes=\"(max-width: 600px) 100vw, 600px\" data-recalc-dims=\"1\" \/><p id=\"caption-attachment-176908\" class=\"wp-caption-text\">As pinturas m\u00edsticas da Gucci<\/p><\/div>\n<div id=\"attachment_176904\" style=\"width: 610px\" class=\"wp-caption aligncenter\"><img aria-describedby=\"caption-attachment-176904\" data-attachment-id=\"176904\" data-permalink=\"https:\/\/agrund.com\/index.php\/as-pinturas-misticas-da-gucci\/gucci-spring-summer-2018-campaign-004\/\" data-orig-file=\"https:\/\/i0.wp.com\/agrund.com\/wp-content\/uploads\/sites\/6\/2017\/12\/Gucci-Spring-Summer-2018-Campaign-004.jpg?fit=600%2C687&amp;ssl=1\" data-orig-size=\"600,687\" data-comments-opened=\"1\" data-image-meta=\"{&quot;aperture&quot;:&quot;0&quot;,&quot;credit&quot;:&quot;&quot;,&quot;camera&quot;:&quot;&quot;,&quot;caption&quot;:&quot;&quot;,&quot;created_timestamp&quot;:&quot;0&quot;,&quot;copyright&quot;:&quot;&quot;,&quot;focal_length&quot;:&quot;0&quot;,&quot;iso&quot;:&quot;0&quot;,&quot;shutter_speed&quot;:&quot;0&quot;,&quot;title&quot;:&quot;&quot;,&quot;orientation&quot;:&quot;1&quot;}\" data-image-title=\"As pinturas m\u00edsticas da Gucci\" data-image-description=\"\" data-image-caption=\"&lt;p&gt;As pinturas m\u00edsticas da Gucci&lt;\/p&gt;\n\" data-medium-file=\"https:\/\/i0.wp.com\/agrund.com\/wp-content\/uploads\/sites\/6\/2017\/12\/Gucci-Spring-Summer-2018-Campaign-004.jpg?fit=262%2C300&amp;ssl=1\" data-large-file=\"https:\/\/i0.wp.com\/agrund.com\/wp-content\/uploads\/sites\/6\/2017\/12\/Gucci-Spring-Summer-2018-Campaign-004.jpg?fit=600%2C687&amp;ssl=1\" decoding=\"async\" loading=\"lazy\" class=\"size-full wp-image-176904\" src=\"https:\/\/i0.wp.com\/www.agrund.com\/wp-content\/uploads\/sites\/6\/2017\/12\/Gucci-Spring-Summer-2018-Campaign-004.jpg?resize=600%2C687\" alt=\"\" width=\"600\" height=\"687\" srcset=\"https:\/\/i0.wp.com\/agrund.com\/wp-content\/uploads\/sites\/6\/2017\/12\/Gucci-Spring-Summer-2018-Campaign-004.jpg?w=600&amp;ssl=1 600w, https:\/\/i0.wp.com\/agrund.com\/wp-content\/uploads\/sites\/6\/2017\/12\/Gucci-Spring-Summer-2018-Campaign-004.jpg?resize=262%2C300&amp;ssl=1 262w\" sizes=\"(max-width: 600px) 100vw, 600px\" data-recalc-dims=\"1\" \/><p id=\"caption-attachment-176904\" class=\"wp-caption-text\">As pinturas m\u00edsticas da Gucci<\/p><\/div>\n<p>Fotos: Reprodu\u00e7\u00e3o.<\/p>\n","protected":false},"excerpt":{"rendered":"<p>A Gucci se uniu ao artista Ignasi Monreal para criar uma campanha fora do convencional. Todos os cliques estrelados pelos modelos foram transformados em pinturas e ilustra\u00e7\u00f5es digitais. Chamada \u2018Utopian Fantasy\u2019, a campanha primavera\/ver\u00e3o 2018 mistura as refer\u00eancias cl\u00e1ssicas da Renascen\u00e7a a detalhes m\u00edsticos e fantasiosos, como sereias e a Branca de Neve. Veja o [&hellip;]<\/p>\n","protected":false},"author":8,"featured_media":176910,"comment_status":"open","ping_status":"open","sticky":false,"template":"","format":"standard","meta":{"jetpack_post_was_ever_published":false,"_jetpack_newsletter_access":"","jetpack_publicize_message":"","jetpack_is_tweetstorm":false,"jetpack_publicize_feature_enabled":true,"jetpack_social_post_already_shared":true,"jetpack_social_options":{"image_generator_settings":{"template":"highway","enabled":false}}},"categories":[2],"tags":[],"jetpack_publicize_connections":[],"jetpack_featured_media_url":"https:\/\/i0.wp.com\/agrund.com\/wp-content\/uploads\/sites\/6\/2017\/12\/s-64.jpg?fit=960%2C300&ssl=1","jetpack_sharing_enabled":true,"jetpack_shortlink":"https:\/\/wp.me\/p3Hz0n-K1e","jetpack_likes_enabled":true,"_links":{"self":[{"href":"https:\/\/agrund.com\/index.php\/wp-json\/wp\/v2\/posts\/176900"}],"collection":[{"href":"https:\/\/agrund.com\/index.php\/wp-json\/wp\/v2\/posts"}],"about":[{"href":"https:\/\/agrund.com\/index.php\/wp-json\/wp\/v2\/types\/post"}],"author":[{"embeddable":true,"href":"https:\/\/agrund.com\/index.php\/wp-json\/wp\/v2\/users\/8"}],"replies":[{"embeddable":true,"href":"https:\/\/agrund.com\/index.php\/wp-json\/wp\/v2\/comments?post=176900"}],"version-history":[{"count":0,"href":"https:\/\/agrund.com\/index.php\/wp-json\/wp\/v2\/posts\/176900\/revisions"}],"wp:featuredmedia":[{"embeddable":true,"href":"https:\/\/agrund.com\/index.php\/wp-json\/wp\/v2\/media\/176910"}],"wp:attachment":[{"href":"https:\/\/agrund.com\/index.php\/wp-json\/wp\/v2\/media?parent=176900"}],"wp:term":[{"taxonomy":"category","embeddable":true,"href":"https:\/\/agrund.com\/index.php\/wp-json\/wp\/v2\/categories?post=176900"},{"taxonomy":"post_tag","embeddable":true,"href":"https:\/\/agrund.com\/index.php\/wp-json\/wp\/v2\/tags?post=176900"}],"curies":[{"name":"wp","href":"https:\/\/api.w.org\/{rel}","templated":true}]}}