{"id":176892,"date":"2017-12-20T10:00:55","date_gmt":"2017-12-20T12:00:55","guid":{"rendered":"http:\/\/www.agrund.com\/?p=176892"},"modified":"2017-12-20T09:42:22","modified_gmt":"2017-12-20T11:42:22","slug":"o-cartao-de-natal-da-familia-real","status":"publish","type":"post","link":"https:\/\/agrund.com\/index.php\/o-cartao-de-natal-da-familia-real\/","title":{"rendered":"O cart\u00e3o de Natal da Fam\u00edlia Real"},"content":{"rendered":"<p>Fora do Brasil \u00e9 uma tradi\u00e7\u00e3o das fam\u00edlias fazerem cart\u00f5es de Natal personalizados para enviar aos seus conhecidos. E n\u00e3o estamos falando apenas das fam\u00edlias tradicionais, mas tamb\u00e9m da fam\u00edlia real brit\u00e2nica.<\/p>\n<p>O Kensington Palace divulgou esta semana a foto que est\u00e1 no cart\u00e3o de Natal da Fam\u00edlia Real. Nela, o pr\u00edncipe William aparece acompanhado por Kate Middleton e seus dois filhos, George e Charlotte. Os quatro est\u00e3o sorridentes e com looks coordenados em tons de azul. Uma gra\u00e7a!<\/p>\n<p>Vai se inspirar para fazer o seu?<\/p>\n<div id=\"attachment_176893\" style=\"width: 610px\" class=\"wp-caption aligncenter\"><img aria-describedby=\"caption-attachment-176893\" data-attachment-id=\"176893\" data-permalink=\"https:\/\/agrund.com\/index.php\/o-cartao-de-natal-da-familia-real\/1-1185\/\" data-orig-file=\"https:\/\/i0.wp.com\/agrund.com\/wp-content\/uploads\/sites\/6\/2017\/12\/1-e1513770056192.jpeg?fit=600%2C863&amp;ssl=1\" data-orig-size=\"600,863\" data-comments-opened=\"1\" data-image-meta=\"{&quot;aperture&quot;:&quot;0&quot;,&quot;credit&quot;:&quot;&quot;,&quot;camera&quot;:&quot;&quot;,&quot;caption&quot;:&quot;&quot;,&quot;created_timestamp&quot;:&quot;0&quot;,&quot;copyright&quot;:&quot;&quot;,&quot;focal_length&quot;:&quot;0&quot;,&quot;iso&quot;:&quot;0&quot;,&quot;shutter_speed&quot;:&quot;0&quot;,&quot;title&quot;:&quot;&quot;,&quot;orientation&quot;:&quot;0&quot;}\" data-image-title=\"O cart\u00e3o de Natal da Fam\u00edlia Real\" data-image-description=\"\" data-image-caption=\"&lt;p&gt;O cart\u00e3o de Natal da Fam\u00edlia Real&lt;\/p&gt;\n\" data-medium-file=\"https:\/\/i0.wp.com\/agrund.com\/wp-content\/uploads\/sites\/6\/2017\/12\/1-e1513770056192.jpeg?fit=209%2C300&amp;ssl=1\" data-large-file=\"https:\/\/i0.wp.com\/agrund.com\/wp-content\/uploads\/sites\/6\/2017\/12\/1-e1513770056192.jpeg?fit=600%2C863&amp;ssl=1\" decoding=\"async\" loading=\"lazy\" class=\"size-full wp-image-176893\" src=\"https:\/\/i0.wp.com\/www.agrund.com\/wp-content\/uploads\/sites\/6\/2017\/12\/1-e1513770056192.jpeg?resize=600%2C863\" alt=\"\" width=\"600\" height=\"863\" data-recalc-dims=\"1\" \/><p id=\"caption-attachment-176893\" class=\"wp-caption-text\">O cart\u00e3o de Natal da Fam\u00edlia Real<\/p><\/div>\n<p>Foto: Reprodu\u00e7\u00e3o.<\/p>\n","protected":false},"excerpt":{"rendered":"<p>Fora do Brasil \u00e9 uma tradi\u00e7\u00e3o das fam\u00edlias fazerem cart\u00f5es de Natal personalizados para enviar aos seus conhecidos. E n\u00e3o estamos falando apenas das fam\u00edlias tradicionais, mas tamb\u00e9m da fam\u00edlia real brit\u00e2nica. O Kensington Palace divulgou esta semana a foto que est\u00e1 no cart\u00e3o de Natal da Fam\u00edlia Real. Nela, o pr\u00edncipe William aparece acompanhado [&hellip;]<\/p>\n","protected":false},"author":8,"featured_media":176894,"comment_status":"open","ping_status":"open","sticky":false,"template":"","format":"standard","meta":{"jetpack_post_was_ever_published":false,"_jetpack_newsletter_access":"","jetpack_publicize_message":"","jetpack_is_tweetstorm":false,"jetpack_publicize_feature_enabled":true,"jetpack_social_post_already_shared":true,"jetpack_social_options":{"image_generator_settings":{"template":"highway","enabled":false}}},"categories":[2],"tags":[],"jetpack_publicize_connections":[],"jetpack_featured_media_url":"https:\/\/i0.wp.com\/agrund.com\/wp-content\/uploads\/sites\/6\/2017\/12\/s-62.jpg?fit=960%2C300&ssl=1","jetpack_sharing_enabled":true,"jetpack_shortlink":"https:\/\/wp.me\/p3Hz0n-K16","jetpack_likes_enabled":true,"_links":{"self":[{"href":"https:\/\/agrund.com\/index.php\/wp-json\/wp\/v2\/posts\/176892"}],"collection":[{"href":"https:\/\/agrund.com\/index.php\/wp-json\/wp\/v2\/posts"}],"about":[{"href":"https:\/\/agrund.com\/index.php\/wp-json\/wp\/v2\/types\/post"}],"author":[{"embeddable":true,"href":"https:\/\/agrund.com\/index.php\/wp-json\/wp\/v2\/users\/8"}],"replies":[{"embeddable":true,"href":"https:\/\/agrund.com\/index.php\/wp-json\/wp\/v2\/comments?post=176892"}],"version-history":[{"count":0,"href":"https:\/\/agrund.com\/index.php\/wp-json\/wp\/v2\/posts\/176892\/revisions"}],"wp:featuredmedia":[{"embeddable":true,"href":"https:\/\/agrund.com\/index.php\/wp-json\/wp\/v2\/media\/176894"}],"wp:attachment":[{"href":"https:\/\/agrund.com\/index.php\/wp-json\/wp\/v2\/media?parent=176892"}],"wp:term":[{"taxonomy":"category","embeddable":true,"href":"https:\/\/agrund.com\/index.php\/wp-json\/wp\/v2\/categories?post=176892"},{"taxonomy":"post_tag","embeddable":true,"href":"https:\/\/agrund.com\/index.php\/wp-json\/wp\/v2\/tags?post=176892"}],"curies":[{"name":"wp","href":"https:\/\/api.w.org\/{rel}","templated":true}]}}