{"id":176854,"date":"2017-12-19T11:00:54","date_gmt":"2017-12-19T13:00:54","guid":{"rendered":"http:\/\/www.agrund.com\/?p=176854"},"modified":"2017-12-19T09:32:36","modified_gmt":"2017-12-19T11:32:36","slug":"nicola-formichetti-anuncia-sua-saida-da-diesel","status":"publish","type":"post","link":"https:\/\/agrund.com\/index.php\/nicola-formichetti-anuncia-sua-saida-da-diesel\/","title":{"rendered":"Nicola Formichetti anuncia sua sa\u00edda da Diesel"},"content":{"rendered":"<p>Mais uma mudan\u00e7a no mundo da moda. Nicola Formichetti anunciou que ir\u00e1 deixar o posto de diretor criatividade Diesel. Depois de quatro anos \u00e0 frente da marca francesa, o designer decidiu se dedicar aos seus projetos pessoais.<\/p>\n<p>\u201cO contrato [de Nicola] acaba no fim de dezembro, ent\u00e3o n\u00e3o h\u00e1 muito a dizer. Foi uma colabora\u00e7\u00e3o fant\u00e1stica&#8221;, explicou Renzo Rosso, fundador da Diesel, em entrevista ao WWD.<\/p>\n<p>Na mesma entrevista, Rosso afirmou que ainda n\u00e3o h\u00e1 planos para o sucessor de Formichetti. Desejamos sucesso a todos!<\/p>\n<div id=\"attachment_176855\" style=\"width: 610px\" class=\"wp-caption aligncenter\"><img aria-describedby=\"caption-attachment-176855\" data-attachment-id=\"176855\" data-permalink=\"https:\/\/agrund.com\/index.php\/nicola-formichetti-anuncia-sua-saida-da-diesel\/nic\/\" data-orig-file=\"https:\/\/i0.wp.com\/agrund.com\/wp-content\/uploads\/sites\/6\/2017\/12\/nic-e1513683086312.jpg?fit=600%2C312&amp;ssl=1\" data-orig-size=\"600,312\" data-comments-opened=\"1\" data-image-meta=\"{&quot;aperture&quot;:&quot;3.5&quot;,&quot;credit&quot;:&quot;&quot;,&quot;camera&quot;:&quot;Canon EOS-1D X&quot;,&quot;caption&quot;:&quot;&quot;,&quot;created_timestamp&quot;:&quot;1447782602&quot;,&quot;copyright&quot;:&quot;&quot;,&quot;focal_length&quot;:&quot;44&quot;,&quot;iso&quot;:&quot;1600&quot;,&quot;shutter_speed&quot;:&quot;0.0125&quot;,&quot;title&quot;:&quot;&quot;,&quot;orientation&quot;:&quot;1&quot;}\" data-image-title=\"Nicola Formichetti anuncia sua sa\u00edda da Diesel\" data-image-description=\"\" data-image-caption=\"&lt;p&gt;Nicola Formichetti anuncia sua sa\u00edda da Diesel &lt;\/p&gt;\n\" data-medium-file=\"https:\/\/i0.wp.com\/agrund.com\/wp-content\/uploads\/sites\/6\/2017\/12\/nic-e1513683086312.jpg?fit=300%2C156&amp;ssl=1\" data-large-file=\"https:\/\/i0.wp.com\/agrund.com\/wp-content\/uploads\/sites\/6\/2017\/12\/nic-e1513683086312.jpg?fit=1024%2C533&amp;ssl=1\" decoding=\"async\" loading=\"lazy\" class=\"size-full wp-image-176855\" src=\"https:\/\/i0.wp.com\/www.agrund.com\/wp-content\/uploads\/sites\/6\/2017\/12\/nic-e1513683086312.jpg?resize=600%2C312\" alt=\"\" width=\"600\" height=\"312\" data-recalc-dims=\"1\" \/><p id=\"caption-attachment-176855\" class=\"wp-caption-text\">Nicola Formichetti anuncia sua sa\u00edda da Diesel<\/p><\/div>\n<p>Foto: Reprodu\u00e7\u00e3o.<\/p>\n","protected":false},"excerpt":{"rendered":"<p>Mais uma mudan\u00e7a no mundo da moda. Nicola Formichetti anunciou que ir\u00e1 deixar o posto de diretor criatividade Diesel. Depois de quatro anos \u00e0 frente da marca francesa, o designer decidiu se dedicar aos seus projetos pessoais. \u201cO contrato [de Nicola] acaba no fim de dezembro, ent\u00e3o n\u00e3o h\u00e1 muito a dizer. Foi uma colabora\u00e7\u00e3o [&hellip;]<\/p>\n","protected":false},"author":8,"featured_media":176856,"comment_status":"open","ping_status":"open","sticky":false,"template":"","format":"standard","meta":{"jetpack_post_was_ever_published":false,"_jetpack_newsletter_access":"","jetpack_publicize_message":"","jetpack_is_tweetstorm":false,"jetpack_publicize_feature_enabled":true,"jetpack_social_post_already_shared":true,"jetpack_social_options":{"image_generator_settings":{"template":"highway","enabled":false}}},"categories":[2],"tags":[],"jetpack_publicize_connections":[],"jetpack_featured_media_url":"https:\/\/i0.wp.com\/agrund.com\/wp-content\/uploads\/sites\/6\/2017\/12\/s-59.jpg?fit=960%2C300&ssl=1","jetpack_sharing_enabled":true,"jetpack_shortlink":"https:\/\/wp.me\/p3Hz0n-K0u","jetpack_likes_enabled":true,"_links":{"self":[{"href":"https:\/\/agrund.com\/index.php\/wp-json\/wp\/v2\/posts\/176854"}],"collection":[{"href":"https:\/\/agrund.com\/index.php\/wp-json\/wp\/v2\/posts"}],"about":[{"href":"https:\/\/agrund.com\/index.php\/wp-json\/wp\/v2\/types\/post"}],"author":[{"embeddable":true,"href":"https:\/\/agrund.com\/index.php\/wp-json\/wp\/v2\/users\/8"}],"replies":[{"embeddable":true,"href":"https:\/\/agrund.com\/index.php\/wp-json\/wp\/v2\/comments?post=176854"}],"version-history":[{"count":0,"href":"https:\/\/agrund.com\/index.php\/wp-json\/wp\/v2\/posts\/176854\/revisions"}],"wp:featuredmedia":[{"embeddable":true,"href":"https:\/\/agrund.com\/index.php\/wp-json\/wp\/v2\/media\/176856"}],"wp:attachment":[{"href":"https:\/\/agrund.com\/index.php\/wp-json\/wp\/v2\/media?parent=176854"}],"wp:term":[{"taxonomy":"category","embeddable":true,"href":"https:\/\/agrund.com\/index.php\/wp-json\/wp\/v2\/categories?post=176854"},{"taxonomy":"post_tag","embeddable":true,"href":"https:\/\/agrund.com\/index.php\/wp-json\/wp\/v2\/tags?post=176854"}],"curies":[{"name":"wp","href":"https:\/\/api.w.org\/{rel}","templated":true}]}}