{"id":176769,"date":"2017-12-15T17:00:42","date_gmt":"2017-12-15T19:00:42","guid":{"rendered":"http:\/\/www.agrund.com\/?p=176769"},"modified":"2017-12-15T17:21:32","modified_gmt":"2017-12-15T19:21:32","slug":"a-cor-do-ano-2018-ultra-violeta","status":"publish","type":"post","link":"https:\/\/agrund.com\/index.php\/a-cor-do-ano-2018-ultra-violeta\/","title":{"rendered":"A cor do ano 2018: Ultra Violeta"},"content":{"rendered":"<p>Por <a href=\"http:\/\/blogdathay.com.br\/\">Thay Sanqueta<\/a><\/p>\n<p>Depois da Rose Quartz de 2016, da greenery em 2017, a Pantone elege a \u201cUltra Violeta\u201d como a cor de 2018. Um tom roxo e purpura, agregando drama, criatividade, provoca\u00e7\u00e3o e imagina\u00e7\u00e3o que promete iluminar o caminho do que ainda est\u00e1 por vir. A\u00a0cor nada discreta promete invadir o mundo da moda no pr\u00f3ximo ano. A cor futurista \u00e9 considerada tamb\u00e9m m\u00edstica, alguns at\u00e9 acreditam que o ultra violeta tem o poder de transmuta\u00e7\u00e3o e transforma\u00e7\u00e3o, al\u00e9m de trazer coisas boas.<\/p>\n<p>A cor ganha ainda mais destaque combinada ao verde e amarelo, mas pode ser usada para as menos ousadas com cartela neutra, branco, preto e cinza. Por\u00e9m estou preferindo as produ\u00e7\u00f5es combinadas com o rosa millennial. J\u00e1 percebeu que ser\u00e1 babado, n\u00e9!<\/p>\n<p>N\u00e3o pense que a cor est\u00e1 restrita aos looks, o ultra violeta tamb\u00e9m ser\u00e1 o queridinho nas decora\u00e7\u00f5es!\u00a0J\u00e1 se convenceu?<\/p>\n<div id=\"attachment_176777\" style=\"width: 610px\" class=\"wp-caption aligncenter\"><img aria-describedby=\"caption-attachment-176777\" data-attachment-id=\"176777\" data-permalink=\"https:\/\/agrund.com\/index.php\/a-cor-do-ano-2018-ultra-violeta\/8-754\/\" data-orig-file=\"https:\/\/i0.wp.com\/agrund.com\/wp-content\/uploads\/sites\/6\/2017\/12\/8.jpg?fit=600%2C484&amp;ssl=1\" data-orig-size=\"600,484\" data-comments-opened=\"1\" data-image-meta=\"{&quot;aperture&quot;:&quot;0&quot;,&quot;credit&quot;:&quot;&quot;,&quot;camera&quot;:&quot;&quot;,&quot;caption&quot;:&quot;&quot;,&quot;created_timestamp&quot;:&quot;0&quot;,&quot;copyright&quot;:&quot;&quot;,&quot;focal_length&quot;:&quot;0&quot;,&quot;iso&quot;:&quot;0&quot;,&quot;shutter_speed&quot;:&quot;0&quot;,&quot;title&quot;:&quot;&quot;,&quot;orientation&quot;:&quot;1&quot;}\" data-image-title=\"A cor do ano 2018: Ultra Violeta\" data-image-description=\"\" data-image-caption=\"&lt;p&gt;A cor do ano 2018: Ultra Violeta&lt;\/p&gt;\n\" data-medium-file=\"https:\/\/i0.wp.com\/agrund.com\/wp-content\/uploads\/sites\/6\/2017\/12\/8.jpg?fit=300%2C242&amp;ssl=1\" data-large-file=\"https:\/\/i0.wp.com\/agrund.com\/wp-content\/uploads\/sites\/6\/2017\/12\/8.jpg?fit=600%2C484&amp;ssl=1\" decoding=\"async\" loading=\"lazy\" class=\"size-full wp-image-176777\" src=\"https:\/\/i0.wp.com\/www.agrund.com\/wp-content\/uploads\/sites\/6\/2017\/12\/8.jpg?resize=600%2C484\" alt=\"\" width=\"600\" height=\"484\" srcset=\"https:\/\/i0.wp.com\/agrund.com\/wp-content\/uploads\/sites\/6\/2017\/12\/8.jpg?w=600&amp;ssl=1 600w, https:\/\/i0.wp.com\/agrund.com\/wp-content\/uploads\/sites\/6\/2017\/12\/8.jpg?resize=300%2C242&amp;ssl=1 300w\" sizes=\"(max-width: 600px) 100vw, 600px\" data-recalc-dims=\"1\" \/><p id=\"caption-attachment-176777\" class=\"wp-caption-text\">A cor do ano 2018: Ultra Violeta<\/p><\/div>\n<div id=\"attachment_176779\" style=\"width: 610px\" class=\"wp-caption aligncenter\"><img aria-describedby=\"caption-attachment-176779\" data-attachment-id=\"176779\" data-permalink=\"https:\/\/agrund.com\/index.php\/a-cor-do-ano-2018-ultra-violeta\/10-375\/\" data-orig-file=\"https:\/\/i0.wp.com\/agrund.com\/wp-content\/uploads\/sites\/6\/2017\/12\/10.jpg?fit=600%2C561&amp;ssl=1\" data-orig-size=\"600,561\" data-comments-opened=\"1\" data-image-meta=\"{&quot;aperture&quot;:&quot;0&quot;,&quot;credit&quot;:&quot;&quot;,&quot;camera&quot;:&quot;&quot;,&quot;caption&quot;:&quot;&quot;,&quot;created_timestamp&quot;:&quot;0&quot;,&quot;copyright&quot;:&quot;&quot;,&quot;focal_length&quot;:&quot;0&quot;,&quot;iso&quot;:&quot;0&quot;,&quot;shutter_speed&quot;:&quot;0&quot;,&quot;title&quot;:&quot;&quot;,&quot;orientation&quot;:&quot;1&quot;}\" data-image-title=\"A cor do ano 2018: Ultra Violeta\" data-image-description=\"\" data-image-caption=\"&lt;p&gt;A cor do ano 2018: Ultra Violeta&lt;\/p&gt;\n\" data-medium-file=\"https:\/\/i0.wp.com\/agrund.com\/wp-content\/uploads\/sites\/6\/2017\/12\/10.jpg?fit=300%2C281&amp;ssl=1\" data-large-file=\"https:\/\/i0.wp.com\/agrund.com\/wp-content\/uploads\/sites\/6\/2017\/12\/10.jpg?fit=600%2C561&amp;ssl=1\" decoding=\"async\" loading=\"lazy\" class=\"size-full wp-image-176779\" src=\"https:\/\/i0.wp.com\/www.agrund.com\/wp-content\/uploads\/sites\/6\/2017\/12\/10.jpg?resize=600%2C561\" alt=\"\" width=\"600\" height=\"561\" srcset=\"https:\/\/i0.wp.com\/agrund.com\/wp-content\/uploads\/sites\/6\/2017\/12\/10.jpg?w=600&amp;ssl=1 600w, https:\/\/i0.wp.com\/agrund.com\/wp-content\/uploads\/sites\/6\/2017\/12\/10.jpg?resize=300%2C281&amp;ssl=1 300w\" sizes=\"(max-width: 600px) 100vw, 600px\" data-recalc-dims=\"1\" \/><p id=\"caption-attachment-176779\" class=\"wp-caption-text\">A cor do ano 2018: Ultra Violeta<\/p><\/div>\n<div id=\"attachment_176776\" style=\"width: 610px\" class=\"wp-caption aligncenter\"><img aria-describedby=\"caption-attachment-176776\" data-attachment-id=\"176776\" data-permalink=\"https:\/\/agrund.com\/index.php\/a-cor-do-ano-2018-ultra-violeta\/7-765\/\" data-orig-file=\"https:\/\/i0.wp.com\/agrund.com\/wp-content\/uploads\/sites\/6\/2017\/12\/7.jpg?fit=600%2C379&amp;ssl=1\" data-orig-size=\"600,379\" data-comments-opened=\"1\" data-image-meta=\"{&quot;aperture&quot;:&quot;0&quot;,&quot;credit&quot;:&quot;&quot;,&quot;camera&quot;:&quot;&quot;,&quot;caption&quot;:&quot;&quot;,&quot;created_timestamp&quot;:&quot;0&quot;,&quot;copyright&quot;:&quot;&quot;,&quot;focal_length&quot;:&quot;0&quot;,&quot;iso&quot;:&quot;0&quot;,&quot;shutter_speed&quot;:&quot;0&quot;,&quot;title&quot;:&quot;&quot;,&quot;orientation&quot;:&quot;1&quot;}\" data-image-title=\"A cor do ano 2018: Ultra Violeta\" data-image-description=\"\" data-image-caption=\"&lt;p&gt;A cor do ano 2018: Ultra Violeta&lt;\/p&gt;\n\" data-medium-file=\"https:\/\/i0.wp.com\/agrund.com\/wp-content\/uploads\/sites\/6\/2017\/12\/7.jpg?fit=300%2C190&amp;ssl=1\" data-large-file=\"https:\/\/i0.wp.com\/agrund.com\/wp-content\/uploads\/sites\/6\/2017\/12\/7.jpg?fit=600%2C379&amp;ssl=1\" decoding=\"async\" loading=\"lazy\" class=\"size-full wp-image-176776\" src=\"https:\/\/i0.wp.com\/www.agrund.com\/wp-content\/uploads\/sites\/6\/2017\/12\/7.jpg?resize=600%2C379\" alt=\"\" width=\"600\" height=\"379\" srcset=\"https:\/\/i0.wp.com\/agrund.com\/wp-content\/uploads\/sites\/6\/2017\/12\/7.jpg?w=600&amp;ssl=1 600w, https:\/\/i0.wp.com\/agrund.com\/wp-content\/uploads\/sites\/6\/2017\/12\/7.jpg?resize=300%2C190&amp;ssl=1 300w\" sizes=\"(max-width: 600px) 100vw, 600px\" data-recalc-dims=\"1\" \/><p id=\"caption-attachment-176776\" class=\"wp-caption-text\">A cor do ano 2018: Ultra Violeta<\/p><\/div>\n<div id=\"attachment_176775\" style=\"width: 610px\" class=\"wp-caption aligncenter\"><img aria-describedby=\"caption-attachment-176775\" data-attachment-id=\"176775\" data-permalink=\"https:\/\/agrund.com\/index.php\/a-cor-do-ano-2018-ultra-violeta\/6-858\/\" data-orig-file=\"https:\/\/i0.wp.com\/agrund.com\/wp-content\/uploads\/sites\/6\/2017\/12\/6.jpg?fit=600%2C534&amp;ssl=1\" data-orig-size=\"600,534\" data-comments-opened=\"1\" data-image-meta=\"{&quot;aperture&quot;:&quot;0&quot;,&quot;credit&quot;:&quot;&quot;,&quot;camera&quot;:&quot;&quot;,&quot;caption&quot;:&quot;&quot;,&quot;created_timestamp&quot;:&quot;0&quot;,&quot;copyright&quot;:&quot;&quot;,&quot;focal_length&quot;:&quot;0&quot;,&quot;iso&quot;:&quot;0&quot;,&quot;shutter_speed&quot;:&quot;0&quot;,&quot;title&quot;:&quot;&quot;,&quot;orientation&quot;:&quot;1&quot;}\" data-image-title=\"A cor do ano 2018: Ultra Violeta\" data-image-description=\"\" data-image-caption=\"&lt;p&gt;A cor do ano 2018: Ultra Violeta&lt;\/p&gt;\n\" data-medium-file=\"https:\/\/i0.wp.com\/agrund.com\/wp-content\/uploads\/sites\/6\/2017\/12\/6.jpg?fit=300%2C267&amp;ssl=1\" data-large-file=\"https:\/\/i0.wp.com\/agrund.com\/wp-content\/uploads\/sites\/6\/2017\/12\/6.jpg?fit=600%2C534&amp;ssl=1\" decoding=\"async\" loading=\"lazy\" class=\"size-full wp-image-176775\" src=\"https:\/\/i0.wp.com\/www.agrund.com\/wp-content\/uploads\/sites\/6\/2017\/12\/6.jpg?resize=600%2C534\" alt=\"\" width=\"600\" height=\"534\" srcset=\"https:\/\/i0.wp.com\/agrund.com\/wp-content\/uploads\/sites\/6\/2017\/12\/6.jpg?w=600&amp;ssl=1 600w, https:\/\/i0.wp.com\/agrund.com\/wp-content\/uploads\/sites\/6\/2017\/12\/6.jpg?resize=300%2C267&amp;ssl=1 300w\" sizes=\"(max-width: 600px) 100vw, 600px\" data-recalc-dims=\"1\" \/><p id=\"caption-attachment-176775\" class=\"wp-caption-text\">A cor do ano 2018: Ultra Violeta<\/p><\/div>\n<div id=\"attachment_176774\" style=\"width: 610px\" class=\"wp-caption aligncenter\"><img aria-describedby=\"caption-attachment-176774\" data-attachment-id=\"176774\" data-permalink=\"https:\/\/agrund.com\/index.php\/a-cor-do-ano-2018-ultra-violeta\/5-900\/\" data-orig-file=\"https:\/\/i0.wp.com\/agrund.com\/wp-content\/uploads\/sites\/6\/2017\/12\/5-3.jpg?fit=600%2C401&amp;ssl=1\" data-orig-size=\"600,401\" data-comments-opened=\"1\" data-image-meta=\"{&quot;aperture&quot;:&quot;0&quot;,&quot;credit&quot;:&quot;&quot;,&quot;camera&quot;:&quot;&quot;,&quot;caption&quot;:&quot;&quot;,&quot;created_timestamp&quot;:&quot;0&quot;,&quot;copyright&quot;:&quot;&quot;,&quot;focal_length&quot;:&quot;0&quot;,&quot;iso&quot;:&quot;0&quot;,&quot;shutter_speed&quot;:&quot;0&quot;,&quot;title&quot;:&quot;&quot;,&quot;orientation&quot;:&quot;1&quot;}\" data-image-title=\"A cor do ano 2018: Ultra Violeta\" data-image-description=\"\" data-image-caption=\"&lt;p&gt;A cor do ano 2018: Ultra Violeta&lt;\/p&gt;\n\" data-medium-file=\"https:\/\/i0.wp.com\/agrund.com\/wp-content\/uploads\/sites\/6\/2017\/12\/5-3.jpg?fit=300%2C201&amp;ssl=1\" data-large-file=\"https:\/\/i0.wp.com\/agrund.com\/wp-content\/uploads\/sites\/6\/2017\/12\/5-3.jpg?fit=600%2C401&amp;ssl=1\" decoding=\"async\" loading=\"lazy\" class=\"size-full wp-image-176774\" src=\"https:\/\/i0.wp.com\/www.agrund.com\/wp-content\/uploads\/sites\/6\/2017\/12\/5-3.jpg?resize=600%2C401\" alt=\"\" width=\"600\" height=\"401\" srcset=\"https:\/\/i0.wp.com\/agrund.com\/wp-content\/uploads\/sites\/6\/2017\/12\/5-3.jpg?w=600&amp;ssl=1 600w, https:\/\/i0.wp.com\/agrund.com\/wp-content\/uploads\/sites\/6\/2017\/12\/5-3.jpg?resize=300%2C201&amp;ssl=1 300w\" sizes=\"(max-width: 600px) 100vw, 600px\" data-recalc-dims=\"1\" \/><p id=\"caption-attachment-176774\" class=\"wp-caption-text\">A cor do ano 2018: Ultra Violeta<\/p><\/div>\n<div id=\"attachment_176772\" style=\"width: 610px\" class=\"wp-caption aligncenter\"><img aria-describedby=\"caption-attachment-176772\" data-attachment-id=\"176772\" data-permalink=\"https:\/\/agrund.com\/index.php\/a-cor-do-ano-2018-ultra-violeta\/3-1056\/\" data-orig-file=\"https:\/\/i0.wp.com\/agrund.com\/wp-content\/uploads\/sites\/6\/2017\/12\/3-9.jpg?fit=600%2C387&amp;ssl=1\" data-orig-size=\"600,387\" data-comments-opened=\"1\" data-image-meta=\"{&quot;aperture&quot;:&quot;0&quot;,&quot;credit&quot;:&quot;&quot;,&quot;camera&quot;:&quot;&quot;,&quot;caption&quot;:&quot;&quot;,&quot;created_timestamp&quot;:&quot;0&quot;,&quot;copyright&quot;:&quot;&quot;,&quot;focal_length&quot;:&quot;0&quot;,&quot;iso&quot;:&quot;0&quot;,&quot;shutter_speed&quot;:&quot;0&quot;,&quot;title&quot;:&quot;&quot;,&quot;orientation&quot;:&quot;1&quot;}\" data-image-title=\"A cor do ano 2018: Ultra Violeta\" data-image-description=\"\" data-image-caption=\"&lt;p&gt;A cor do ano 2018: Ultra Violeta&lt;\/p&gt;\n\" data-medium-file=\"https:\/\/i0.wp.com\/agrund.com\/wp-content\/uploads\/sites\/6\/2017\/12\/3-9.jpg?fit=300%2C194&amp;ssl=1\" data-large-file=\"https:\/\/i0.wp.com\/agrund.com\/wp-content\/uploads\/sites\/6\/2017\/12\/3-9.jpg?fit=600%2C387&amp;ssl=1\" decoding=\"async\" loading=\"lazy\" class=\"size-full wp-image-176772\" src=\"https:\/\/i0.wp.com\/www.agrund.com\/wp-content\/uploads\/sites\/6\/2017\/12\/3-9.jpg?resize=600%2C387\" alt=\"\" width=\"600\" height=\"387\" srcset=\"https:\/\/i0.wp.com\/agrund.com\/wp-content\/uploads\/sites\/6\/2017\/12\/3-9.jpg?w=600&amp;ssl=1 600w, https:\/\/i0.wp.com\/agrund.com\/wp-content\/uploads\/sites\/6\/2017\/12\/3-9.jpg?resize=300%2C194&amp;ssl=1 300w\" sizes=\"(max-width: 600px) 100vw, 600px\" data-recalc-dims=\"1\" \/><p id=\"caption-attachment-176772\" class=\"wp-caption-text\">A cor do ano 2018: Ultra Violeta<\/p><\/div>\n<div id=\"attachment_176770\" style=\"width: 610px\" class=\"wp-caption aligncenter\"><img aria-describedby=\"caption-attachment-176770\" data-attachment-id=\"176770\" data-permalink=\"https:\/\/agrund.com\/index.php\/a-cor-do-ano-2018-ultra-violeta\/1-1182\/\" data-orig-file=\"https:\/\/i0.wp.com\/agrund.com\/wp-content\/uploads\/sites\/6\/2017\/12\/1-12.jpg?fit=600%2C400&amp;ssl=1\" data-orig-size=\"600,400\" data-comments-opened=\"1\" data-image-meta=\"{&quot;aperture&quot;:&quot;0&quot;,&quot;credit&quot;:&quot;&quot;,&quot;camera&quot;:&quot;&quot;,&quot;caption&quot;:&quot;&quot;,&quot;created_timestamp&quot;:&quot;0&quot;,&quot;copyright&quot;:&quot;&quot;,&quot;focal_length&quot;:&quot;0&quot;,&quot;iso&quot;:&quot;0&quot;,&quot;shutter_speed&quot;:&quot;0&quot;,&quot;title&quot;:&quot;&quot;,&quot;orientation&quot;:&quot;1&quot;}\" data-image-title=\"A cor do ano 2018: Ultra Violeta\" data-image-description=\"\" data-image-caption=\"&lt;p&gt;A cor do ano 2018: Ultra Violeta&lt;\/p&gt;\n\" data-medium-file=\"https:\/\/i0.wp.com\/agrund.com\/wp-content\/uploads\/sites\/6\/2017\/12\/1-12.jpg?fit=300%2C200&amp;ssl=1\" data-large-file=\"https:\/\/i0.wp.com\/agrund.com\/wp-content\/uploads\/sites\/6\/2017\/12\/1-12.jpg?fit=600%2C400&amp;ssl=1\" decoding=\"async\" loading=\"lazy\" class=\"size-full wp-image-176770\" src=\"https:\/\/i0.wp.com\/www.agrund.com\/wp-content\/uploads\/sites\/6\/2017\/12\/1-12.jpg?resize=600%2C400\" alt=\"\" width=\"600\" height=\"400\" srcset=\"https:\/\/i0.wp.com\/agrund.com\/wp-content\/uploads\/sites\/6\/2017\/12\/1-12.jpg?w=600&amp;ssl=1 600w, https:\/\/i0.wp.com\/agrund.com\/wp-content\/uploads\/sites\/6\/2017\/12\/1-12.jpg?resize=300%2C200&amp;ssl=1 300w\" sizes=\"(max-width: 600px) 100vw, 600px\" data-recalc-dims=\"1\" \/><p id=\"caption-attachment-176770\" class=\"wp-caption-text\">A cor do ano 2018: Ultra Violeta<\/p><\/div>\n<div id=\"attachment_176773\" style=\"width: 610px\" class=\"wp-caption aligncenter\"><img aria-describedby=\"caption-attachment-176773\" data-attachment-id=\"176773\" data-permalink=\"https:\/\/agrund.com\/index.php\/a-cor-do-ano-2018-ultra-violeta\/4-982\/\" data-orig-file=\"https:\/\/i0.wp.com\/agrund.com\/wp-content\/uploads\/sites\/6\/2017\/12\/4-8.jpg?fit=600%2C387&amp;ssl=1\" data-orig-size=\"600,387\" data-comments-opened=\"1\" data-image-meta=\"{&quot;aperture&quot;:&quot;0&quot;,&quot;credit&quot;:&quot;&quot;,&quot;camera&quot;:&quot;&quot;,&quot;caption&quot;:&quot;&quot;,&quot;created_timestamp&quot;:&quot;0&quot;,&quot;copyright&quot;:&quot;&quot;,&quot;focal_length&quot;:&quot;0&quot;,&quot;iso&quot;:&quot;0&quot;,&quot;shutter_speed&quot;:&quot;0&quot;,&quot;title&quot;:&quot;&quot;,&quot;orientation&quot;:&quot;1&quot;}\" data-image-title=\"A cor do ano 2018: Ultra Violeta\" data-image-description=\"\" data-image-caption=\"&lt;p&gt;A cor do ano 2018: Ultra Violeta&lt;\/p&gt;\n\" data-medium-file=\"https:\/\/i0.wp.com\/agrund.com\/wp-content\/uploads\/sites\/6\/2017\/12\/4-8.jpg?fit=300%2C194&amp;ssl=1\" data-large-file=\"https:\/\/i0.wp.com\/agrund.com\/wp-content\/uploads\/sites\/6\/2017\/12\/4-8.jpg?fit=600%2C387&amp;ssl=1\" decoding=\"async\" loading=\"lazy\" class=\"size-full wp-image-176773\" src=\"https:\/\/i0.wp.com\/www.agrund.com\/wp-content\/uploads\/sites\/6\/2017\/12\/4-8.jpg?resize=600%2C387\" alt=\"\" width=\"600\" height=\"387\" srcset=\"https:\/\/i0.wp.com\/agrund.com\/wp-content\/uploads\/sites\/6\/2017\/12\/4-8.jpg?w=600&amp;ssl=1 600w, https:\/\/i0.wp.com\/agrund.com\/wp-content\/uploads\/sites\/6\/2017\/12\/4-8.jpg?resize=300%2C194&amp;ssl=1 300w\" sizes=\"(max-width: 600px) 100vw, 600px\" data-recalc-dims=\"1\" \/><p id=\"caption-attachment-176773\" class=\"wp-caption-text\">A cor do ano 2018: Ultra Violeta<\/p><\/div>\n<div id=\"attachment_176778\" style=\"width: 610px\" class=\"wp-caption aligncenter\"><img aria-describedby=\"caption-attachment-176778\" data-attachment-id=\"176778\" data-permalink=\"https:\/\/agrund.com\/index.php\/a-cor-do-ano-2018-ultra-violeta\/9-388\/\" data-orig-file=\"https:\/\/i0.wp.com\/agrund.com\/wp-content\/uploads\/sites\/6\/2017\/12\/9.jpg?fit=600%2C395&amp;ssl=1\" data-orig-size=\"600,395\" data-comments-opened=\"1\" data-image-meta=\"{&quot;aperture&quot;:&quot;0&quot;,&quot;credit&quot;:&quot;&quot;,&quot;camera&quot;:&quot;&quot;,&quot;caption&quot;:&quot;&quot;,&quot;created_timestamp&quot;:&quot;0&quot;,&quot;copyright&quot;:&quot;&quot;,&quot;focal_length&quot;:&quot;0&quot;,&quot;iso&quot;:&quot;0&quot;,&quot;shutter_speed&quot;:&quot;0&quot;,&quot;title&quot;:&quot;&quot;,&quot;orientation&quot;:&quot;1&quot;}\" data-image-title=\"A cor do ano 2018: Ultra Violeta\" data-image-description=\"\" data-image-caption=\"&lt;p&gt;A cor do ano 2018: Ultra Violeta&lt;\/p&gt;\n\" data-medium-file=\"https:\/\/i0.wp.com\/agrund.com\/wp-content\/uploads\/sites\/6\/2017\/12\/9.jpg?fit=300%2C198&amp;ssl=1\" data-large-file=\"https:\/\/i0.wp.com\/agrund.com\/wp-content\/uploads\/sites\/6\/2017\/12\/9.jpg?fit=600%2C395&amp;ssl=1\" decoding=\"async\" loading=\"lazy\" class=\"size-full wp-image-176778\" src=\"https:\/\/i0.wp.com\/www.agrund.com\/wp-content\/uploads\/sites\/6\/2017\/12\/9.jpg?resize=600%2C395\" alt=\"\" width=\"600\" height=\"395\" srcset=\"https:\/\/i0.wp.com\/agrund.com\/wp-content\/uploads\/sites\/6\/2017\/12\/9.jpg?w=600&amp;ssl=1 600w, https:\/\/i0.wp.com\/agrund.com\/wp-content\/uploads\/sites\/6\/2017\/12\/9.jpg?resize=300%2C198&amp;ssl=1 300w\" sizes=\"(max-width: 600px) 100vw, 600px\" data-recalc-dims=\"1\" \/><p id=\"caption-attachment-176778\" class=\"wp-caption-text\">A cor do ano 2018: Ultra Violeta<\/p><\/div>\n<p>Fotos: Reprodu\u00e7\u00e3o.<\/p>\n","protected":false},"excerpt":{"rendered":"<p>Por Thay Sanqueta Depois da Rose Quartz de 2016, da greenery em 2017, a Pantone elege a \u201cUltra Violeta\u201d como a cor de 2018. Um tom roxo e purpura, agregando drama, criatividade, provoca\u00e7\u00e3o e imagina\u00e7\u00e3o que promete iluminar o caminho do que ainda est\u00e1 por vir. A\u00a0cor nada discreta promete invadir o mundo da moda [&hellip;]<\/p>\n","protected":false},"author":8,"featured_media":176781,"comment_status":"open","ping_status":"open","sticky":false,"template":"","format":"standard","meta":{"jetpack_post_was_ever_published":false,"_jetpack_newsletter_access":"","jetpack_publicize_message":"","jetpack_is_tweetstorm":false,"jetpack_publicize_feature_enabled":true,"jetpack_social_post_already_shared":true,"jetpack_social_options":{"image_generator_settings":{"template":"highway","enabled":false}}},"categories":[2],"tags":[],"jetpack_publicize_connections":[],"jetpack_featured_media_url":"https:\/\/i0.wp.com\/agrund.com\/wp-content\/uploads\/sites\/6\/2017\/12\/s-56.jpg?fit=960%2C300&ssl=1","jetpack_sharing_enabled":true,"jetpack_shortlink":"https:\/\/wp.me\/p3Hz0n-JZ7","jetpack_likes_enabled":true,"_links":{"self":[{"href":"https:\/\/agrund.com\/index.php\/wp-json\/wp\/v2\/posts\/176769"}],"collection":[{"href":"https:\/\/agrund.com\/index.php\/wp-json\/wp\/v2\/posts"}],"about":[{"href":"https:\/\/agrund.com\/index.php\/wp-json\/wp\/v2\/types\/post"}],"author":[{"embeddable":true,"href":"https:\/\/agrund.com\/index.php\/wp-json\/wp\/v2\/users\/8"}],"replies":[{"embeddable":true,"href":"https:\/\/agrund.com\/index.php\/wp-json\/wp\/v2\/comments?post=176769"}],"version-history":[{"count":0,"href":"https:\/\/agrund.com\/index.php\/wp-json\/wp\/v2\/posts\/176769\/revisions"}],"wp:featuredmedia":[{"embeddable":true,"href":"https:\/\/agrund.com\/index.php\/wp-json\/wp\/v2\/media\/176781"}],"wp:attachment":[{"href":"https:\/\/agrund.com\/index.php\/wp-json\/wp\/v2\/media?parent=176769"}],"wp:term":[{"taxonomy":"category","embeddable":true,"href":"https:\/\/agrund.com\/index.php\/wp-json\/wp\/v2\/categories?post=176769"},{"taxonomy":"post_tag","embeddable":true,"href":"https:\/\/agrund.com\/index.php\/wp-json\/wp\/v2\/tags?post=176769"}],"curies":[{"name":"wp","href":"https:\/\/api.w.org\/{rel}","templated":true}]}}