{"id":176742,"date":"2017-12-15T13:00:38","date_gmt":"2017-12-15T15:00:38","guid":{"rendered":"http:\/\/www.agrund.com\/?p=176742"},"modified":"2017-12-15T10:08:43","modified_gmt":"2017-12-15T12:08:43","slug":"que-a-forca-esteja-com-voce-2","status":"publish","type":"post","link":"https:\/\/agrund.com\/index.php\/que-a-forca-esteja-com-voce-2\/","title":{"rendered":"Que a for\u00e7a esteja com voc\u00ea"},"content":{"rendered":"<p>Aten\u00e7\u00e3o, f\u00e3s de Star Wars. Para comemorar o lan\u00e7amento do longa \u201cStar Wars: O \u00daltimo Jedi\u201d, que estreou ontem (14) nos cinemas, a C&amp;A preparou uma cole\u00e7\u00e3o especial.<\/p>\n<p>S\u00e3o t-shirts, regatas e at\u00e9 meias com estampas inspiradas nos principais personagens da saga, al\u00e9m de frases ic\u00f4nicas. A linha conta com itens masculinos, femininos e tamb\u00e9m infantis. Afinal, n\u00e3o tem idade para ser f\u00e3 de Star Wars!<\/p>\n<p>Gostou? Todas as pe\u00e7as j\u00e1 est\u00e3o \u00e0 venda no e-commerce e nas lojas f\u00edsicas da C&amp;A, com pre\u00e7os que variam de R$19,99 a R$39,99. Confira:<\/p>\n<div id=\"attachment_176745\" style=\"width: 610px\" class=\"wp-caption aligncenter\"><img aria-describedby=\"caption-attachment-176745\" data-attachment-id=\"176745\" data-permalink=\"https:\/\/agrund.com\/index.php\/que-a-forca-esteja-com-voce-2\/imagem_release_1159881\/\" data-orig-file=\"https:\/\/i0.wp.com\/agrund.com\/wp-content\/uploads\/sites\/6\/2017\/12\/imagem_release_1159881.jpg?fit=600%2C720&amp;ssl=1\" data-orig-size=\"600,720\" data-comments-opened=\"1\" data-image-meta=\"{&quot;aperture&quot;:&quot;0&quot;,&quot;credit&quot;:&quot;&quot;,&quot;camera&quot;:&quot;&quot;,&quot;caption&quot;:&quot;&quot;,&quot;created_timestamp&quot;:&quot;0&quot;,&quot;copyright&quot;:&quot;&quot;,&quot;focal_length&quot;:&quot;0&quot;,&quot;iso&quot;:&quot;0&quot;,&quot;shutter_speed&quot;:&quot;0&quot;,&quot;title&quot;:&quot;&quot;,&quot;orientation&quot;:&quot;1&quot;}\" data-image-title=\"Que a for\u00e7a esteja com voc\u00ea\" data-image-description=\"\" data-image-caption=\"&lt;p&gt;Que a for\u00e7a esteja com voc\u00ea&lt;\/p&gt;\n\" data-medium-file=\"https:\/\/i0.wp.com\/agrund.com\/wp-content\/uploads\/sites\/6\/2017\/12\/imagem_release_1159881.jpg?fit=250%2C300&amp;ssl=1\" data-large-file=\"https:\/\/i0.wp.com\/agrund.com\/wp-content\/uploads\/sites\/6\/2017\/12\/imagem_release_1159881.jpg?fit=600%2C720&amp;ssl=1\" decoding=\"async\" loading=\"lazy\" class=\"size-full wp-image-176745\" src=\"https:\/\/i0.wp.com\/www.agrund.com\/wp-content\/uploads\/sites\/6\/2017\/12\/imagem_release_1159881.jpg?resize=600%2C720\" alt=\"\" width=\"600\" height=\"720\" srcset=\"https:\/\/i0.wp.com\/agrund.com\/wp-content\/uploads\/sites\/6\/2017\/12\/imagem_release_1159881.jpg?w=600&amp;ssl=1 600w, https:\/\/i0.wp.com\/agrund.com\/wp-content\/uploads\/sites\/6\/2017\/12\/imagem_release_1159881.jpg?resize=250%2C300&amp;ssl=1 250w\" sizes=\"(max-width: 600px) 100vw, 600px\" data-recalc-dims=\"1\" \/><p id=\"caption-attachment-176745\" class=\"wp-caption-text\">Que a for\u00e7a esteja com voc\u00ea<\/p><\/div>\n<div id=\"attachment_176744\" style=\"width: 610px\" class=\"wp-caption aligncenter\"><img aria-describedby=\"caption-attachment-176744\" data-attachment-id=\"176744\" data-permalink=\"https:\/\/agrund.com\/index.php\/que-a-forca-esteja-com-voce-2\/imagem_release_1159880\/\" data-orig-file=\"https:\/\/i0.wp.com\/agrund.com\/wp-content\/uploads\/sites\/6\/2017\/12\/imagem_release_1159880.jpg?fit=600%2C720&amp;ssl=1\" data-orig-size=\"600,720\" data-comments-opened=\"1\" data-image-meta=\"{&quot;aperture&quot;:&quot;0&quot;,&quot;credit&quot;:&quot;&quot;,&quot;camera&quot;:&quot;&quot;,&quot;caption&quot;:&quot;&quot;,&quot;created_timestamp&quot;:&quot;0&quot;,&quot;copyright&quot;:&quot;&quot;,&quot;focal_length&quot;:&quot;0&quot;,&quot;iso&quot;:&quot;0&quot;,&quot;shutter_speed&quot;:&quot;0&quot;,&quot;title&quot;:&quot;&quot;,&quot;orientation&quot;:&quot;1&quot;}\" data-image-title=\"Que a for\u00e7a esteja com voc\u00ea\" data-image-description=\"\" data-image-caption=\"&lt;p&gt;Que a for\u00e7a esteja com voc\u00ea&lt;\/p&gt;\n\" data-medium-file=\"https:\/\/i0.wp.com\/agrund.com\/wp-content\/uploads\/sites\/6\/2017\/12\/imagem_release_1159880.jpg?fit=250%2C300&amp;ssl=1\" data-large-file=\"https:\/\/i0.wp.com\/agrund.com\/wp-content\/uploads\/sites\/6\/2017\/12\/imagem_release_1159880.jpg?fit=600%2C720&amp;ssl=1\" decoding=\"async\" loading=\"lazy\" class=\"size-full wp-image-176744\" src=\"https:\/\/i0.wp.com\/www.agrund.com\/wp-content\/uploads\/sites\/6\/2017\/12\/imagem_release_1159880.jpg?resize=600%2C720\" alt=\"\" width=\"600\" height=\"720\" srcset=\"https:\/\/i0.wp.com\/agrund.com\/wp-content\/uploads\/sites\/6\/2017\/12\/imagem_release_1159880.jpg?w=600&amp;ssl=1 600w, https:\/\/i0.wp.com\/agrund.com\/wp-content\/uploads\/sites\/6\/2017\/12\/imagem_release_1159880.jpg?resize=250%2C300&amp;ssl=1 250w\" sizes=\"(max-width: 600px) 100vw, 600px\" data-recalc-dims=\"1\" \/><p id=\"caption-attachment-176744\" class=\"wp-caption-text\">Que a for\u00e7a esteja com voc\u00ea<\/p><\/div>\n<div id=\"attachment_176746\" style=\"width: 610px\" class=\"wp-caption aligncenter\"><img aria-describedby=\"caption-attachment-176746\" data-attachment-id=\"176746\" data-permalink=\"https:\/\/agrund.com\/index.php\/que-a-forca-esteja-com-voce-2\/imagem_release_1159882\/\" data-orig-file=\"https:\/\/i0.wp.com\/agrund.com\/wp-content\/uploads\/sites\/6\/2017\/12\/imagem_release_1159882.jpg?fit=600%2C720&amp;ssl=1\" data-orig-size=\"600,720\" data-comments-opened=\"1\" data-image-meta=\"{&quot;aperture&quot;:&quot;0&quot;,&quot;credit&quot;:&quot;&quot;,&quot;camera&quot;:&quot;&quot;,&quot;caption&quot;:&quot;&quot;,&quot;created_timestamp&quot;:&quot;0&quot;,&quot;copyright&quot;:&quot;&quot;,&quot;focal_length&quot;:&quot;0&quot;,&quot;iso&quot;:&quot;0&quot;,&quot;shutter_speed&quot;:&quot;0&quot;,&quot;title&quot;:&quot;&quot;,&quot;orientation&quot;:&quot;1&quot;}\" data-image-title=\"Que a for\u00e7a esteja com voc\u00ea\" data-image-description=\"\" data-image-caption=\"&lt;p&gt;Que a for\u00e7a esteja com voc\u00ea&lt;\/p&gt;\n\" data-medium-file=\"https:\/\/i0.wp.com\/agrund.com\/wp-content\/uploads\/sites\/6\/2017\/12\/imagem_release_1159882.jpg?fit=250%2C300&amp;ssl=1\" data-large-file=\"https:\/\/i0.wp.com\/agrund.com\/wp-content\/uploads\/sites\/6\/2017\/12\/imagem_release_1159882.jpg?fit=600%2C720&amp;ssl=1\" decoding=\"async\" loading=\"lazy\" class=\"size-full wp-image-176746\" src=\"https:\/\/i0.wp.com\/www.agrund.com\/wp-content\/uploads\/sites\/6\/2017\/12\/imagem_release_1159882.jpg?resize=600%2C720\" alt=\"\" width=\"600\" height=\"720\" srcset=\"https:\/\/i0.wp.com\/agrund.com\/wp-content\/uploads\/sites\/6\/2017\/12\/imagem_release_1159882.jpg?w=600&amp;ssl=1 600w, https:\/\/i0.wp.com\/agrund.com\/wp-content\/uploads\/sites\/6\/2017\/12\/imagem_release_1159882.jpg?resize=250%2C300&amp;ssl=1 250w\" sizes=\"(max-width: 600px) 100vw, 600px\" data-recalc-dims=\"1\" \/><p id=\"caption-attachment-176746\" class=\"wp-caption-text\">Que a for\u00e7a esteja com voc\u00ea<\/p><\/div>\n<div id=\"attachment_176743\" style=\"width: 610px\" class=\"wp-caption aligncenter\"><img aria-describedby=\"caption-attachment-176743\" data-attachment-id=\"176743\" data-permalink=\"https:\/\/agrund.com\/index.php\/que-a-forca-esteja-com-voce-2\/imagem_release_1159879\/\" data-orig-file=\"https:\/\/i0.wp.com\/agrund.com\/wp-content\/uploads\/sites\/6\/2017\/12\/imagem_release_1159879.jpg?fit=600%2C720&amp;ssl=1\" data-orig-size=\"600,720\" data-comments-opened=\"1\" data-image-meta=\"{&quot;aperture&quot;:&quot;0&quot;,&quot;credit&quot;:&quot;&quot;,&quot;camera&quot;:&quot;&quot;,&quot;caption&quot;:&quot;&quot;,&quot;created_timestamp&quot;:&quot;0&quot;,&quot;copyright&quot;:&quot;&quot;,&quot;focal_length&quot;:&quot;0&quot;,&quot;iso&quot;:&quot;0&quot;,&quot;shutter_speed&quot;:&quot;0&quot;,&quot;title&quot;:&quot;&quot;,&quot;orientation&quot;:&quot;1&quot;}\" data-image-title=\"Que a for\u00e7a esteja com voc\u00ea\" data-image-description=\"\" data-image-caption=\"&lt;p&gt;Que a for\u00e7a esteja com voc\u00ea&lt;\/p&gt;\n\" data-medium-file=\"https:\/\/i0.wp.com\/agrund.com\/wp-content\/uploads\/sites\/6\/2017\/12\/imagem_release_1159879.jpg?fit=250%2C300&amp;ssl=1\" data-large-file=\"https:\/\/i0.wp.com\/agrund.com\/wp-content\/uploads\/sites\/6\/2017\/12\/imagem_release_1159879.jpg?fit=600%2C720&amp;ssl=1\" decoding=\"async\" loading=\"lazy\" class=\"size-full wp-image-176743\" src=\"https:\/\/i0.wp.com\/www.agrund.com\/wp-content\/uploads\/sites\/6\/2017\/12\/imagem_release_1159879.jpg?resize=600%2C720\" alt=\"\" width=\"600\" height=\"720\" srcset=\"https:\/\/i0.wp.com\/agrund.com\/wp-content\/uploads\/sites\/6\/2017\/12\/imagem_release_1159879.jpg?w=600&amp;ssl=1 600w, https:\/\/i0.wp.com\/agrund.com\/wp-content\/uploads\/sites\/6\/2017\/12\/imagem_release_1159879.jpg?resize=250%2C300&amp;ssl=1 250w\" sizes=\"(max-width: 600px) 100vw, 600px\" data-recalc-dims=\"1\" \/><p id=\"caption-attachment-176743\" class=\"wp-caption-text\">Que a for\u00e7a esteja com voc\u00ea<\/p><\/div>\n<div id=\"attachment_176747\" style=\"width: 610px\" class=\"wp-caption aligncenter\"><img aria-describedby=\"caption-attachment-176747\" data-attachment-id=\"176747\" data-permalink=\"https:\/\/agrund.com\/index.php\/que-a-forca-esteja-com-voce-2\/imagem_release_1159884\/\" data-orig-file=\"https:\/\/i0.wp.com\/agrund.com\/wp-content\/uploads\/sites\/6\/2017\/12\/imagem_release_1159884.jpg?fit=600%2C720&amp;ssl=1\" data-orig-size=\"600,720\" data-comments-opened=\"1\" data-image-meta=\"{&quot;aperture&quot;:&quot;0&quot;,&quot;credit&quot;:&quot;&quot;,&quot;camera&quot;:&quot;&quot;,&quot;caption&quot;:&quot;&quot;,&quot;created_timestamp&quot;:&quot;0&quot;,&quot;copyright&quot;:&quot;&quot;,&quot;focal_length&quot;:&quot;0&quot;,&quot;iso&quot;:&quot;0&quot;,&quot;shutter_speed&quot;:&quot;0&quot;,&quot;title&quot;:&quot;&quot;,&quot;orientation&quot;:&quot;1&quot;}\" data-image-title=\"Que a for\u00e7a esteja com voc\u00ea\" data-image-description=\"\" data-image-caption=\"&lt;p&gt;Que a for\u00e7a esteja com voc\u00ea&lt;\/p&gt;\n\" data-medium-file=\"https:\/\/i0.wp.com\/agrund.com\/wp-content\/uploads\/sites\/6\/2017\/12\/imagem_release_1159884.jpg?fit=250%2C300&amp;ssl=1\" data-large-file=\"https:\/\/i0.wp.com\/agrund.com\/wp-content\/uploads\/sites\/6\/2017\/12\/imagem_release_1159884.jpg?fit=600%2C720&amp;ssl=1\" decoding=\"async\" loading=\"lazy\" class=\"size-full wp-image-176747\" src=\"https:\/\/i0.wp.com\/www.agrund.com\/wp-content\/uploads\/sites\/6\/2017\/12\/imagem_release_1159884.jpg?resize=600%2C720\" alt=\"\" width=\"600\" height=\"720\" srcset=\"https:\/\/i0.wp.com\/agrund.com\/wp-content\/uploads\/sites\/6\/2017\/12\/imagem_release_1159884.jpg?w=600&amp;ssl=1 600w, https:\/\/i0.wp.com\/agrund.com\/wp-content\/uploads\/sites\/6\/2017\/12\/imagem_release_1159884.jpg?resize=250%2C300&amp;ssl=1 250w\" sizes=\"(max-width: 600px) 100vw, 600px\" data-recalc-dims=\"1\" \/><p id=\"caption-attachment-176747\" class=\"wp-caption-text\">Que a for\u00e7a esteja com voc\u00ea<\/p><\/div>\n<p>Fotos: Divulga\u00e7\u00e3o.<\/p>\n","protected":false},"excerpt":{"rendered":"<p>Aten\u00e7\u00e3o, f\u00e3s de Star Wars. Para comemorar o lan\u00e7amento do longa \u201cStar Wars: O \u00daltimo Jedi\u201d, que estreou ontem (14) nos cinemas, a C&amp;A preparou uma cole\u00e7\u00e3o especial. S\u00e3o t-shirts, regatas e at\u00e9 meias com estampas inspiradas nos principais personagens da saga, al\u00e9m de frases ic\u00f4nicas. A linha conta com itens masculinos, femininos e tamb\u00e9m [&hellip;]<\/p>\n","protected":false},"author":8,"featured_media":176748,"comment_status":"open","ping_status":"open","sticky":false,"template":"","format":"standard","meta":{"jetpack_post_was_ever_published":false,"_jetpack_newsletter_access":"","jetpack_publicize_message":"","jetpack_is_tweetstorm":false,"jetpack_publicize_feature_enabled":true,"jetpack_social_post_already_shared":true,"jetpack_social_options":{"image_generator_settings":{"template":"highway","enabled":false}}},"categories":[2],"tags":[],"jetpack_publicize_connections":[],"jetpack_featured_media_url":"https:\/\/i0.wp.com\/agrund.com\/wp-content\/uploads\/sites\/6\/2017\/12\/ss-8.jpg?fit=960%2C300&ssl=1","jetpack_sharing_enabled":true,"jetpack_shortlink":"https:\/\/wp.me\/p3Hz0n-JYG","jetpack_likes_enabled":true,"_links":{"self":[{"href":"https:\/\/agrund.com\/index.php\/wp-json\/wp\/v2\/posts\/176742"}],"collection":[{"href":"https:\/\/agrund.com\/index.php\/wp-json\/wp\/v2\/posts"}],"about":[{"href":"https:\/\/agrund.com\/index.php\/wp-json\/wp\/v2\/types\/post"}],"author":[{"embeddable":true,"href":"https:\/\/agrund.com\/index.php\/wp-json\/wp\/v2\/users\/8"}],"replies":[{"embeddable":true,"href":"https:\/\/agrund.com\/index.php\/wp-json\/wp\/v2\/comments?post=176742"}],"version-history":[{"count":0,"href":"https:\/\/agrund.com\/index.php\/wp-json\/wp\/v2\/posts\/176742\/revisions"}],"wp:featuredmedia":[{"embeddable":true,"href":"https:\/\/agrund.com\/index.php\/wp-json\/wp\/v2\/media\/176748"}],"wp:attachment":[{"href":"https:\/\/agrund.com\/index.php\/wp-json\/wp\/v2\/media?parent=176742"}],"wp:term":[{"taxonomy":"category","embeddable":true,"href":"https:\/\/agrund.com\/index.php\/wp-json\/wp\/v2\/categories?post=176742"},{"taxonomy":"post_tag","embeddable":true,"href":"https:\/\/agrund.com\/index.php\/wp-json\/wp\/v2\/tags?post=176742"}],"curies":[{"name":"wp","href":"https:\/\/api.w.org\/{rel}","templated":true}]}}