{"id":176711,"date":"2017-12-14T15:00:51","date_gmt":"2017-12-14T17:00:51","guid":{"rendered":"http:\/\/www.agrund.com\/?p=176711"},"modified":"2017-12-14T12:30:18","modified_gmt":"2017-12-14T14:30:18","slug":"gisele-bundchen-e-naomi-campbell-estrelam-campanha-da-versace","status":"publish","type":"post","link":"https:\/\/agrund.com\/index.php\/gisele-bundchen-e-naomi-campbell-estrelam-campanha-da-versace\/","title":{"rendered":"Gisele B\u00fcndchen e Naomi Campbell estrelam campanha da Versace"},"content":{"rendered":"<p>Depois do desfile ver\u00e3o 2018 com as supermodels dos anos 90 (reveja <a href=\"http:\/\/www.agrund.com\/mfw-verao-2018-uma-homenagem-a-gianni-versace\/\">AQUI<\/a>), a Versace continua no clima de \u00edcones da moda. A marca acaba de divulgar os primeiros cliques de sua campanha e as estrelas s\u00e3o ningu\u00e9m menos que modelos \u00edcones de diferentes gera\u00e7\u00f5es.<\/p>\n<p>Gisele B\u00fcndchen, Naomi Campbell e Kaia Gerber aparecem deslumbrantes nas primeiras imagens, mas j\u00e1 sabemos que a campanha tamb\u00e9m contar\u00e1 com Christy Turlington, Natalia Vodianova, Raquel Zimmermann, Irina Shayk, Gigi Hadid, Vittoria Ceretti, Cara Taylor, Birgit Kos e Grace Elizabeth. UAU!<\/p>\n<p>Como vimos no desfile, esta cole\u00e7\u00e3o relembra as ic\u00f4nicas estampas da marca, como uma homenagem a Gianni Versace. Confira:<\/p>\n<div id=\"attachment_176713\" style=\"width: 610px\" class=\"wp-caption aligncenter\"><img aria-describedby=\"caption-attachment-176713\" data-attachment-id=\"176713\" data-permalink=\"https:\/\/agrund.com\/index.php\/gisele-bundchen-e-naomi-campbell-estrelam-campanha-da-versace\/versace-spring-summer-2018-campaign002\/\" data-orig-file=\"https:\/\/i0.wp.com\/agrund.com\/wp-content\/uploads\/sites\/6\/2017\/12\/Versace-Spring-Summer-2018-Campaign002-e1513261603347.jpg?fit=600%2C749&amp;ssl=1\" data-orig-size=\"600,749\" data-comments-opened=\"1\" data-image-meta=\"{&quot;aperture&quot;:&quot;0&quot;,&quot;credit&quot;:&quot;&quot;,&quot;camera&quot;:&quot;&quot;,&quot;caption&quot;:&quot;&quot;,&quot;created_timestamp&quot;:&quot;0&quot;,&quot;copyright&quot;:&quot;&quot;,&quot;focal_length&quot;:&quot;0&quot;,&quot;iso&quot;:&quot;0&quot;,&quot;shutter_speed&quot;:&quot;0&quot;,&quot;title&quot;:&quot;&quot;,&quot;orientation&quot;:&quot;1&quot;}\" data-image-title=\"Gisele B\u00fcndchen e Naomi Campbell estrelam campanha da Versace\" data-image-description=\"\" data-image-caption=\"&lt;p&gt;Gisele B\u00fcndchen e Naomi Campbell estrelam campanha da Versace&lt;\/p&gt;\n\" data-medium-file=\"https:\/\/i0.wp.com\/agrund.com\/wp-content\/uploads\/sites\/6\/2017\/12\/Versace-Spring-Summer-2018-Campaign002-e1513261603347.jpg?fit=240%2C300&amp;ssl=1\" data-large-file=\"https:\/\/i0.wp.com\/agrund.com\/wp-content\/uploads\/sites\/6\/2017\/12\/Versace-Spring-Summer-2018-Campaign002-e1513261603347.jpg?fit=600%2C749&amp;ssl=1\" decoding=\"async\" loading=\"lazy\" class=\"size-full wp-image-176713\" src=\"https:\/\/i0.wp.com\/www.agrund.com\/wp-content\/uploads\/sites\/6\/2017\/12\/Versace-Spring-Summer-2018-Campaign002-e1513261603347.jpg?resize=600%2C749\" alt=\"\" width=\"600\" height=\"749\" data-recalc-dims=\"1\" \/><p id=\"caption-attachment-176713\" class=\"wp-caption-text\">Gisele B\u00fcndchen e Naomi Campbell estrelam campanha da Versace<\/p><\/div>\n<div id=\"attachment_176714\" style=\"width: 610px\" class=\"wp-caption aligncenter\"><img aria-describedby=\"caption-attachment-176714\" data-attachment-id=\"176714\" data-permalink=\"https:\/\/agrund.com\/index.php\/gisele-bundchen-e-naomi-campbell-estrelam-campanha-da-versace\/versace-spring-summer-2018-campaign003\/\" data-orig-file=\"https:\/\/i0.wp.com\/agrund.com\/wp-content\/uploads\/sites\/6\/2017\/12\/Versace-Spring-Summer-2018-Campaign003-e1513261614672.jpg?fit=600%2C754&amp;ssl=1\" data-orig-size=\"600,754\" data-comments-opened=\"1\" data-image-meta=\"{&quot;aperture&quot;:&quot;0&quot;,&quot;credit&quot;:&quot;&quot;,&quot;camera&quot;:&quot;&quot;,&quot;caption&quot;:&quot;&quot;,&quot;created_timestamp&quot;:&quot;0&quot;,&quot;copyright&quot;:&quot;&quot;,&quot;focal_length&quot;:&quot;0&quot;,&quot;iso&quot;:&quot;0&quot;,&quot;shutter_speed&quot;:&quot;0&quot;,&quot;title&quot;:&quot;&quot;,&quot;orientation&quot;:&quot;1&quot;}\" data-image-title=\"Gisele B\u00fcndchen e Naomi Campbell estrelam campanha da Versace\" data-image-description=\"\" data-image-caption=\"&lt;p&gt;Gisele B\u00fcndchen e Naomi Campbell estrelam campanha da Versace&lt;\/p&gt;\n\" data-medium-file=\"https:\/\/i0.wp.com\/agrund.com\/wp-content\/uploads\/sites\/6\/2017\/12\/Versace-Spring-Summer-2018-Campaign003-e1513261614672.jpg?fit=239%2C300&amp;ssl=1\" data-large-file=\"https:\/\/i0.wp.com\/agrund.com\/wp-content\/uploads\/sites\/6\/2017\/12\/Versace-Spring-Summer-2018-Campaign003-e1513261614672.jpg?fit=600%2C754&amp;ssl=1\" decoding=\"async\" loading=\"lazy\" class=\"size-full wp-image-176714\" src=\"https:\/\/i0.wp.com\/www.agrund.com\/wp-content\/uploads\/sites\/6\/2017\/12\/Versace-Spring-Summer-2018-Campaign003-e1513261614672.jpg?resize=600%2C754\" alt=\"\" width=\"600\" height=\"754\" data-recalc-dims=\"1\" \/><p id=\"caption-attachment-176714\" class=\"wp-caption-text\">Gisele B\u00fcndchen e Naomi Campbell estrelam campanha da Versace<\/p><\/div>\n<div id=\"attachment_176712\" style=\"width: 610px\" class=\"wp-caption aligncenter\"><img aria-describedby=\"caption-attachment-176712\" data-attachment-id=\"176712\" data-permalink=\"https:\/\/agrund.com\/index.php\/gisele-bundchen-e-naomi-campbell-estrelam-campanha-da-versace\/versace-spring-summer-2018-campaign01\/\" data-orig-file=\"https:\/\/i0.wp.com\/agrund.com\/wp-content\/uploads\/sites\/6\/2017\/12\/Versace-Spring-Summer-2018-Campaign01-e1513261628651.jpg?fit=600%2C750&amp;ssl=1\" data-orig-size=\"600,750\" data-comments-opened=\"1\" data-image-meta=\"{&quot;aperture&quot;:&quot;0&quot;,&quot;credit&quot;:&quot;&quot;,&quot;camera&quot;:&quot;&quot;,&quot;caption&quot;:&quot;&quot;,&quot;created_timestamp&quot;:&quot;0&quot;,&quot;copyright&quot;:&quot;&quot;,&quot;focal_length&quot;:&quot;0&quot;,&quot;iso&quot;:&quot;0&quot;,&quot;shutter_speed&quot;:&quot;0&quot;,&quot;title&quot;:&quot;&quot;,&quot;orientation&quot;:&quot;1&quot;}\" data-image-title=\"Gisele B\u00fcndchen e Naomi Campbell estrelam campanha da Versace\" data-image-description=\"\" data-image-caption=\"&lt;p&gt;Gisele B\u00fcndchen e Naomi Campbell estrelam campanha da Versace&lt;\/p&gt;\n\" data-medium-file=\"https:\/\/i0.wp.com\/agrund.com\/wp-content\/uploads\/sites\/6\/2017\/12\/Versace-Spring-Summer-2018-Campaign01-e1513261628651.jpg?fit=240%2C300&amp;ssl=1\" data-large-file=\"https:\/\/i0.wp.com\/agrund.com\/wp-content\/uploads\/sites\/6\/2017\/12\/Versace-Spring-Summer-2018-Campaign01-e1513261628651.jpg?fit=600%2C750&amp;ssl=1\" decoding=\"async\" loading=\"lazy\" class=\"size-full wp-image-176712\" src=\"https:\/\/i0.wp.com\/www.agrund.com\/wp-content\/uploads\/sites\/6\/2017\/12\/Versace-Spring-Summer-2018-Campaign01-e1513261628651.jpg?resize=600%2C750\" alt=\"\" width=\"600\" height=\"750\" data-recalc-dims=\"1\" \/><p id=\"caption-attachment-176712\" class=\"wp-caption-text\">Gisele B\u00fcndchen e Naomi Campbell estrelam campanha da Versace<\/p><\/div>\n<p>Foto: Reprodu\u00e7\u00e3o.<\/p>\n","protected":false},"excerpt":{"rendered":"<p>Depois do desfile ver\u00e3o 2018 com as supermodels dos anos 90 (reveja AQUI), a Versace continua no clima de \u00edcones da moda. A marca acaba de divulgar os primeiros cliques de sua campanha e as estrelas s\u00e3o ningu\u00e9m menos que modelos \u00edcones de diferentes gera\u00e7\u00f5es. Gisele B\u00fcndchen, Naomi Campbell e Kaia Gerber aparecem deslumbrantes nas [&hellip;]<\/p>\n","protected":false},"author":8,"featured_media":176715,"comment_status":"open","ping_status":"open","sticky":false,"template":"","format":"standard","meta":{"jetpack_post_was_ever_published":false,"_jetpack_newsletter_access":"","jetpack_publicize_message":"","jetpack_is_tweetstorm":false,"jetpack_publicize_feature_enabled":true,"jetpack_social_post_already_shared":true,"jetpack_social_options":{"image_generator_settings":{"template":"highway","enabled":false}}},"categories":[2],"tags":[],"jetpack_publicize_connections":[],"jetpack_featured_media_url":"https:\/\/i0.wp.com\/agrund.com\/wp-content\/uploads\/sites\/6\/2017\/12\/s-49.jpg?fit=960%2C300&ssl=1","jetpack_sharing_enabled":true,"jetpack_shortlink":"https:\/\/wp.me\/p3Hz0n-JYb","jetpack_likes_enabled":true,"_links":{"self":[{"href":"https:\/\/agrund.com\/index.php\/wp-json\/wp\/v2\/posts\/176711"}],"collection":[{"href":"https:\/\/agrund.com\/index.php\/wp-json\/wp\/v2\/posts"}],"about":[{"href":"https:\/\/agrund.com\/index.php\/wp-json\/wp\/v2\/types\/post"}],"author":[{"embeddable":true,"href":"https:\/\/agrund.com\/index.php\/wp-json\/wp\/v2\/users\/8"}],"replies":[{"embeddable":true,"href":"https:\/\/agrund.com\/index.php\/wp-json\/wp\/v2\/comments?post=176711"}],"version-history":[{"count":0,"href":"https:\/\/agrund.com\/index.php\/wp-json\/wp\/v2\/posts\/176711\/revisions"}],"wp:featuredmedia":[{"embeddable":true,"href":"https:\/\/agrund.com\/index.php\/wp-json\/wp\/v2\/media\/176715"}],"wp:attachment":[{"href":"https:\/\/agrund.com\/index.php\/wp-json\/wp\/v2\/media?parent=176711"}],"wp:term":[{"taxonomy":"category","embeddable":true,"href":"https:\/\/agrund.com\/index.php\/wp-json\/wp\/v2\/categories?post=176711"},{"taxonomy":"post_tag","embeddable":true,"href":"https:\/\/agrund.com\/index.php\/wp-json\/wp\/v2\/tags?post=176711"}],"curies":[{"name":"wp","href":"https:\/\/api.w.org\/{rel}","templated":true}]}}