{"id":176700,"date":"2017-12-14T13:00:01","date_gmt":"2017-12-14T15:00:01","guid":{"rendered":"http:\/\/www.agrund.com\/?p=176700"},"modified":"2017-12-14T09:54:25","modified_gmt":"2017-12-14T11:54:25","slug":"mudancas-na-semana-de-moda-de-nova-york","status":"publish","type":"post","link":"https:\/\/agrund.com\/index.php\/mudancas-na-semana-de-moda-de-nova-york\/","title":{"rendered":"Mudan\u00e7as na semana de moda de Nova York"},"content":{"rendered":"<p>O Council of Fashion Designers of America (CFDA), anunciou uma mudan\u00e7a nas datas da semana de moda de Nova York. A pr\u00f3xima edi\u00e7\u00e3o da semana de moda masculina acontecer\u00e1 entre os dias 05 e 07 de fevereiro de 2018, seguida pela feminina entre os dias 08 e 14 de fevereiro. Ou seja, a semana de moda de Nova York ter\u00e1 10 dias.<\/p>\n<p>\u201cO problema tem sido levar os editores de moda para os desfiles masculinos, ent\u00e3o ter eles acontecendo em datas pr\u00f3ximas ao das mulheres \u00e9 um benef\u00edcio\u201d, explicou Mark Beckham, vice-presidente de marketing do CFDA, em entrevista ao \u2018WWD\u2019.<\/p>\n<p>Na mesma entrevista, Mark revelou alguns nomes que voltar\u00e3o \u00e0s passarelas do evento: Raf Simons, Hugo Boss, Joseph Abboud, Perry Ellis, Todd Snyder e Ovadia &amp; Sons.<\/p>\n<div id=\"attachment_176701\" style=\"width: 610px\" class=\"wp-caption aligncenter\"><img aria-describedby=\"caption-attachment-176701\" data-attachment-id=\"176701\" data-permalink=\"https:\/\/agrund.com\/index.php\/mudancas-na-semana-de-moda-de-nova-york\/ny-3\/\" data-orig-file=\"https:\/\/i0.wp.com\/agrund.com\/wp-content\/uploads\/sites\/6\/2017\/12\/ny-e1513252402413.jpg?fit=600%2C338&amp;ssl=1\" data-orig-size=\"600,338\" data-comments-opened=\"1\" data-image-meta=\"{&quot;aperture&quot;:&quot;0&quot;,&quot;credit&quot;:&quot;&quot;,&quot;camera&quot;:&quot;&quot;,&quot;caption&quot;:&quot;&quot;,&quot;created_timestamp&quot;:&quot;0&quot;,&quot;copyright&quot;:&quot;&quot;,&quot;focal_length&quot;:&quot;0&quot;,&quot;iso&quot;:&quot;0&quot;,&quot;shutter_speed&quot;:&quot;0&quot;,&quot;title&quot;:&quot;&quot;,&quot;orientation&quot;:&quot;0&quot;}\" data-image-title=\"Mudan\u00e7as na semana de moda de Nova York\" data-image-description=\"\" data-image-caption=\"&lt;p&gt;Mudan\u00e7as na semana de moda de Nova York&lt;\/p&gt;\n\" data-medium-file=\"https:\/\/i0.wp.com\/agrund.com\/wp-content\/uploads\/sites\/6\/2017\/12\/ny-e1513252402413.jpg?fit=300%2C169&amp;ssl=1\" data-large-file=\"https:\/\/i0.wp.com\/agrund.com\/wp-content\/uploads\/sites\/6\/2017\/12\/ny-e1513252402413.jpg?fit=1024%2C576&amp;ssl=1\" decoding=\"async\" loading=\"lazy\" class=\"size-full wp-image-176701\" src=\"https:\/\/i0.wp.com\/www.agrund.com\/wp-content\/uploads\/sites\/6\/2017\/12\/ny-e1513252402413.jpg?resize=600%2C338\" alt=\"\" width=\"600\" height=\"338\" data-recalc-dims=\"1\" \/><p id=\"caption-attachment-176701\" class=\"wp-caption-text\">Mudan\u00e7as na semana de moda de Nova York<\/p><\/div>\n<p>Foto: Reprodu\u00e7\u00e3o.<\/p>\n","protected":false},"excerpt":{"rendered":"<p>O Council of Fashion Designers of America (CFDA), anunciou uma mudan\u00e7a nas datas da semana de moda de Nova York. A pr\u00f3xima edi\u00e7\u00e3o da semana de moda masculina acontecer\u00e1 entre os dias 05 e 07 de fevereiro de 2018, seguida pela feminina entre os dias 08 e 14 de fevereiro. Ou seja, a semana de [&hellip;]<\/p>\n","protected":false},"author":8,"featured_media":176702,"comment_status":"open","ping_status":"open","sticky":false,"template":"","format":"standard","meta":{"jetpack_post_was_ever_published":false,"_jetpack_newsletter_access":"","jetpack_publicize_message":"","jetpack_is_tweetstorm":false,"jetpack_publicize_feature_enabled":true,"jetpack_social_post_already_shared":true,"jetpack_social_options":{"image_generator_settings":{"template":"highway","enabled":false}}},"categories":[2],"tags":[],"jetpack_publicize_connections":[],"jetpack_featured_media_url":"https:\/\/i0.wp.com\/agrund.com\/wp-content\/uploads\/sites\/6\/2017\/12\/s-47.jpg?fit=960%2C300&ssl=1","jetpack_sharing_enabled":true,"jetpack_shortlink":"https:\/\/wp.me\/p3Hz0n-JY0","jetpack_likes_enabled":true,"_links":{"self":[{"href":"https:\/\/agrund.com\/index.php\/wp-json\/wp\/v2\/posts\/176700"}],"collection":[{"href":"https:\/\/agrund.com\/index.php\/wp-json\/wp\/v2\/posts"}],"about":[{"href":"https:\/\/agrund.com\/index.php\/wp-json\/wp\/v2\/types\/post"}],"author":[{"embeddable":true,"href":"https:\/\/agrund.com\/index.php\/wp-json\/wp\/v2\/users\/8"}],"replies":[{"embeddable":true,"href":"https:\/\/agrund.com\/index.php\/wp-json\/wp\/v2\/comments?post=176700"}],"version-history":[{"count":0,"href":"https:\/\/agrund.com\/index.php\/wp-json\/wp\/v2\/posts\/176700\/revisions"}],"wp:featuredmedia":[{"embeddable":true,"href":"https:\/\/agrund.com\/index.php\/wp-json\/wp\/v2\/media\/176702"}],"wp:attachment":[{"href":"https:\/\/agrund.com\/index.php\/wp-json\/wp\/v2\/media?parent=176700"}],"wp:term":[{"taxonomy":"category","embeddable":true,"href":"https:\/\/agrund.com\/index.php\/wp-json\/wp\/v2\/categories?post=176700"},{"taxonomy":"post_tag","embeddable":true,"href":"https:\/\/agrund.com\/index.php\/wp-json\/wp\/v2\/tags?post=176700"}],"curies":[{"name":"wp","href":"https:\/\/api.w.org\/{rel}","templated":true}]}}