{"id":176689,"date":"2017-12-14T11:00:49","date_gmt":"2017-12-14T13:00:49","guid":{"rendered":"http:\/\/www.agrund.com\/?p=176689"},"modified":"2017-12-14T09:48:35","modified_gmt":"2017-12-14T11:48:35","slug":"gigi-hadid-e-a-garota-da-capa","status":"publish","type":"post","link":"https:\/\/agrund.com\/index.php\/gigi-hadid-e-a-garota-da-capa\/","title":{"rendered":"Gigi Hadid \u00e9 a garota da capa"},"content":{"rendered":"<p>A \u2018Vogue\u2019 alem\u00e3 convocou Gigi Hadid para estrelar a sua primeira capa de 2018. A edi\u00e7\u00e3o de janeiro traz a modelo vestindo nada menos que um macac\u00e3o tipo body, todo colorido e customizado, da Versace.<\/p>\n<p>No editorial interno, Gigi veste v\u00e1rios looks coloridos, desde vestidos a pe\u00e7as de alfaiataria, e at\u00e9 mai\u00f4s, tudo da Versace. A fotografia \u00e9 de Patrick Demarchelier e voc\u00ea confere na galeria abaixo:<\/p>\n<div id=\"attachment_176690\" style=\"width: 610px\" class=\"wp-caption aligncenter\"><img aria-describedby=\"caption-attachment-176690\" data-attachment-id=\"176690\" data-permalink=\"https:\/\/agrund.com\/index.php\/gigi-hadid-e-a-garota-da-capa\/gigi-hadid-photoshoot01\/\" data-orig-file=\"https:\/\/i0.wp.com\/agrund.com\/wp-content\/uploads\/sites\/6\/2017\/12\/Gigi-Hadid-Photoshoot01-e1513251967184.jpg?fit=600%2C780&amp;ssl=1\" data-orig-size=\"600,780\" data-comments-opened=\"1\" data-image-meta=\"{&quot;aperture&quot;:&quot;0&quot;,&quot;credit&quot;:&quot;&quot;,&quot;camera&quot;:&quot;&quot;,&quot;caption&quot;:&quot;&quot;,&quot;created_timestamp&quot;:&quot;0&quot;,&quot;copyright&quot;:&quot;&quot;,&quot;focal_length&quot;:&quot;0&quot;,&quot;iso&quot;:&quot;0&quot;,&quot;shutter_speed&quot;:&quot;0&quot;,&quot;title&quot;:&quot;&quot;,&quot;orientation&quot;:&quot;1&quot;}\" data-image-title=\"Gigi Hadid \u00e9 a garota da capa\" data-image-description=\"\" data-image-caption=\"&lt;p&gt;Gigi Hadid \u00e9 a garota da capa&lt;\/p&gt;\n\" data-medium-file=\"https:\/\/i0.wp.com\/agrund.com\/wp-content\/uploads\/sites\/6\/2017\/12\/Gigi-Hadid-Photoshoot01-e1513251967184.jpg?fit=231%2C300&amp;ssl=1\" data-large-file=\"https:\/\/i0.wp.com\/agrund.com\/wp-content\/uploads\/sites\/6\/2017\/12\/Gigi-Hadid-Photoshoot01-e1513251967184.jpg?fit=788%2C1024&amp;ssl=1\" decoding=\"async\" loading=\"lazy\" class=\"size-full wp-image-176690\" src=\"https:\/\/i0.wp.com\/www.agrund.com\/wp-content\/uploads\/sites\/6\/2017\/12\/Gigi-Hadid-Photoshoot01-e1513251967184.jpg?resize=600%2C780\" alt=\"\" width=\"600\" height=\"780\" data-recalc-dims=\"1\" \/><p id=\"caption-attachment-176690\" class=\"wp-caption-text\">Gigi Hadid \u00e9 a garota da capa<\/p><\/div>\n<div id=\"attachment_176691\" style=\"width: 610px\" class=\"wp-caption aligncenter\"><img aria-describedby=\"caption-attachment-176691\" data-attachment-id=\"176691\" data-permalink=\"https:\/\/agrund.com\/index.php\/gigi-hadid-e-a-garota-da-capa\/gigi-hadid-photoshoot02\/\" data-orig-file=\"https:\/\/i0.wp.com\/agrund.com\/wp-content\/uploads\/sites\/6\/2017\/12\/Gigi-Hadid-Photoshoot02-e1513251986660.jpg?fit=600%2C763&amp;ssl=1\" data-orig-size=\"600,763\" data-comments-opened=\"1\" data-image-meta=\"{&quot;aperture&quot;:&quot;0&quot;,&quot;credit&quot;:&quot;&quot;,&quot;camera&quot;:&quot;&quot;,&quot;caption&quot;:&quot;&quot;,&quot;created_timestamp&quot;:&quot;0&quot;,&quot;copyright&quot;:&quot;&quot;,&quot;focal_length&quot;:&quot;0&quot;,&quot;iso&quot;:&quot;0&quot;,&quot;shutter_speed&quot;:&quot;0&quot;,&quot;title&quot;:&quot;&quot;,&quot;orientation&quot;:&quot;1&quot;}\" data-image-title=\"Gigi Hadid \u00e9 a garota da capa\" data-image-description=\"\" data-image-caption=\"&lt;p&gt;Gigi Hadid \u00e9 a garota da capa&lt;\/p&gt;\n\" data-medium-file=\"https:\/\/i0.wp.com\/agrund.com\/wp-content\/uploads\/sites\/6\/2017\/12\/Gigi-Hadid-Photoshoot02-e1513251986660.jpg?fit=236%2C300&amp;ssl=1\" data-large-file=\"https:\/\/i0.wp.com\/agrund.com\/wp-content\/uploads\/sites\/6\/2017\/12\/Gigi-Hadid-Photoshoot02-e1513251986660.jpg?fit=600%2C763&amp;ssl=1\" decoding=\"async\" loading=\"lazy\" class=\"size-full wp-image-176691\" src=\"https:\/\/i0.wp.com\/www.agrund.com\/wp-content\/uploads\/sites\/6\/2017\/12\/Gigi-Hadid-Photoshoot02-e1513251986660.jpg?resize=600%2C763\" alt=\"\" width=\"600\" height=\"763\" data-recalc-dims=\"1\" \/><p id=\"caption-attachment-176691\" class=\"wp-caption-text\">Gigi Hadid \u00e9 a garota da capa<\/p><\/div>\n<div id=\"attachment_176692\" style=\"width: 610px\" class=\"wp-caption aligncenter\"><img aria-describedby=\"caption-attachment-176692\" data-attachment-id=\"176692\" data-permalink=\"https:\/\/agrund.com\/index.php\/gigi-hadid-e-a-garota-da-capa\/gigi-hadid-photoshoot03\/\" data-orig-file=\"https:\/\/i0.wp.com\/agrund.com\/wp-content\/uploads\/sites\/6\/2017\/12\/Gigi-Hadid-Photoshoot03-e1513251999898.jpg?fit=600%2C848&amp;ssl=1\" data-orig-size=\"600,848\" data-comments-opened=\"1\" data-image-meta=\"{&quot;aperture&quot;:&quot;0&quot;,&quot;credit&quot;:&quot;&quot;,&quot;camera&quot;:&quot;&quot;,&quot;caption&quot;:&quot;&quot;,&quot;created_timestamp&quot;:&quot;0&quot;,&quot;copyright&quot;:&quot;&quot;,&quot;focal_length&quot;:&quot;0&quot;,&quot;iso&quot;:&quot;0&quot;,&quot;shutter_speed&quot;:&quot;0&quot;,&quot;title&quot;:&quot;&quot;,&quot;orientation&quot;:&quot;1&quot;}\" data-image-title=\"Gigi Hadid \u00e9 a garota da capa\" data-image-description=\"\" data-image-caption=\"&lt;p&gt;Gigi Hadid \u00e9 a garota da capa&lt;\/p&gt;\n\" data-medium-file=\"https:\/\/i0.wp.com\/agrund.com\/wp-content\/uploads\/sites\/6\/2017\/12\/Gigi-Hadid-Photoshoot03-e1513251999898.jpg?fit=212%2C300&amp;ssl=1\" data-large-file=\"https:\/\/i0.wp.com\/agrund.com\/wp-content\/uploads\/sites\/6\/2017\/12\/Gigi-Hadid-Photoshoot03-e1513251999898.jpg?fit=724%2C1024&amp;ssl=1\" decoding=\"async\" loading=\"lazy\" class=\"size-full wp-image-176692\" src=\"https:\/\/i0.wp.com\/www.agrund.com\/wp-content\/uploads\/sites\/6\/2017\/12\/Gigi-Hadid-Photoshoot03-e1513251999898.jpg?resize=600%2C848\" alt=\"\" width=\"600\" height=\"848\" data-recalc-dims=\"1\" \/><p id=\"caption-attachment-176692\" class=\"wp-caption-text\">Gigi Hadid \u00e9 a garota da capa<\/p><\/div>\n<div id=\"attachment_176693\" style=\"width: 610px\" class=\"wp-caption aligncenter\"><img aria-describedby=\"caption-attachment-176693\" data-attachment-id=\"176693\" data-permalink=\"https:\/\/agrund.com\/index.php\/gigi-hadid-e-a-garota-da-capa\/gigi-hadid-photoshoot04\/\" data-orig-file=\"https:\/\/i0.wp.com\/agrund.com\/wp-content\/uploads\/sites\/6\/2017\/12\/Gigi-Hadid-Photoshoot04-e1513252014267.jpg?fit=600%2C815&amp;ssl=1\" data-orig-size=\"600,815\" data-comments-opened=\"1\" data-image-meta=\"{&quot;aperture&quot;:&quot;0&quot;,&quot;credit&quot;:&quot;&quot;,&quot;camera&quot;:&quot;&quot;,&quot;caption&quot;:&quot;&quot;,&quot;created_timestamp&quot;:&quot;0&quot;,&quot;copyright&quot;:&quot;&quot;,&quot;focal_length&quot;:&quot;0&quot;,&quot;iso&quot;:&quot;0&quot;,&quot;shutter_speed&quot;:&quot;0&quot;,&quot;title&quot;:&quot;&quot;,&quot;orientation&quot;:&quot;1&quot;}\" data-image-title=\"Gigi Hadid \u00e9 a garota da capa\" data-image-description=\"\" data-image-caption=\"&lt;p&gt;Gigi Hadid \u00e9 a garota da capa&lt;\/p&gt;\n\" data-medium-file=\"https:\/\/i0.wp.com\/agrund.com\/wp-content\/uploads\/sites\/6\/2017\/12\/Gigi-Hadid-Photoshoot04-e1513252014267.jpg?fit=221%2C300&amp;ssl=1\" data-large-file=\"https:\/\/i0.wp.com\/agrund.com\/wp-content\/uploads\/sites\/6\/2017\/12\/Gigi-Hadid-Photoshoot04-e1513252014267.jpg?fit=754%2C1024&amp;ssl=1\" decoding=\"async\" loading=\"lazy\" class=\"size-full wp-image-176693\" src=\"https:\/\/i0.wp.com\/www.agrund.com\/wp-content\/uploads\/sites\/6\/2017\/12\/Gigi-Hadid-Photoshoot04-e1513252014267.jpg?resize=600%2C815\" alt=\"\" width=\"600\" height=\"815\" data-recalc-dims=\"1\" \/><p id=\"caption-attachment-176693\" class=\"wp-caption-text\">Gigi Hadid \u00e9 a garota da capa<\/p><\/div>\n<div id=\"attachment_176694\" style=\"width: 610px\" class=\"wp-caption aligncenter\"><img aria-describedby=\"caption-attachment-176694\" data-attachment-id=\"176694\" data-permalink=\"https:\/\/agrund.com\/index.php\/gigi-hadid-e-a-garota-da-capa\/gigi-hadid-photoshoot05\/\" data-orig-file=\"https:\/\/i0.wp.com\/agrund.com\/wp-content\/uploads\/sites\/6\/2017\/12\/Gigi-Hadid-Photoshoot05-e1513252027849.jpg?fit=600%2C900&amp;ssl=1\" data-orig-size=\"600,900\" data-comments-opened=\"1\" data-image-meta=\"{&quot;aperture&quot;:&quot;0&quot;,&quot;credit&quot;:&quot;&quot;,&quot;camera&quot;:&quot;&quot;,&quot;caption&quot;:&quot;&quot;,&quot;created_timestamp&quot;:&quot;0&quot;,&quot;copyright&quot;:&quot;&quot;,&quot;focal_length&quot;:&quot;0&quot;,&quot;iso&quot;:&quot;0&quot;,&quot;shutter_speed&quot;:&quot;0&quot;,&quot;title&quot;:&quot;&quot;,&quot;orientation&quot;:&quot;1&quot;}\" data-image-title=\"Gigi Hadid \u00e9 a garota da capa\" data-image-description=\"\" data-image-caption=\"&lt;p&gt;Gigi Hadid \u00e9 a garota da capa&lt;\/p&gt;\n\" data-medium-file=\"https:\/\/i0.wp.com\/agrund.com\/wp-content\/uploads\/sites\/6\/2017\/12\/Gigi-Hadid-Photoshoot05-e1513252027849.jpg?fit=200%2C300&amp;ssl=1\" data-large-file=\"https:\/\/i0.wp.com\/agrund.com\/wp-content\/uploads\/sites\/6\/2017\/12\/Gigi-Hadid-Photoshoot05-e1513252027849.jpg?fit=683%2C1024&amp;ssl=1\" decoding=\"async\" loading=\"lazy\" class=\"size-full wp-image-176694\" src=\"https:\/\/i0.wp.com\/www.agrund.com\/wp-content\/uploads\/sites\/6\/2017\/12\/Gigi-Hadid-Photoshoot05-e1513252027849.jpg?resize=600%2C900\" alt=\"\" width=\"600\" height=\"900\" data-recalc-dims=\"1\" \/><p id=\"caption-attachment-176694\" class=\"wp-caption-text\">Gigi Hadid \u00e9 a garota da capa<\/p><\/div>\n<div id=\"attachment_176695\" style=\"width: 610px\" class=\"wp-caption aligncenter\"><img aria-describedby=\"caption-attachment-176695\" data-attachment-id=\"176695\" data-permalink=\"https:\/\/agrund.com\/index.php\/gigi-hadid-e-a-garota-da-capa\/gigi-hadid-photoshoot06\/\" data-orig-file=\"https:\/\/i0.wp.com\/agrund.com\/wp-content\/uploads\/sites\/6\/2017\/12\/Gigi-Hadid-Photoshoot06-e1513252048308.jpg?fit=600%2C785&amp;ssl=1\" data-orig-size=\"600,785\" data-comments-opened=\"1\" data-image-meta=\"{&quot;aperture&quot;:&quot;0&quot;,&quot;credit&quot;:&quot;&quot;,&quot;camera&quot;:&quot;&quot;,&quot;caption&quot;:&quot;&quot;,&quot;created_timestamp&quot;:&quot;0&quot;,&quot;copyright&quot;:&quot;&quot;,&quot;focal_length&quot;:&quot;0&quot;,&quot;iso&quot;:&quot;0&quot;,&quot;shutter_speed&quot;:&quot;0&quot;,&quot;title&quot;:&quot;&quot;,&quot;orientation&quot;:&quot;1&quot;}\" data-image-title=\"Gigi Hadid \u00e9 a garota da capa\" data-image-description=\"\" data-image-caption=\"&lt;p&gt;Gigi Hadid \u00e9 a garota da capa&lt;\/p&gt;\n\" data-medium-file=\"https:\/\/i0.wp.com\/agrund.com\/wp-content\/uploads\/sites\/6\/2017\/12\/Gigi-Hadid-Photoshoot06-e1513252048308.jpg?fit=229%2C300&amp;ssl=1\" data-large-file=\"https:\/\/i0.wp.com\/agrund.com\/wp-content\/uploads\/sites\/6\/2017\/12\/Gigi-Hadid-Photoshoot06-e1513252048308.jpg?fit=782%2C1024&amp;ssl=1\" decoding=\"async\" loading=\"lazy\" class=\"size-full wp-image-176695\" src=\"https:\/\/i0.wp.com\/www.agrund.com\/wp-content\/uploads\/sites\/6\/2017\/12\/Gigi-Hadid-Photoshoot06-e1513252048308.jpg?resize=600%2C785\" alt=\"\" width=\"600\" height=\"785\" data-recalc-dims=\"1\" \/><p id=\"caption-attachment-176695\" class=\"wp-caption-text\">Gigi Hadid \u00e9 a garota da capa<\/p><\/div>\n<div id=\"attachment_176696\" style=\"width: 610px\" class=\"wp-caption aligncenter\"><img aria-describedby=\"caption-attachment-176696\" data-attachment-id=\"176696\" data-permalink=\"https:\/\/agrund.com\/index.php\/gigi-hadid-e-a-garota-da-capa\/gigi-hadid-photoshoot07\/\" data-orig-file=\"https:\/\/i0.wp.com\/agrund.com\/wp-content\/uploads\/sites\/6\/2017\/12\/Gigi-Hadid-Photoshoot07-e1513252062996.jpg?fit=600%2C794&amp;ssl=1\" data-orig-size=\"600,794\" data-comments-opened=\"1\" data-image-meta=\"{&quot;aperture&quot;:&quot;0&quot;,&quot;credit&quot;:&quot;&quot;,&quot;camera&quot;:&quot;&quot;,&quot;caption&quot;:&quot;&quot;,&quot;created_timestamp&quot;:&quot;0&quot;,&quot;copyright&quot;:&quot;&quot;,&quot;focal_length&quot;:&quot;0&quot;,&quot;iso&quot;:&quot;0&quot;,&quot;shutter_speed&quot;:&quot;0&quot;,&quot;title&quot;:&quot;&quot;,&quot;orientation&quot;:&quot;1&quot;}\" data-image-title=\"Gigi Hadid \u00e9 a garota da capa\" data-image-description=\"\" data-image-caption=\"&lt;p&gt;Gigi Hadid \u00e9 a garota da capa&lt;\/p&gt;\n\" data-medium-file=\"https:\/\/i0.wp.com\/agrund.com\/wp-content\/uploads\/sites\/6\/2017\/12\/Gigi-Hadid-Photoshoot07-e1513252062996.jpg?fit=227%2C300&amp;ssl=1\" data-large-file=\"https:\/\/i0.wp.com\/agrund.com\/wp-content\/uploads\/sites\/6\/2017\/12\/Gigi-Hadid-Photoshoot07-e1513252062996.jpg?fit=774%2C1024&amp;ssl=1\" decoding=\"async\" loading=\"lazy\" class=\"size-full wp-image-176696\" src=\"https:\/\/i0.wp.com\/www.agrund.com\/wp-content\/uploads\/sites\/6\/2017\/12\/Gigi-Hadid-Photoshoot07-e1513252062996.jpg?resize=600%2C794\" alt=\"\" width=\"600\" height=\"794\" data-recalc-dims=\"1\" \/><p id=\"caption-attachment-176696\" class=\"wp-caption-text\">Gigi Hadid \u00e9 a garota da capa<\/p><\/div>\n<div id=\"attachment_176697\" style=\"width: 610px\" class=\"wp-caption aligncenter\"><img aria-describedby=\"caption-attachment-176697\" data-attachment-id=\"176697\" data-permalink=\"https:\/\/agrund.com\/index.php\/gigi-hadid-e-a-garota-da-capa\/gigi-hadid-photoshoot08\/\" data-orig-file=\"https:\/\/i0.wp.com\/agrund.com\/wp-content\/uploads\/sites\/6\/2017\/12\/Gigi-Hadid-Photoshoot08-e1513252082697.jpg?fit=600%2C390&amp;ssl=1\" data-orig-size=\"600,390\" data-comments-opened=\"1\" data-image-meta=\"{&quot;aperture&quot;:&quot;0&quot;,&quot;credit&quot;:&quot;&quot;,&quot;camera&quot;:&quot;&quot;,&quot;caption&quot;:&quot;&quot;,&quot;created_timestamp&quot;:&quot;0&quot;,&quot;copyright&quot;:&quot;&quot;,&quot;focal_length&quot;:&quot;0&quot;,&quot;iso&quot;:&quot;0&quot;,&quot;shutter_speed&quot;:&quot;0&quot;,&quot;title&quot;:&quot;&quot;,&quot;orientation&quot;:&quot;1&quot;}\" data-image-title=\"Gigi Hadid \u00e9 a garota da capa\" data-image-description=\"\" data-image-caption=\"&lt;p&gt;Gigi Hadid \u00e9 a garota da capa&lt;\/p&gt;\n\" data-medium-file=\"https:\/\/i0.wp.com\/agrund.com\/wp-content\/uploads\/sites\/6\/2017\/12\/Gigi-Hadid-Photoshoot08-e1513252082697.jpg?fit=300%2C195&amp;ssl=1\" data-large-file=\"https:\/\/i0.wp.com\/agrund.com\/wp-content\/uploads\/sites\/6\/2017\/12\/Gigi-Hadid-Photoshoot08-e1513252082697.jpg?fit=600%2C390&amp;ssl=1\" decoding=\"async\" loading=\"lazy\" class=\"size-full wp-image-176697\" src=\"https:\/\/i0.wp.com\/www.agrund.com\/wp-content\/uploads\/sites\/6\/2017\/12\/Gigi-Hadid-Photoshoot08-e1513252082697.jpg?resize=600%2C390\" alt=\"\" width=\"600\" height=\"390\" data-recalc-dims=\"1\" \/><p id=\"caption-attachment-176697\" class=\"wp-caption-text\">Gigi Hadid \u00e9 a garota da capa<\/p><\/div>\n<p>Fotos: Reprodu\u00e7\u00e3o.<\/p>\n","protected":false},"excerpt":{"rendered":"<p>A \u2018Vogue\u2019 alem\u00e3 convocou Gigi Hadid para estrelar a sua primeira capa de 2018. A edi\u00e7\u00e3o de janeiro traz a modelo vestindo nada menos que um macac\u00e3o tipo body, todo colorido e customizado, da Versace. No editorial interno, Gigi veste v\u00e1rios looks coloridos, desde vestidos a pe\u00e7as de alfaiataria, e at\u00e9 mai\u00f4s, tudo da Versace. [&hellip;]<\/p>\n","protected":false},"author":8,"featured_media":176698,"comment_status":"open","ping_status":"open","sticky":false,"template":"","format":"standard","meta":{"jetpack_post_was_ever_published":false,"_jetpack_newsletter_access":"","jetpack_publicize_message":"","jetpack_is_tweetstorm":false,"jetpack_publicize_feature_enabled":true,"jetpack_social_post_already_shared":true,"jetpack_social_options":{"image_generator_settings":{"template":"highway","enabled":false}}},"categories":[2],"tags":[],"jetpack_publicize_connections":[],"jetpack_featured_media_url":"https:\/\/i0.wp.com\/agrund.com\/wp-content\/uploads\/sites\/6\/2017\/12\/s-46.jpg?fit=960%2C300&ssl=1","jetpack_sharing_enabled":true,"jetpack_shortlink":"https:\/\/wp.me\/p3Hz0n-JXP","jetpack_likes_enabled":true,"_links":{"self":[{"href":"https:\/\/agrund.com\/index.php\/wp-json\/wp\/v2\/posts\/176689"}],"collection":[{"href":"https:\/\/agrund.com\/index.php\/wp-json\/wp\/v2\/posts"}],"about":[{"href":"https:\/\/agrund.com\/index.php\/wp-json\/wp\/v2\/types\/post"}],"author":[{"embeddable":true,"href":"https:\/\/agrund.com\/index.php\/wp-json\/wp\/v2\/users\/8"}],"replies":[{"embeddable":true,"href":"https:\/\/agrund.com\/index.php\/wp-json\/wp\/v2\/comments?post=176689"}],"version-history":[{"count":0,"href":"https:\/\/agrund.com\/index.php\/wp-json\/wp\/v2\/posts\/176689\/revisions"}],"wp:featuredmedia":[{"embeddable":true,"href":"https:\/\/agrund.com\/index.php\/wp-json\/wp\/v2\/media\/176698"}],"wp:attachment":[{"href":"https:\/\/agrund.com\/index.php\/wp-json\/wp\/v2\/media?parent=176689"}],"wp:term":[{"taxonomy":"category","embeddable":true,"href":"https:\/\/agrund.com\/index.php\/wp-json\/wp\/v2\/categories?post=176689"},{"taxonomy":"post_tag","embeddable":true,"href":"https:\/\/agrund.com\/index.php\/wp-json\/wp\/v2\/tags?post=176689"}],"curies":[{"name":"wp","href":"https:\/\/api.w.org\/{rel}","templated":true}]}}