{"id":176680,"date":"2017-12-13T18:00:38","date_gmt":"2017-12-13T20:00:38","guid":{"rendered":"http:\/\/www.agrund.com\/?p=176680"},"modified":"2017-12-13T17:39:29","modified_gmt":"2017-12-13T19:39:29","slug":"o-polemico-video-de-gigi-hadid","status":"publish","type":"post","link":"https:\/\/agrund.com\/index.php\/o-polemico-video-de-gigi-hadid\/","title":{"rendered":"O pol\u00eamico v\u00eddeo de Gigi Hadid"},"content":{"rendered":"<p>&nbsp;<\/p>\n<div id=\"attachment_176681\" style=\"width: 570px\" class=\"wp-caption aligncenter\"><img aria-describedby=\"caption-attachment-176681\" data-attachment-id=\"176681\" data-permalink=\"https:\/\/agrund.com\/index.php\/o-polemico-video-de-gigi-hadid\/gigi-4\/\" data-orig-file=\"https:\/\/i0.wp.com\/agrund.com\/wp-content\/uploads\/sites\/6\/2017\/12\/gigi.jpg?fit=560%2C281&amp;ssl=1\" data-orig-size=\"560,281\" data-comments-opened=\"1\" data-image-meta=\"{&quot;aperture&quot;:&quot;0&quot;,&quot;credit&quot;:&quot;&quot;,&quot;camera&quot;:&quot;&quot;,&quot;caption&quot;:&quot;&quot;,&quot;created_timestamp&quot;:&quot;0&quot;,&quot;copyright&quot;:&quot;&quot;,&quot;focal_length&quot;:&quot;0&quot;,&quot;iso&quot;:&quot;0&quot;,&quot;shutter_speed&quot;:&quot;0&quot;,&quot;title&quot;:&quot;&quot;,&quot;orientation&quot;:&quot;1&quot;}\" data-image-title=\"O pol\u00eamico v\u00eddeo de Gigi Hadid\" data-image-description=\"\" data-image-caption=\"&lt;p&gt;O pol\u00eamico v\u00eddeo de Gigi Hadid &lt;\/p&gt;\n\" data-medium-file=\"https:\/\/i0.wp.com\/agrund.com\/wp-content\/uploads\/sites\/6\/2017\/12\/gigi.jpg?fit=300%2C151&amp;ssl=1\" data-large-file=\"https:\/\/i0.wp.com\/agrund.com\/wp-content\/uploads\/sites\/6\/2017\/12\/gigi.jpg?fit=560%2C281&amp;ssl=1\" decoding=\"async\" loading=\"lazy\" class=\"size-full wp-image-176681\" src=\"https:\/\/i0.wp.com\/www.agrund.com\/wp-content\/uploads\/sites\/6\/2017\/12\/gigi.jpg?resize=560%2C281\" alt=\"\" width=\"560\" height=\"281\" srcset=\"https:\/\/i0.wp.com\/agrund.com\/wp-content\/uploads\/sites\/6\/2017\/12\/gigi.jpg?w=560&amp;ssl=1 560w, https:\/\/i0.wp.com\/agrund.com\/wp-content\/uploads\/sites\/6\/2017\/12\/gigi.jpg?resize=300%2C151&amp;ssl=1 300w\" sizes=\"(max-width: 560px) 100vw, 560px\" data-recalc-dims=\"1\" \/><p id=\"caption-attachment-176681\" class=\"wp-caption-text\">O pol\u00eamico v\u00eddeo de Gigi Hadid<\/p><\/div>\n<p>Com a chegada de dezembro, a \u2018Love Magazine\u2019 come\u00e7ou a divulgar os seus tradicionais v\u00eddeos de final de ano. N\u00e3o estamos nem na metade do m\u00eas, mas um v\u00eddeo em especial j\u00e1 est\u00e1 gerando pol\u00eamica. Na segunda-feira (11), a revista publicou o curta estrelado por Gigi Hadid, onde ela aparece fazendo alguns exerc\u00edcios, j\u00e1 que o tema dos v\u00eddeos este ano \u00e9 a frase \u2018Stay Strong\u2019 (\u2018Fique firme\u2019, em portugu\u00eas).<\/p>\n<p>Em alguns takes, Gigi est\u00e1 com uma jaqueta azul e em outros apenas de top. O que acontece \u00e9 que nos takes de top parece que suas axilas n\u00e3o est\u00e3o depiladas.<\/p>\n<p>O post j\u00e1 recebeu milhares de coment\u00e1rios no Instagram, onde alguns defendem e apoiam a liberdade corporal, outros que n\u00e3o gostaram muito e ainda h\u00e1 aqueles que dizem que a jaqueta azul manchou as axilas da modelo. Aperte o play e d\u00ea a sua opini\u00e3o:<\/p>\n<span class=\"embed-youtube\" style=\"text-align:center; display: block;\"><iframe class=\"youtube-player\" width=\"560\" height=\"315\" src=\"https:\/\/www.youtube.com\/embed\/-GvVeT7pNT8?version=3&#038;rel=1&#038;showsearch=0&#038;showinfo=1&#038;iv_load_policy=1&#038;fs=1&#038;hl=pt-BR&#038;autohide=2&#038;wmode=transparent\" allowfullscreen=\"true\" style=\"border:0;\" sandbox=\"allow-scripts allow-same-origin allow-popups allow-presentation\"><\/iframe><\/span>\n<p>Foto e V\u00eddeo: Reprodu\u00e7\u00e3o.<\/p>\n","protected":false},"excerpt":{"rendered":"<p>&nbsp; Com a chegada de dezembro, a \u2018Love Magazine\u2019 come\u00e7ou a divulgar os seus tradicionais v\u00eddeos de final de ano. N\u00e3o estamos nem na metade do m\u00eas, mas um v\u00eddeo em especial j\u00e1 est\u00e1 gerando pol\u00eamica. Na segunda-feira (11), a revista publicou o curta estrelado por Gigi Hadid, onde ela aparece fazendo alguns exerc\u00edcios, j\u00e1 [&hellip;]<\/p>\n","protected":false},"author":8,"featured_media":176682,"comment_status":"open","ping_status":"open","sticky":false,"template":"","format":"standard","meta":{"jetpack_post_was_ever_published":false,"_jetpack_newsletter_access":"","jetpack_publicize_message":"","jetpack_is_tweetstorm":false,"jetpack_publicize_feature_enabled":true,"jetpack_social_post_already_shared":true,"jetpack_social_options":{"image_generator_settings":{"template":"highway","enabled":false}}},"categories":[2],"tags":[],"jetpack_publicize_connections":[],"jetpack_featured_media_url":"https:\/\/i0.wp.com\/agrund.com\/wp-content\/uploads\/sites\/6\/2017\/12\/s-44.jpg?fit=960%2C300&ssl=1","jetpack_sharing_enabled":true,"jetpack_shortlink":"https:\/\/wp.me\/p3Hz0n-JXG","jetpack_likes_enabled":true,"_links":{"self":[{"href":"https:\/\/agrund.com\/index.php\/wp-json\/wp\/v2\/posts\/176680"}],"collection":[{"href":"https:\/\/agrund.com\/index.php\/wp-json\/wp\/v2\/posts"}],"about":[{"href":"https:\/\/agrund.com\/index.php\/wp-json\/wp\/v2\/types\/post"}],"author":[{"embeddable":true,"href":"https:\/\/agrund.com\/index.php\/wp-json\/wp\/v2\/users\/8"}],"replies":[{"embeddable":true,"href":"https:\/\/agrund.com\/index.php\/wp-json\/wp\/v2\/comments?post=176680"}],"version-history":[{"count":0,"href":"https:\/\/agrund.com\/index.php\/wp-json\/wp\/v2\/posts\/176680\/revisions"}],"wp:featuredmedia":[{"embeddable":true,"href":"https:\/\/agrund.com\/index.php\/wp-json\/wp\/v2\/media\/176682"}],"wp:attachment":[{"href":"https:\/\/agrund.com\/index.php\/wp-json\/wp\/v2\/media?parent=176680"}],"wp:term":[{"taxonomy":"category","embeddable":true,"href":"https:\/\/agrund.com\/index.php\/wp-json\/wp\/v2\/categories?post=176680"},{"taxonomy":"post_tag","embeddable":true,"href":"https:\/\/agrund.com\/index.php\/wp-json\/wp\/v2\/tags?post=176680"}],"curies":[{"name":"wp","href":"https:\/\/api.w.org\/{rel}","templated":true}]}}