{"id":176612,"date":"2017-12-12T11:00:41","date_gmt":"2017-12-12T13:00:41","guid":{"rendered":"http:\/\/www.agrund.com\/?p=176612"},"modified":"2017-12-12T10:15:28","modified_gmt":"2017-12-12T12:15:28","slug":"gucci-escolhe-local-inusitado-para-seu-desfile","status":"publish","type":"post","link":"https:\/\/agrund.com\/index.php\/gucci-escolhe-local-inusitado-para-seu-desfile\/","title":{"rendered":"Gucci escolhe local inusitado para seu desfile"},"content":{"rendered":"<p>Se voc\u00ea achou que j\u00e1 tinha visto desfiles em todo lugar, espere s\u00f3 para saber esta novidade. A Gucci anunciou que far\u00e1 seu desfile Cruise 2019 na Alyscamps, uma famosa necr\u00f3pole do imp\u00e9rio Romano. Para quem n\u00e3o sabe, a necr\u00f3pole \u00e9 uma esp\u00e9cie de cemit\u00e9rio da Idade M\u00e9dia.<\/p>\n<p>Considerado um Patrim\u00f4nio Mundial pela UNESCO, o local escolhido fica na cidade de Arles, na Fran\u00e7a. Inusitado, n\u00e3o \u00e9 mesmo?<\/p>\n<p>O desfile acontecer\u00e1 em maio de 2018. Vamos aguardar!<\/p>\n<div id=\"attachment_176613\" style=\"width: 610px\" class=\"wp-caption aligncenter\"><img aria-describedby=\"caption-attachment-176613\" data-attachment-id=\"176613\" data-permalink=\"https:\/\/agrund.com\/index.php\/gucci-escolhe-local-inusitado-para-seu-desfile\/gucci-14\/\" data-orig-file=\"https:\/\/i0.wp.com\/agrund.com\/wp-content\/uploads\/sites\/6\/2017\/12\/gucci-e1513080485680.jpg?fit=600%2C450&amp;ssl=1\" data-orig-size=\"600,450\" data-comments-opened=\"1\" data-image-meta=\"{&quot;aperture&quot;:&quot;0&quot;,&quot;credit&quot;:&quot;&quot;,&quot;camera&quot;:&quot;&quot;,&quot;caption&quot;:&quot;&quot;,&quot;created_timestamp&quot;:&quot;0&quot;,&quot;copyright&quot;:&quot;&quot;,&quot;focal_length&quot;:&quot;0&quot;,&quot;iso&quot;:&quot;0&quot;,&quot;shutter_speed&quot;:&quot;0&quot;,&quot;title&quot;:&quot;&quot;,&quot;orientation&quot;:&quot;0&quot;}\" data-image-title=\"Gucci escolhe local inusitado para seu desfile\" data-image-description=\"\" data-image-caption=\"&lt;p&gt;Gucci escolhe local inusitado para seu desfile&lt;\/p&gt;\n\" data-medium-file=\"https:\/\/i0.wp.com\/agrund.com\/wp-content\/uploads\/sites\/6\/2017\/12\/gucci-e1513080485680.jpg?fit=300%2C225&amp;ssl=1\" data-large-file=\"https:\/\/i0.wp.com\/agrund.com\/wp-content\/uploads\/sites\/6\/2017\/12\/gucci-e1513080485680.jpg?fit=1024%2C768&amp;ssl=1\" decoding=\"async\" loading=\"lazy\" class=\"size-full wp-image-176613\" src=\"https:\/\/i0.wp.com\/www.agrund.com\/wp-content\/uploads\/sites\/6\/2017\/12\/gucci-e1513080485680.jpg?resize=600%2C450\" alt=\"\" width=\"600\" height=\"450\" data-recalc-dims=\"1\" \/><p id=\"caption-attachment-176613\" class=\"wp-caption-text\">Gucci escolhe local inusitado para seu desfile<\/p><\/div>\n<p>Foto: Reprodu\u00e7\u00e3o.<\/p>\n","protected":false},"excerpt":{"rendered":"<p>Se voc\u00ea achou que j\u00e1 tinha visto desfiles em todo lugar, espere s\u00f3 para saber esta novidade. A Gucci anunciou que far\u00e1 seu desfile Cruise 2019 na Alyscamps, uma famosa necr\u00f3pole do imp\u00e9rio Romano. Para quem n\u00e3o sabe, a necr\u00f3pole \u00e9 uma esp\u00e9cie de cemit\u00e9rio da Idade M\u00e9dia. Considerado um Patrim\u00f4nio Mundial pela UNESCO, o [&hellip;]<\/p>\n","protected":false},"author":8,"featured_media":176614,"comment_status":"open","ping_status":"open","sticky":false,"template":"","format":"standard","meta":{"jetpack_post_was_ever_published":false,"_jetpack_newsletter_access":"","jetpack_publicize_message":"","jetpack_is_tweetstorm":false,"jetpack_publicize_feature_enabled":true,"jetpack_social_post_already_shared":true,"jetpack_social_options":{"image_generator_settings":{"template":"highway","enabled":false}}},"categories":[2],"tags":[],"jetpack_publicize_connections":[],"jetpack_featured_media_url":"https:\/\/i0.wp.com\/agrund.com\/wp-content\/uploads\/sites\/6\/2017\/12\/s-36.jpg?fit=960%2C300&ssl=1","jetpack_sharing_enabled":true,"jetpack_shortlink":"https:\/\/wp.me\/p3Hz0n-JWA","jetpack_likes_enabled":true,"_links":{"self":[{"href":"https:\/\/agrund.com\/index.php\/wp-json\/wp\/v2\/posts\/176612"}],"collection":[{"href":"https:\/\/agrund.com\/index.php\/wp-json\/wp\/v2\/posts"}],"about":[{"href":"https:\/\/agrund.com\/index.php\/wp-json\/wp\/v2\/types\/post"}],"author":[{"embeddable":true,"href":"https:\/\/agrund.com\/index.php\/wp-json\/wp\/v2\/users\/8"}],"replies":[{"embeddable":true,"href":"https:\/\/agrund.com\/index.php\/wp-json\/wp\/v2\/comments?post=176612"}],"version-history":[{"count":0,"href":"https:\/\/agrund.com\/index.php\/wp-json\/wp\/v2\/posts\/176612\/revisions"}],"wp:featuredmedia":[{"embeddable":true,"href":"https:\/\/agrund.com\/index.php\/wp-json\/wp\/v2\/media\/176614"}],"wp:attachment":[{"href":"https:\/\/agrund.com\/index.php\/wp-json\/wp\/v2\/media?parent=176612"}],"wp:term":[{"taxonomy":"category","embeddable":true,"href":"https:\/\/agrund.com\/index.php\/wp-json\/wp\/v2\/categories?post=176612"},{"taxonomy":"post_tag","embeddable":true,"href":"https:\/\/agrund.com\/index.php\/wp-json\/wp\/v2\/tags?post=176612"}],"curies":[{"name":"wp","href":"https:\/\/api.w.org\/{rel}","templated":true}]}}