{"id":17659,"date":"2011-09-29T18:35:08","date_gmt":"2011-09-29T21:35:08","guid":{"rendered":"http:\/\/www.agrund.com\/blogs\/notas\/?p=17659"},"modified":"2011-09-29T18:35:08","modified_gmt":"2011-09-29T21:35:08","slug":"carine-roitfeld-vai-lancar-revista","status":"publish","type":"post","link":"https:\/\/agrund.com\/index.php\/carine-roitfeld-vai-lancar-revista\/","title":{"rendered":"Carine Roitfeld vai lan\u00e7ar revista"},"content":{"rendered":"<p>Est\u00e1 rolando um novo boato no mundo da Moda, tudo indica que a ex-editora da Vogue Paris Carine Roitfeld vai lan\u00e7ar uma nova revista de Moda. Mas isso n\u00e3o para por a\u00ed n\u00e3o, Roitfeld revelou ainda hoje que sua revista ser\u00e1 trimestral \u00a0e que a primeira edi\u00e7\u00e3o ser\u00e1 lan\u00e7ada em setembro de 2012. Para completar ela n\u00e3o quer competir com a Vogue, e que ela garante que o projeto poder\u00e1 ser um sucesso.<\/p>\n<p>Ser\u00e1 que vai vingar mesmo?!<\/p>\n<p style=\"text-align: left\"><img decoding=\"async\" loading=\"lazy\" class=\"aligncenter size-full wp-image-17660\" src=\"https:\/\/i0.wp.com\/www.agrund.com\/arquivo\/notas\/files\/2011\/09\/carine1.jpg?resize=370%2C270\" alt=\"\" width=\"370\" height=\"270\" data-recalc-dims=\"1\" \/><\/p>\n<p style=\"text-align: left\">Foto: Reprodu\u00e7\u00e3o<\/p>\n","protected":false},"excerpt":{"rendered":"<p>Est\u00e1 rolando um novo boato no mundo da Moda, tudo indica que a ex-editora da Vogue Paris Carine Roitfeld vai lan\u00e7ar uma nova revista de Moda. Mas isso n\u00e3o para por a\u00ed n\u00e3o, Roitfeld revelou ainda hoje que sua revista ser\u00e1 trimestral \u00a0e que a primeira edi\u00e7\u00e3o ser\u00e1 lan\u00e7ada em setembro de 2012. Para completar [&hellip;]<\/p>\n","protected":false},"author":8,"featured_media":17660,"comment_status":"open","ping_status":"open","sticky":false,"template":"","format":"standard","meta":{"jetpack_post_was_ever_published":false,"_jetpack_newsletter_access":"","jetpack_publicize_message":"","jetpack_is_tweetstorm":false,"jetpack_publicize_feature_enabled":true,"jetpack_social_post_already_shared":false,"jetpack_social_options":{"image_generator_settings":{"template":"highway","enabled":false}}},"categories":[2],"tags":[],"jetpack_publicize_connections":[],"jetpack_featured_media_url":"","jetpack_sharing_enabled":true,"jetpack_shortlink":"https:\/\/wp.me\/p3Hz0n-4AP","jetpack_likes_enabled":true,"_links":{"self":[{"href":"https:\/\/agrund.com\/index.php\/wp-json\/wp\/v2\/posts\/17659"}],"collection":[{"href":"https:\/\/agrund.com\/index.php\/wp-json\/wp\/v2\/posts"}],"about":[{"href":"https:\/\/agrund.com\/index.php\/wp-json\/wp\/v2\/types\/post"}],"author":[{"embeddable":true,"href":"https:\/\/agrund.com\/index.php\/wp-json\/wp\/v2\/users\/8"}],"replies":[{"embeddable":true,"href":"https:\/\/agrund.com\/index.php\/wp-json\/wp\/v2\/comments?post=17659"}],"version-history":[{"count":0,"href":"https:\/\/agrund.com\/index.php\/wp-json\/wp\/v2\/posts\/17659\/revisions"}],"wp:featuredmedia":[{"embeddable":true,"href":"https:\/\/agrund.com\/index.php\/wp-json\/"}],"wp:attachment":[{"href":"https:\/\/agrund.com\/index.php\/wp-json\/wp\/v2\/media?parent=17659"}],"wp:term":[{"taxonomy":"category","embeddable":true,"href":"https:\/\/agrund.com\/index.php\/wp-json\/wp\/v2\/categories?post=17659"},{"taxonomy":"post_tag","embeddable":true,"href":"https:\/\/agrund.com\/index.php\/wp-json\/wp\/v2\/tags?post=17659"}],"curies":[{"name":"wp","href":"https:\/\/api.w.org\/{rel}","templated":true}]}}