{"id":176547,"date":"2017-12-11T13:00:46","date_gmt":"2017-12-11T15:00:46","guid":{"rendered":"http:\/\/www.agrund.com\/?p=176547"},"modified":"2017-12-11T10:26:06","modified_gmt":"2017-12-11T12:26:06","slug":"a-marinheira-da-chanel","status":"publish","type":"post","link":"https:\/\/agrund.com\/index.php\/a-marinheira-da-chanel\/","title":{"rendered":"A marinheira da Chanel"},"content":{"rendered":"<p>Depois de apresentar a sua cole\u00e7\u00e3o pre-fall 2018 no seu ic\u00f4nico desfile M\u00e9tiers D\u2019Art que neste ano aconteceu na sala de concertos Elbphilharmonie (veja <a href=\"http:\/\/www.agrund.com\/chanel-apresenta-metiers-dart-em-hamburgo\/\">AQUI<\/a>), agora a Chanel divulgou sua nova campanha.<\/p>\n<p>Para apresentar a nova cole\u00e7\u00e3o, Anna Ewers encarnou uma marinheira chique e cheia de estilo, que veste desde conjuntos tweed a caps bordados. A inspira\u00e7\u00e3o n\u00e1utica e os anos 60 s\u00e3o muito evidentes nesta cole\u00e7\u00e3o da Chanel.<\/p>\n<p>Os cliques, todos em p&amp;b, foram feitos por Karl Lagerfeld. Veja o resultado na galeria abaixo:<\/p>\n<div id=\"attachment_176548\" style=\"width: 610px\" class=\"wp-caption aligncenter\"><img aria-describedby=\"caption-attachment-176548\" data-attachment-id=\"176548\" data-permalink=\"https:\/\/agrund.com\/index.php\/a-marinheira-da-chanel\/aa-19\/\" data-orig-file=\"https:\/\/i0.wp.com\/agrund.com\/wp-content\/uploads\/sites\/6\/2017\/12\/aa-4-e1512995048164.jpg?fit=600%2C819&amp;ssl=1\" data-orig-size=\"600,819\" data-comments-opened=\"1\" data-image-meta=\"{&quot;aperture&quot;:&quot;0&quot;,&quot;credit&quot;:&quot;&quot;,&quot;camera&quot;:&quot;&quot;,&quot;caption&quot;:&quot;&quot;,&quot;created_timestamp&quot;:&quot;0&quot;,&quot;copyright&quot;:&quot;&quot;,&quot;focal_length&quot;:&quot;0&quot;,&quot;iso&quot;:&quot;0&quot;,&quot;shutter_speed&quot;:&quot;0&quot;,&quot;title&quot;:&quot;&quot;,&quot;orientation&quot;:&quot;1&quot;}\" data-image-title=\"A marinheira da Chanel\" data-image-description=\"\" data-image-caption=\"&lt;p&gt;A marinheira da Chanel&lt;\/p&gt;\n\" data-medium-file=\"https:\/\/i0.wp.com\/agrund.com\/wp-content\/uploads\/sites\/6\/2017\/12\/aa-4-e1512995048164.jpg?fit=220%2C300&amp;ssl=1\" data-large-file=\"https:\/\/i0.wp.com\/agrund.com\/wp-content\/uploads\/sites\/6\/2017\/12\/aa-4-e1512995048164.jpg?fit=750%2C1024&amp;ssl=1\" decoding=\"async\" loading=\"lazy\" class=\"size-full wp-image-176548\" src=\"https:\/\/i0.wp.com\/www.agrund.com\/wp-content\/uploads\/sites\/6\/2017\/12\/aa-4-e1512995048164.jpg?resize=600%2C819\" alt=\"\" width=\"600\" height=\"819\" data-recalc-dims=\"1\" \/><p id=\"caption-attachment-176548\" class=\"wp-caption-text\">A marinheira da Chanel<\/p><\/div>\n<div id=\"attachment_176549\" style=\"width: 610px\" class=\"wp-caption aligncenter\"><img aria-describedby=\"caption-attachment-176549\" data-attachment-id=\"176549\" data-permalink=\"https:\/\/agrund.com\/index.php\/a-marinheira-da-chanel\/chanel-pre-fall-2018-lookbook21919\/\" data-orig-file=\"https:\/\/i0.wp.com\/agrund.com\/wp-content\/uploads\/sites\/6\/2017\/12\/Chanel-Pre-Fall-2018-Lookbook21919-e1512995066299.jpg?fit=600%2C777&amp;ssl=1\" data-orig-size=\"600,777\" data-comments-opened=\"1\" data-image-meta=\"{&quot;aperture&quot;:&quot;0&quot;,&quot;credit&quot;:&quot;&quot;,&quot;camera&quot;:&quot;&quot;,&quot;caption&quot;:&quot;&quot;,&quot;created_timestamp&quot;:&quot;0&quot;,&quot;copyright&quot;:&quot;&quot;,&quot;focal_length&quot;:&quot;0&quot;,&quot;iso&quot;:&quot;0&quot;,&quot;shutter_speed&quot;:&quot;0&quot;,&quot;title&quot;:&quot;&quot;,&quot;orientation&quot;:&quot;1&quot;}\" data-image-title=\"A marinheira da Chanel\" data-image-description=\"\" data-image-caption=\"&lt;p&gt;A marinheira da Chanel&lt;\/p&gt;\n\" data-medium-file=\"https:\/\/i0.wp.com\/agrund.com\/wp-content\/uploads\/sites\/6\/2017\/12\/Chanel-Pre-Fall-2018-Lookbook21919-e1512995066299.jpg?fit=232%2C300&amp;ssl=1\" data-large-file=\"https:\/\/i0.wp.com\/agrund.com\/wp-content\/uploads\/sites\/6\/2017\/12\/Chanel-Pre-Fall-2018-Lookbook21919-e1512995066299.jpg?fit=791%2C1024&amp;ssl=1\" decoding=\"async\" loading=\"lazy\" class=\"size-full wp-image-176549\" src=\"https:\/\/i0.wp.com\/www.agrund.com\/wp-content\/uploads\/sites\/6\/2017\/12\/Chanel-Pre-Fall-2018-Lookbook21919-e1512995066299.jpg?resize=600%2C777\" alt=\"\" width=\"600\" height=\"777\" data-recalc-dims=\"1\" \/><p id=\"caption-attachment-176549\" class=\"wp-caption-text\">A marinheira da Chanel<\/p><\/div>\n<div id=\"attachment_176550\" style=\"width: 610px\" class=\"wp-caption aligncenter\"><img aria-describedby=\"caption-attachment-176550\" data-attachment-id=\"176550\" data-permalink=\"https:\/\/agrund.com\/index.php\/a-marinheira-da-chanel\/chanel-pre-fall-2018-lookbook59554\/\" data-orig-file=\"https:\/\/i0.wp.com\/agrund.com\/wp-content\/uploads\/sites\/6\/2017\/12\/Chanel-Pre-Fall-2018-Lookbook59554-e1512995099360.jpg?fit=600%2C799&amp;ssl=1\" data-orig-size=\"600,799\" data-comments-opened=\"1\" data-image-meta=\"{&quot;aperture&quot;:&quot;0&quot;,&quot;credit&quot;:&quot;&quot;,&quot;camera&quot;:&quot;&quot;,&quot;caption&quot;:&quot;&quot;,&quot;created_timestamp&quot;:&quot;0&quot;,&quot;copyright&quot;:&quot;&quot;,&quot;focal_length&quot;:&quot;0&quot;,&quot;iso&quot;:&quot;0&quot;,&quot;shutter_speed&quot;:&quot;0&quot;,&quot;title&quot;:&quot;&quot;,&quot;orientation&quot;:&quot;1&quot;}\" data-image-title=\"A marinheira da Chanel\" data-image-description=\"\" data-image-caption=\"&lt;p&gt;A marinheira da Chanel&lt;\/p&gt;\n\" data-medium-file=\"https:\/\/i0.wp.com\/agrund.com\/wp-content\/uploads\/sites\/6\/2017\/12\/Chanel-Pre-Fall-2018-Lookbook59554-e1512995099360.jpg?fit=225%2C300&amp;ssl=1\" data-large-file=\"https:\/\/i0.wp.com\/agrund.com\/wp-content\/uploads\/sites\/6\/2017\/12\/Chanel-Pre-Fall-2018-Lookbook59554-e1512995099360.jpg?fit=769%2C1024&amp;ssl=1\" decoding=\"async\" loading=\"lazy\" class=\"size-full wp-image-176550\" src=\"https:\/\/i0.wp.com\/www.agrund.com\/wp-content\/uploads\/sites\/6\/2017\/12\/Chanel-Pre-Fall-2018-Lookbook59554-e1512995099360.jpg?resize=600%2C799\" alt=\"\" width=\"600\" height=\"799\" data-recalc-dims=\"1\" \/><p id=\"caption-attachment-176550\" class=\"wp-caption-text\">A marinheira da Chanel<\/p><\/div>\n<div id=\"attachment_176551\" style=\"width: 610px\" class=\"wp-caption aligncenter\"><img aria-describedby=\"caption-attachment-176551\" data-attachment-id=\"176551\" data-permalink=\"https:\/\/agrund.com\/index.php\/a-marinheira-da-chanel\/chanel-pre-fall-2018-lookbook79900\/\" data-orig-file=\"https:\/\/i0.wp.com\/agrund.com\/wp-content\/uploads\/sites\/6\/2017\/12\/Chanel-Pre-Fall-2018-Lookbook79900-e1512995118266.jpg?fit=600%2C800&amp;ssl=1\" data-orig-size=\"600,800\" data-comments-opened=\"1\" data-image-meta=\"{&quot;aperture&quot;:&quot;0&quot;,&quot;credit&quot;:&quot;&quot;,&quot;camera&quot;:&quot;&quot;,&quot;caption&quot;:&quot;&quot;,&quot;created_timestamp&quot;:&quot;0&quot;,&quot;copyright&quot;:&quot;&quot;,&quot;focal_length&quot;:&quot;0&quot;,&quot;iso&quot;:&quot;0&quot;,&quot;shutter_speed&quot;:&quot;0&quot;,&quot;title&quot;:&quot;&quot;,&quot;orientation&quot;:&quot;1&quot;}\" data-image-title=\"A marinheira da Chanel\" data-image-description=\"\" data-image-caption=\"&lt;p&gt;A marinheira da Chanel&lt;\/p&gt;\n\" data-medium-file=\"https:\/\/i0.wp.com\/agrund.com\/wp-content\/uploads\/sites\/6\/2017\/12\/Chanel-Pre-Fall-2018-Lookbook79900-e1512995118266.jpg?fit=225%2C300&amp;ssl=1\" data-large-file=\"https:\/\/i0.wp.com\/agrund.com\/wp-content\/uploads\/sites\/6\/2017\/12\/Chanel-Pre-Fall-2018-Lookbook79900-e1512995118266.jpg?fit=768%2C1024&amp;ssl=1\" decoding=\"async\" loading=\"lazy\" class=\"size-full wp-image-176551\" src=\"https:\/\/i0.wp.com\/www.agrund.com\/wp-content\/uploads\/sites\/6\/2017\/12\/Chanel-Pre-Fall-2018-Lookbook79900-e1512995118266.jpg?resize=600%2C800\" alt=\"\" width=\"600\" height=\"800\" data-recalc-dims=\"1\" \/><p id=\"caption-attachment-176551\" class=\"wp-caption-text\">A marinheira da Chanel<\/p><\/div>\n<p>Fotos: Reprodu\u00e7\u00e3o.<\/p>\n","protected":false},"excerpt":{"rendered":"<p>Depois de apresentar a sua cole\u00e7\u00e3o pre-fall 2018 no seu ic\u00f4nico desfile M\u00e9tiers D\u2019Art que neste ano aconteceu na sala de concertos Elbphilharmonie (veja AQUI), agora a Chanel divulgou sua nova campanha. Para apresentar a nova cole\u00e7\u00e3o, Anna Ewers encarnou uma marinheira chique e cheia de estilo, que veste desde conjuntos tweed a caps bordados. [&hellip;]<\/p>\n","protected":false},"author":8,"featured_media":176552,"comment_status":"open","ping_status":"open","sticky":false,"template":"","format":"standard","meta":{"jetpack_post_was_ever_published":false,"_jetpack_newsletter_access":"","jetpack_publicize_message":"","jetpack_is_tweetstorm":false,"jetpack_publicize_feature_enabled":true,"jetpack_social_post_already_shared":true,"jetpack_social_options":{"image_generator_settings":{"template":"highway","enabled":false}}},"categories":[2],"tags":[],"jetpack_publicize_connections":[],"jetpack_featured_media_url":"https:\/\/i0.wp.com\/agrund.com\/wp-content\/uploads\/sites\/6\/2017\/12\/s-32.jpg?fit=960%2C300&ssl=1","jetpack_sharing_enabled":true,"jetpack_shortlink":"https:\/\/wp.me\/p3Hz0n-JVx","jetpack_likes_enabled":true,"_links":{"self":[{"href":"https:\/\/agrund.com\/index.php\/wp-json\/wp\/v2\/posts\/176547"}],"collection":[{"href":"https:\/\/agrund.com\/index.php\/wp-json\/wp\/v2\/posts"}],"about":[{"href":"https:\/\/agrund.com\/index.php\/wp-json\/wp\/v2\/types\/post"}],"author":[{"embeddable":true,"href":"https:\/\/agrund.com\/index.php\/wp-json\/wp\/v2\/users\/8"}],"replies":[{"embeddable":true,"href":"https:\/\/agrund.com\/index.php\/wp-json\/wp\/v2\/comments?post=176547"}],"version-history":[{"count":0,"href":"https:\/\/agrund.com\/index.php\/wp-json\/wp\/v2\/posts\/176547\/revisions"}],"wp:featuredmedia":[{"embeddable":true,"href":"https:\/\/agrund.com\/index.php\/wp-json\/wp\/v2\/media\/176552"}],"wp:attachment":[{"href":"https:\/\/agrund.com\/index.php\/wp-json\/wp\/v2\/media?parent=176547"}],"wp:term":[{"taxonomy":"category","embeddable":true,"href":"https:\/\/agrund.com\/index.php\/wp-json\/wp\/v2\/categories?post=176547"},{"taxonomy":"post_tag","embeddable":true,"href":"https:\/\/agrund.com\/index.php\/wp-json\/wp\/v2\/tags?post=176547"}],"curies":[{"name":"wp","href":"https:\/\/api.w.org\/{rel}","templated":true}]}}