{"id":176504,"date":"2017-12-08T16:00:31","date_gmt":"2017-12-08T18:00:31","guid":{"rendered":"http:\/\/www.agrund.com\/?p=176504"},"modified":"2017-12-08T11:25:37","modified_gmt":"2017-12-08T13:25:37","slug":"chanel-apresenta-metiers-dart-em-hamburgo","status":"publish","type":"post","link":"https:\/\/agrund.com\/index.php\/chanel-apresenta-metiers-dart-em-hamburgo\/","title":{"rendered":"Chanel apresenta M\u00e9tiers D\u2019Art em Hamburgo"},"content":{"rendered":"<p>Por Let\u00edcia Santana<\/p>\n<div id=\"attachment_176505\" style=\"width: 610px\" class=\"wp-caption aligncenter\"><img aria-describedby=\"caption-attachment-176505\" data-attachment-id=\"176505\" data-permalink=\"https:\/\/agrund.com\/index.php\/chanel-apresenta-metiers-dart-em-hamburgo\/chanel-1-6\/\" data-orig-file=\"https:\/\/i0.wp.com\/agrund.com\/wp-content\/uploads\/sites\/6\/2017\/12\/Chanel-1.jpg?fit=600%2C360&amp;ssl=1\" data-orig-size=\"600,360\" data-comments-opened=\"1\" data-image-meta=\"{&quot;aperture&quot;:&quot;0&quot;,&quot;credit&quot;:&quot;&quot;,&quot;camera&quot;:&quot;&quot;,&quot;caption&quot;:&quot;&quot;,&quot;created_timestamp&quot;:&quot;0&quot;,&quot;copyright&quot;:&quot;&quot;,&quot;focal_length&quot;:&quot;0&quot;,&quot;iso&quot;:&quot;0&quot;,&quot;shutter_speed&quot;:&quot;0&quot;,&quot;title&quot;:&quot;&quot;,&quot;orientation&quot;:&quot;1&quot;}\" data-image-title=\"Chanel apresenta M\u00e9tiers D\u2019Art em Hamburgo\" data-image-description=\"\" data-image-caption=\"&lt;p&gt;Chanel apresenta M\u00e9tiers D\u2019Art em Hamburgo&lt;\/p&gt;\n\" data-medium-file=\"https:\/\/i0.wp.com\/agrund.com\/wp-content\/uploads\/sites\/6\/2017\/12\/Chanel-1.jpg?fit=300%2C180&amp;ssl=1\" data-large-file=\"https:\/\/i0.wp.com\/agrund.com\/wp-content\/uploads\/sites\/6\/2017\/12\/Chanel-1.jpg?fit=600%2C360&amp;ssl=1\" decoding=\"async\" loading=\"lazy\" class=\"size-full wp-image-176505\" src=\"https:\/\/i0.wp.com\/www.agrund.com\/wp-content\/uploads\/sites\/6\/2017\/12\/Chanel-1.jpg?resize=600%2C360\" alt=\"\" width=\"600\" height=\"360\" srcset=\"https:\/\/i0.wp.com\/agrund.com\/wp-content\/uploads\/sites\/6\/2017\/12\/Chanel-1.jpg?w=600&amp;ssl=1 600w, https:\/\/i0.wp.com\/agrund.com\/wp-content\/uploads\/sites\/6\/2017\/12\/Chanel-1.jpg?resize=300%2C180&amp;ssl=1 300w\" sizes=\"(max-width: 600px) 100vw, 600px\" data-recalc-dims=\"1\" \/><p id=\"caption-attachment-176505\" class=\"wp-caption-text\">Chanel apresenta M\u00e9tiers D\u2019Art em Hamburgo<\/p><\/div>\n<p>Na \u00faltima quarta (06\/12), foi o t\u00e3o esperado M\u00e9tiers D\u2019Art, desfile da Chanel que acontece anualmente e tem como intuito apresentar o seu pre-fall e celebrar o trabalho de in\u00fameros ateli\u00eas de artes\u00e3os franceses. A Lesage, Lemari\u00e9, Causse e Goossens s\u00e3o algumas das casas homenageadas que foram compradas pela maison ao longo dos anos e, desde ent\u00e3o, cada uma se tornou especializada em um trabalho diferente, se dividindo entre bordados, luvas, pedrarias, sapatos, joias, entre outros.<\/p>\n<p>A cada ano, Karl Lagerfeld escolhe uma cidade diferente para n\u00e3o s\u00f3 sediar o M\u00e9tiers D\u2019Art, mas como tamb\u00e9m para ser a grande inspira\u00e7\u00e3o da cole\u00e7\u00e3o. A escolhida da vez foi Hamburgo, cidade alem\u00e3 na qual o estilista nasceu e passou boa parte de sua inf\u00e2ncia e adolesc\u00eancia. \u201cEu nunca sa\u00ed daqui, isso \u00e9 parte de mim. Eu gosto de Hamburgo como uma ideia, algo que fica na minha mente\u201d, descreveu Lagerfeld.<\/p>\n<div id=\"attachment_176507\" style=\"width: 610px\" class=\"wp-caption aligncenter\"><img aria-describedby=\"caption-attachment-176507\" data-attachment-id=\"176507\" data-permalink=\"https:\/\/agrund.com\/index.php\/chanel-apresenta-metiers-dart-em-hamburgo\/chanel-metiers-dart-2\/\" data-orig-file=\"https:\/\/i0.wp.com\/agrund.com\/wp-content\/uploads\/sites\/6\/2017\/12\/Chanel-Me\u0301tiers-DArt-2.jpeg?fit=600%2C450&amp;ssl=1\" data-orig-size=\"600,450\" data-comments-opened=\"1\" data-image-meta=\"{&quot;aperture&quot;:&quot;0&quot;,&quot;credit&quot;:&quot;&quot;,&quot;camera&quot;:&quot;&quot;,&quot;caption&quot;:&quot;&quot;,&quot;created_timestamp&quot;:&quot;0&quot;,&quot;copyright&quot;:&quot;&quot;,&quot;focal_length&quot;:&quot;0&quot;,&quot;iso&quot;:&quot;0&quot;,&quot;shutter_speed&quot;:&quot;0&quot;,&quot;title&quot;:&quot;&quot;,&quot;orientation&quot;:&quot;1&quot;}\" data-image-title=\"Chanel apresenta M\u00e9tiers D\u2019Art em Hamburgo\" data-image-description=\"\" data-image-caption=\"&lt;p&gt;Chanel apresenta M\u00e9tiers D\u2019Art em Hamburgo&lt;\/p&gt;\n\" data-medium-file=\"https:\/\/i0.wp.com\/agrund.com\/wp-content\/uploads\/sites\/6\/2017\/12\/Chanel-Me\u0301tiers-DArt-2.jpeg?fit=300%2C225&amp;ssl=1\" data-large-file=\"https:\/\/i0.wp.com\/agrund.com\/wp-content\/uploads\/sites\/6\/2017\/12\/Chanel-Me\u0301tiers-DArt-2.jpeg?fit=600%2C450&amp;ssl=1\" decoding=\"async\" loading=\"lazy\" class=\"size-full wp-image-176507\" src=\"https:\/\/i0.wp.com\/www.agrund.com\/wp-content\/uploads\/sites\/6\/2017\/12\/Chanel-Me\u0301tiers-DArt-2.jpeg?resize=600%2C450\" alt=\"\" width=\"600\" height=\"450\" srcset=\"https:\/\/i0.wp.com\/agrund.com\/wp-content\/uploads\/sites\/6\/2017\/12\/Chanel-Me\u0301tiers-DArt-2.jpeg?w=600&amp;ssl=1 600w, https:\/\/i0.wp.com\/agrund.com\/wp-content\/uploads\/sites\/6\/2017\/12\/Chanel-Me\u0301tiers-DArt-2.jpeg?resize=300%2C225&amp;ssl=1 300w\" sizes=\"(max-width: 600px) 100vw, 600px\" data-recalc-dims=\"1\" \/><p id=\"caption-attachment-176507\" class=\"wp-caption-text\">Chanel apresenta M\u00e9tiers D\u2019Art em Hamburgo<\/p><\/div>\n<p>Ao receber cerca de 1100 convidados na Filarm\u00f4nica de Elba, a maison francesa apresentou uma cole\u00e7\u00e3o com forte influ\u00eancia n\u00e1utica. O fato de Hamburgo ser uma famosa zona portu\u00e1ria fez com que o azul marinho dominasse a passarela em ricas pe\u00e7as<br \/>\ntexturizadas, assim como, o cl\u00e1ssico chap\u00e9u de marinheiro fosse usado por todas as modelos. O desfile, que aconteceu ao som de uma orquestra conduzida por Esemble Resonanz, tamb\u00e9m contou com cashmeres em saias, vestidos e su\u00e9ters.<\/p>\n<div id=\"attachment_176506\" style=\"width: 610px\" class=\"wp-caption aligncenter\"><img aria-describedby=\"caption-attachment-176506\" data-attachment-id=\"176506\" data-permalink=\"https:\/\/agrund.com\/index.php\/chanel-apresenta-metiers-dart-em-hamburgo\/chanel-metiers-dart-1\/\" data-orig-file=\"https:\/\/i0.wp.com\/agrund.com\/wp-content\/uploads\/sites\/6\/2017\/12\/Chanel-Me\u0301tiers-DArt-1.jpeg?fit=600%2C450&amp;ssl=1\" data-orig-size=\"600,450\" data-comments-opened=\"1\" data-image-meta=\"{&quot;aperture&quot;:&quot;0&quot;,&quot;credit&quot;:&quot;&quot;,&quot;camera&quot;:&quot;&quot;,&quot;caption&quot;:&quot;&quot;,&quot;created_timestamp&quot;:&quot;0&quot;,&quot;copyright&quot;:&quot;&quot;,&quot;focal_length&quot;:&quot;0&quot;,&quot;iso&quot;:&quot;0&quot;,&quot;shutter_speed&quot;:&quot;0&quot;,&quot;title&quot;:&quot;&quot;,&quot;orientation&quot;:&quot;1&quot;}\" data-image-title=\"Chanel apresenta M\u00e9tiers D\u2019Art em Hamburgo\" data-image-description=\"\" data-image-caption=\"&lt;p&gt;Chanel apresenta M\u00e9tiers D\u2019Art em Hamburgo&lt;\/p&gt;\n\" data-medium-file=\"https:\/\/i0.wp.com\/agrund.com\/wp-content\/uploads\/sites\/6\/2017\/12\/Chanel-Me\u0301tiers-DArt-1.jpeg?fit=300%2C225&amp;ssl=1\" data-large-file=\"https:\/\/i0.wp.com\/agrund.com\/wp-content\/uploads\/sites\/6\/2017\/12\/Chanel-Me\u0301tiers-DArt-1.jpeg?fit=600%2C450&amp;ssl=1\" decoding=\"async\" loading=\"lazy\" class=\"size-full wp-image-176506\" src=\"https:\/\/i0.wp.com\/www.agrund.com\/wp-content\/uploads\/sites\/6\/2017\/12\/Chanel-Me\u0301tiers-DArt-1.jpeg?resize=600%2C450\" alt=\"\" width=\"600\" height=\"450\" srcset=\"https:\/\/i0.wp.com\/agrund.com\/wp-content\/uploads\/sites\/6\/2017\/12\/Chanel-Me\u0301tiers-DArt-1.jpeg?w=600&amp;ssl=1 600w, https:\/\/i0.wp.com\/agrund.com\/wp-content\/uploads\/sites\/6\/2017\/12\/Chanel-Me\u0301tiers-DArt-1.jpeg?resize=300%2C225&amp;ssl=1 300w\" sizes=\"(max-width: 600px) 100vw, 600px\" data-recalc-dims=\"1\" \/><p id=\"caption-attachment-176506\" class=\"wp-caption-text\">Chanel apresenta M\u00e9tiers D\u2019Art em Hamburgo<\/p><\/div>\n<p>Apesar do tema escolhido n\u00e3o ter sido retratado de forma literal na cole\u00e7\u00e3o, as pe\u00e7as apresentam refer\u00eancias hist\u00f3ricas da regi\u00e3o. Karl relembrou a frase dita por sua m\u00e3e que o fez querer partir para Paris depois dos impactos causados pela Segunda Guerra Mundial: \u201cHamburgo \u00e9 o port\u00e3o do mundo, mas voc\u00ea tem que atravess\u00e1-lo\u201d.<\/p>\n<div id=\"attachment_176508\" style=\"width: 610px\" class=\"wp-caption aligncenter\"><img aria-describedby=\"caption-attachment-176508\" data-attachment-id=\"176508\" data-permalink=\"https:\/\/agrund.com\/index.php\/chanel-apresenta-metiers-dart-em-hamburgo\/chanel-metiers-dart-3\/\" data-orig-file=\"https:\/\/i0.wp.com\/agrund.com\/wp-content\/uploads\/sites\/6\/2017\/12\/Chanel-Me\u0301tiers-DArt-3.jpeg?fit=600%2C450&amp;ssl=1\" data-orig-size=\"600,450\" data-comments-opened=\"1\" data-image-meta=\"{&quot;aperture&quot;:&quot;0&quot;,&quot;credit&quot;:&quot;&quot;,&quot;camera&quot;:&quot;&quot;,&quot;caption&quot;:&quot;&quot;,&quot;created_timestamp&quot;:&quot;0&quot;,&quot;copyright&quot;:&quot;&quot;,&quot;focal_length&quot;:&quot;0&quot;,&quot;iso&quot;:&quot;0&quot;,&quot;shutter_speed&quot;:&quot;0&quot;,&quot;title&quot;:&quot;&quot;,&quot;orientation&quot;:&quot;1&quot;}\" data-image-title=\"Chanel apresenta M\u00e9tiers D\u2019Art em Hamburgo\" data-image-description=\"\" data-image-caption=\"&lt;p&gt;Chanel apresenta M\u00e9tiers D\u2019Art em Hamburgo&lt;\/p&gt;\n\" data-medium-file=\"https:\/\/i0.wp.com\/agrund.com\/wp-content\/uploads\/sites\/6\/2017\/12\/Chanel-Me\u0301tiers-DArt-3.jpeg?fit=300%2C225&amp;ssl=1\" data-large-file=\"https:\/\/i0.wp.com\/agrund.com\/wp-content\/uploads\/sites\/6\/2017\/12\/Chanel-Me\u0301tiers-DArt-3.jpeg?fit=600%2C450&amp;ssl=1\" decoding=\"async\" loading=\"lazy\" class=\"size-full wp-image-176508\" src=\"https:\/\/i0.wp.com\/www.agrund.com\/wp-content\/uploads\/sites\/6\/2017\/12\/Chanel-Me\u0301tiers-DArt-3.jpeg?resize=600%2C450\" alt=\"\" width=\"600\" height=\"450\" srcset=\"https:\/\/i0.wp.com\/agrund.com\/wp-content\/uploads\/sites\/6\/2017\/12\/Chanel-Me\u0301tiers-DArt-3.jpeg?w=600&amp;ssl=1 600w, https:\/\/i0.wp.com\/agrund.com\/wp-content\/uploads\/sites\/6\/2017\/12\/Chanel-Me\u0301tiers-DArt-3.jpeg?resize=300%2C225&amp;ssl=1 300w\" sizes=\"(max-width: 600px) 100vw, 600px\" data-recalc-dims=\"1\" \/><p id=\"caption-attachment-176508\" class=\"wp-caption-text\">Chanel apresenta M\u00e9tiers D\u2019Art em Hamburgo<\/p><\/div>\n<p>A cole\u00e7\u00e3o \u00e9 cl\u00e1ssica e seguiu \u00e0 risca o famoso DNA Chanel, valorizando o trabalho manual e reafirmando a tamanha relev\u00e2ncia da grife na hist\u00f3ria da moda. Al\u00e9m disso, os desfiles do M\u00e9tiers D\u2019Art vem sempre acompanhados de uma extrema import\u00e2ncia diante do ciclo fren\u00e9tico de moda r\u00e1pida que a ind\u00fastria se encontra na contemporaneidade. Pe\u00e7as de valor, ic\u00f4nicas, atemporais, produzidas de forma habilidosa e carregadas de hist\u00f3ria, a gente v\u00ea por aqui.<\/p>\n<p>Mais em <a href=\"http:\/\/borboletavintage.com.br\/\">Borboleta Vintage<\/a>.<br \/>\nInstagram: <a href=\"https:\/\/www.instagram.com\/borboletavintage\/\">@borboletavintage.<\/a><\/p>\n<p>Fotos: Reprodu\u00e7\u00e3o.<\/p>\n","protected":false},"excerpt":{"rendered":"<p>Por Let\u00edcia Santana Na \u00faltima quarta (06\/12), foi o t\u00e3o esperado M\u00e9tiers D\u2019Art, desfile da Chanel que acontece anualmente e tem como intuito apresentar o seu pre-fall e celebrar o trabalho de in\u00fameros ateli\u00eas de artes\u00e3os franceses. A Lesage, Lemari\u00e9, Causse e Goossens s\u00e3o algumas das casas homenageadas que foram compradas pela maison ao longo [&hellip;]<\/p>\n","protected":false},"author":8,"featured_media":176510,"comment_status":"open","ping_status":"open","sticky":false,"template":"","format":"standard","meta":{"jetpack_post_was_ever_published":false,"_jetpack_newsletter_access":"","jetpack_publicize_message":"","jetpack_is_tweetstorm":false,"jetpack_publicize_feature_enabled":true,"jetpack_social_post_already_shared":true,"jetpack_social_options":{"image_generator_settings":{"template":"highway","enabled":false}}},"categories":[2],"tags":[],"jetpack_publicize_connections":[],"jetpack_featured_media_url":"https:\/\/i0.wp.com\/agrund.com\/wp-content\/uploads\/sites\/6\/2017\/12\/ss-3.jpg?fit=960%2C300&ssl=1","jetpack_sharing_enabled":true,"jetpack_shortlink":"https:\/\/wp.me\/p3Hz0n-JUQ","jetpack_likes_enabled":true,"_links":{"self":[{"href":"https:\/\/agrund.com\/index.php\/wp-json\/wp\/v2\/posts\/176504"}],"collection":[{"href":"https:\/\/agrund.com\/index.php\/wp-json\/wp\/v2\/posts"}],"about":[{"href":"https:\/\/agrund.com\/index.php\/wp-json\/wp\/v2\/types\/post"}],"author":[{"embeddable":true,"href":"https:\/\/agrund.com\/index.php\/wp-json\/wp\/v2\/users\/8"}],"replies":[{"embeddable":true,"href":"https:\/\/agrund.com\/index.php\/wp-json\/wp\/v2\/comments?post=176504"}],"version-history":[{"count":0,"href":"https:\/\/agrund.com\/index.php\/wp-json\/wp\/v2\/posts\/176504\/revisions"}],"wp:featuredmedia":[{"embeddable":true,"href":"https:\/\/agrund.com\/index.php\/wp-json\/wp\/v2\/media\/176510"}],"wp:attachment":[{"href":"https:\/\/agrund.com\/index.php\/wp-json\/wp\/v2\/media?parent=176504"}],"wp:term":[{"taxonomy":"category","embeddable":true,"href":"https:\/\/agrund.com\/index.php\/wp-json\/wp\/v2\/categories?post=176504"},{"taxonomy":"post_tag","embeddable":true,"href":"https:\/\/agrund.com\/index.php\/wp-json\/wp\/v2\/tags?post=176504"}],"curies":[{"name":"wp","href":"https:\/\/api.w.org\/{rel}","templated":true}]}}