{"id":176487,"date":"2017-12-08T15:00:58","date_gmt":"2017-12-08T17:00:58","guid":{"rendered":"http:\/\/www.agrund.com\/?p=176487"},"modified":"2017-12-08T10:16:52","modified_gmt":"2017-12-08T12:16:52","slug":"kim-kardashian-e-a-nova-garota-propaganda-da-yeezy","status":"publish","type":"post","link":"https:\/\/agrund.com\/index.php\/kim-kardashian-e-a-nova-garota-propaganda-da-yeezy\/","title":{"rendered":"Kim Kardashian \u00e9 a nova garota-propaganda da Yeezy"},"content":{"rendered":"<p>Se voc\u00ea acompanha Kim Kardashian no Instagram, percebeu que nas \u00faltimas semanas ela vinha usando muitos looks da Yeezy no dia a dia. Na verdade, todos os cliques que pareciam ser de paparazzis, com Kim fazendo as coisas de seu cotidiano, na verdade se transformaram na nova campanha da marca de Kanye West.<\/p>\n<p>Ao que tudo indica, a cole\u00e7\u00e3o Yeezy Season 6 n\u00e3o ser\u00e1 apresentada na semana de moda de Nova York, como as anteriores, e por isso, Kanye resolveu apresent\u00e1-la na rotina de Kim.<\/p>\n<p>Como de costume, a cartela de cores \u00e9 bem neutra, com marrom, nude, preto, cinza e azul. O design sempre minimalista, d\u00e1 vida a saias, tops, blusas, cal\u00e7as e casacos. Veja o resultado na galeria abaixo:<\/p>\n<div id=\"attachment_176494\" style=\"width: 560px\" class=\"wp-caption aligncenter\"><img aria-describedby=\"caption-attachment-176494\" data-attachment-id=\"176494\" data-permalink=\"https:\/\/agrund.com\/index.php\/kim-kardashian-e-a-nova-garota-propaganda-da-yeezy\/k1-2\/\" data-orig-file=\"https:\/\/i0.wp.com\/agrund.com\/wp-content\/uploads\/sites\/6\/2017\/12\/k1.jpg?fit=550%2C579&amp;ssl=1\" data-orig-size=\"550,579\" data-comments-opened=\"1\" data-image-meta=\"{&quot;aperture&quot;:&quot;0&quot;,&quot;credit&quot;:&quot;&quot;,&quot;camera&quot;:&quot;&quot;,&quot;caption&quot;:&quot;&quot;,&quot;created_timestamp&quot;:&quot;0&quot;,&quot;copyright&quot;:&quot;&quot;,&quot;focal_length&quot;:&quot;0&quot;,&quot;iso&quot;:&quot;0&quot;,&quot;shutter_speed&quot;:&quot;0&quot;,&quot;title&quot;:&quot;&quot;,&quot;orientation&quot;:&quot;1&quot;}\" data-image-title=\"Kim Kardashian \u00e9 a nova garota-propaganda da Yeezy\" data-image-description=\"\" data-image-caption=\"&lt;p&gt;Kim Kardashian \u00e9 a nova garota-propaganda da Yeezy&lt;\/p&gt;\n\" data-medium-file=\"https:\/\/i0.wp.com\/agrund.com\/wp-content\/uploads\/sites\/6\/2017\/12\/k1.jpg?fit=285%2C300&amp;ssl=1\" data-large-file=\"https:\/\/i0.wp.com\/agrund.com\/wp-content\/uploads\/sites\/6\/2017\/12\/k1.jpg?fit=550%2C579&amp;ssl=1\" decoding=\"async\" loading=\"lazy\" class=\"size-full wp-image-176494\" src=\"https:\/\/i0.wp.com\/www.agrund.com\/wp-content\/uploads\/sites\/6\/2017\/12\/k1.jpg?resize=550%2C579\" alt=\"\" width=\"550\" height=\"579\" srcset=\"https:\/\/i0.wp.com\/agrund.com\/wp-content\/uploads\/sites\/6\/2017\/12\/k1.jpg?w=550&amp;ssl=1 550w, https:\/\/i0.wp.com\/agrund.com\/wp-content\/uploads\/sites\/6\/2017\/12\/k1.jpg?resize=285%2C300&amp;ssl=1 285w\" sizes=\"(max-width: 550px) 100vw, 550px\" data-recalc-dims=\"1\" \/><p id=\"caption-attachment-176494\" class=\"wp-caption-text\">Kim Kardashian \u00e9 a nova garota-propaganda da Yeezy<\/p><\/div>\n<div id=\"attachment_176495\" style=\"width: 560px\" class=\"wp-caption aligncenter\"><img aria-describedby=\"caption-attachment-176495\" data-attachment-id=\"176495\" data-permalink=\"https:\/\/agrund.com\/index.php\/kim-kardashian-e-a-nova-garota-propaganda-da-yeezy\/k2-2\/\" data-orig-file=\"https:\/\/i0.wp.com\/agrund.com\/wp-content\/uploads\/sites\/6\/2017\/12\/k2.jpg?fit=550%2C651&amp;ssl=1\" data-orig-size=\"550,651\" data-comments-opened=\"1\" data-image-meta=\"{&quot;aperture&quot;:&quot;0&quot;,&quot;credit&quot;:&quot;&quot;,&quot;camera&quot;:&quot;&quot;,&quot;caption&quot;:&quot;&quot;,&quot;created_timestamp&quot;:&quot;0&quot;,&quot;copyright&quot;:&quot;&quot;,&quot;focal_length&quot;:&quot;0&quot;,&quot;iso&quot;:&quot;0&quot;,&quot;shutter_speed&quot;:&quot;0&quot;,&quot;title&quot;:&quot;&quot;,&quot;orientation&quot;:&quot;1&quot;}\" data-image-title=\"Kim Kardashian \u00e9 a nova garota-propaganda da Yeezy\" data-image-description=\"\" data-image-caption=\"&lt;p&gt;Kim Kardashian \u00e9 a nova garota-propaganda da Yeezy&lt;\/p&gt;\n\" data-medium-file=\"https:\/\/i0.wp.com\/agrund.com\/wp-content\/uploads\/sites\/6\/2017\/12\/k2.jpg?fit=253%2C300&amp;ssl=1\" data-large-file=\"https:\/\/i0.wp.com\/agrund.com\/wp-content\/uploads\/sites\/6\/2017\/12\/k2.jpg?fit=550%2C651&amp;ssl=1\" decoding=\"async\" loading=\"lazy\" class=\"size-full wp-image-176495\" src=\"https:\/\/i0.wp.com\/www.agrund.com\/wp-content\/uploads\/sites\/6\/2017\/12\/k2.jpg?resize=550%2C651\" alt=\"\" width=\"550\" height=\"651\" srcset=\"https:\/\/i0.wp.com\/agrund.com\/wp-content\/uploads\/sites\/6\/2017\/12\/k2.jpg?w=550&amp;ssl=1 550w, https:\/\/i0.wp.com\/agrund.com\/wp-content\/uploads\/sites\/6\/2017\/12\/k2.jpg?resize=253%2C300&amp;ssl=1 253w\" sizes=\"(max-width: 550px) 100vw, 550px\" data-recalc-dims=\"1\" \/><p id=\"caption-attachment-176495\" class=\"wp-caption-text\">Kim Kardashian \u00e9 a nova garota-propaganda da Yeezy<\/p><\/div>\n<div id=\"attachment_176496\" style=\"width: 560px\" class=\"wp-caption aligncenter\"><img aria-describedby=\"caption-attachment-176496\" data-attachment-id=\"176496\" data-permalink=\"https:\/\/agrund.com\/index.php\/kim-kardashian-e-a-nova-garota-propaganda-da-yeezy\/k3\/\" data-orig-file=\"https:\/\/i0.wp.com\/agrund.com\/wp-content\/uploads\/sites\/6\/2017\/12\/k3.jpg?fit=550%2C616&amp;ssl=1\" data-orig-size=\"550,616\" data-comments-opened=\"1\" data-image-meta=\"{&quot;aperture&quot;:&quot;0&quot;,&quot;credit&quot;:&quot;&quot;,&quot;camera&quot;:&quot;&quot;,&quot;caption&quot;:&quot;&quot;,&quot;created_timestamp&quot;:&quot;0&quot;,&quot;copyright&quot;:&quot;&quot;,&quot;focal_length&quot;:&quot;0&quot;,&quot;iso&quot;:&quot;0&quot;,&quot;shutter_speed&quot;:&quot;0&quot;,&quot;title&quot;:&quot;&quot;,&quot;orientation&quot;:&quot;1&quot;}\" data-image-title=\"Kim Kardashian \u00e9 a nova garota-propaganda da Yeezy\" data-image-description=\"\" data-image-caption=\"&lt;p&gt;Kim Kardashian \u00e9 a nova garota-propaganda da Yeezy&lt;\/p&gt;\n\" data-medium-file=\"https:\/\/i0.wp.com\/agrund.com\/wp-content\/uploads\/sites\/6\/2017\/12\/k3.jpg?fit=268%2C300&amp;ssl=1\" data-large-file=\"https:\/\/i0.wp.com\/agrund.com\/wp-content\/uploads\/sites\/6\/2017\/12\/k3.jpg?fit=550%2C616&amp;ssl=1\" decoding=\"async\" loading=\"lazy\" class=\"size-full wp-image-176496\" src=\"https:\/\/i0.wp.com\/www.agrund.com\/wp-content\/uploads\/sites\/6\/2017\/12\/k3.jpg?resize=550%2C616\" alt=\"\" width=\"550\" height=\"616\" srcset=\"https:\/\/i0.wp.com\/agrund.com\/wp-content\/uploads\/sites\/6\/2017\/12\/k3.jpg?w=550&amp;ssl=1 550w, https:\/\/i0.wp.com\/agrund.com\/wp-content\/uploads\/sites\/6\/2017\/12\/k3.jpg?resize=268%2C300&amp;ssl=1 268w\" sizes=\"(max-width: 550px) 100vw, 550px\" data-recalc-dims=\"1\" \/><p id=\"caption-attachment-176496\" class=\"wp-caption-text\">Kim Kardashian \u00e9 a nova garota-propaganda da Yeezy<\/p><\/div>\n<div id=\"attachment_176497\" style=\"width: 560px\" class=\"wp-caption aligncenter\"><img aria-describedby=\"caption-attachment-176497\" data-attachment-id=\"176497\" data-permalink=\"https:\/\/agrund.com\/index.php\/kim-kardashian-e-a-nova-garota-propaganda-da-yeezy\/k4-2\/\" data-orig-file=\"https:\/\/i0.wp.com\/agrund.com\/wp-content\/uploads\/sites\/6\/2017\/12\/k4.jpg?fit=550%2C685&amp;ssl=1\" data-orig-size=\"550,685\" data-comments-opened=\"1\" data-image-meta=\"{&quot;aperture&quot;:&quot;0&quot;,&quot;credit&quot;:&quot;&quot;,&quot;camera&quot;:&quot;&quot;,&quot;caption&quot;:&quot;&quot;,&quot;created_timestamp&quot;:&quot;0&quot;,&quot;copyright&quot;:&quot;&quot;,&quot;focal_length&quot;:&quot;0&quot;,&quot;iso&quot;:&quot;0&quot;,&quot;shutter_speed&quot;:&quot;0&quot;,&quot;title&quot;:&quot;&quot;,&quot;orientation&quot;:&quot;1&quot;}\" data-image-title=\"Kim Kardashian \u00e9 a nova garota-propaganda da Yeezy\" data-image-description=\"\" data-image-caption=\"&lt;p&gt;Kim Kardashian \u00e9 a nova garota-propaganda da Yeezy&lt;\/p&gt;\n\" data-medium-file=\"https:\/\/i0.wp.com\/agrund.com\/wp-content\/uploads\/sites\/6\/2017\/12\/k4.jpg?fit=241%2C300&amp;ssl=1\" data-large-file=\"https:\/\/i0.wp.com\/agrund.com\/wp-content\/uploads\/sites\/6\/2017\/12\/k4.jpg?fit=550%2C685&amp;ssl=1\" decoding=\"async\" loading=\"lazy\" class=\"size-full wp-image-176497\" src=\"https:\/\/i0.wp.com\/www.agrund.com\/wp-content\/uploads\/sites\/6\/2017\/12\/k4.jpg?resize=550%2C685\" alt=\"\" width=\"550\" height=\"685\" srcset=\"https:\/\/i0.wp.com\/agrund.com\/wp-content\/uploads\/sites\/6\/2017\/12\/k4.jpg?w=550&amp;ssl=1 550w, https:\/\/i0.wp.com\/agrund.com\/wp-content\/uploads\/sites\/6\/2017\/12\/k4.jpg?resize=241%2C300&amp;ssl=1 241w\" sizes=\"(max-width: 550px) 100vw, 550px\" data-recalc-dims=\"1\" \/><p id=\"caption-attachment-176497\" class=\"wp-caption-text\">Kim Kardashian \u00e9 a nova garota-propaganda da Yeezy<\/p><\/div>\n<div id=\"attachment_176500\" style=\"width: 560px\" class=\"wp-caption aligncenter\"><img aria-describedby=\"caption-attachment-176500\" data-attachment-id=\"176500\" data-permalink=\"https:\/\/agrund.com\/index.php\/kim-kardashian-e-a-nova-garota-propaganda-da-yeezy\/k7\/\" data-orig-file=\"https:\/\/i0.wp.com\/agrund.com\/wp-content\/uploads\/sites\/6\/2017\/12\/k7.jpg?fit=550%2C356&amp;ssl=1\" data-orig-size=\"550,356\" data-comments-opened=\"1\" data-image-meta=\"{&quot;aperture&quot;:&quot;0&quot;,&quot;credit&quot;:&quot;&quot;,&quot;camera&quot;:&quot;&quot;,&quot;caption&quot;:&quot;&quot;,&quot;created_timestamp&quot;:&quot;0&quot;,&quot;copyright&quot;:&quot;&quot;,&quot;focal_length&quot;:&quot;0&quot;,&quot;iso&quot;:&quot;0&quot;,&quot;shutter_speed&quot;:&quot;0&quot;,&quot;title&quot;:&quot;&quot;,&quot;orientation&quot;:&quot;1&quot;}\" data-image-title=\"Kim Kardashian \u00e9 a nova garota-propaganda da Yeezy\" data-image-description=\"\" data-image-caption=\"&lt;p&gt;Kim Kardashian \u00e9 a nova garota-propaganda da Yeezy&lt;\/p&gt;\n\" data-medium-file=\"https:\/\/i0.wp.com\/agrund.com\/wp-content\/uploads\/sites\/6\/2017\/12\/k7.jpg?fit=300%2C194&amp;ssl=1\" data-large-file=\"https:\/\/i0.wp.com\/agrund.com\/wp-content\/uploads\/sites\/6\/2017\/12\/k7.jpg?fit=550%2C356&amp;ssl=1\" decoding=\"async\" loading=\"lazy\" class=\"size-full wp-image-176500\" src=\"https:\/\/i0.wp.com\/www.agrund.com\/wp-content\/uploads\/sites\/6\/2017\/12\/k7.jpg?resize=550%2C356\" alt=\"\" width=\"550\" height=\"356\" srcset=\"https:\/\/i0.wp.com\/agrund.com\/wp-content\/uploads\/sites\/6\/2017\/12\/k7.jpg?w=550&amp;ssl=1 550w, https:\/\/i0.wp.com\/agrund.com\/wp-content\/uploads\/sites\/6\/2017\/12\/k7.jpg?resize=300%2C194&amp;ssl=1 300w\" sizes=\"(max-width: 550px) 100vw, 550px\" data-recalc-dims=\"1\" \/><p id=\"caption-attachment-176500\" class=\"wp-caption-text\">Kim Kardashian \u00e9 a nova garota-propaganda da Yeezy<\/p><\/div>\n<div id=\"attachment_176498\" style=\"width: 560px\" class=\"wp-caption aligncenter\"><img aria-describedby=\"caption-attachment-176498\" data-attachment-id=\"176498\" data-permalink=\"https:\/\/agrund.com\/index.php\/kim-kardashian-e-a-nova-garota-propaganda-da-yeezy\/k5\/\" data-orig-file=\"https:\/\/i0.wp.com\/agrund.com\/wp-content\/uploads\/sites\/6\/2017\/12\/k5.jpg?fit=550%2C692&amp;ssl=1\" data-orig-size=\"550,692\" data-comments-opened=\"1\" data-image-meta=\"{&quot;aperture&quot;:&quot;0&quot;,&quot;credit&quot;:&quot;&quot;,&quot;camera&quot;:&quot;&quot;,&quot;caption&quot;:&quot;&quot;,&quot;created_timestamp&quot;:&quot;0&quot;,&quot;copyright&quot;:&quot;&quot;,&quot;focal_length&quot;:&quot;0&quot;,&quot;iso&quot;:&quot;0&quot;,&quot;shutter_speed&quot;:&quot;0&quot;,&quot;title&quot;:&quot;&quot;,&quot;orientation&quot;:&quot;1&quot;}\" data-image-title=\"Kim Kardashian \u00e9 a nova garota-propaganda da Yeezy\" data-image-description=\"\" data-image-caption=\"&lt;p&gt;Kim Kardashian \u00e9 a nova garota-propaganda da Yeezy&lt;\/p&gt;\n\" data-medium-file=\"https:\/\/i0.wp.com\/agrund.com\/wp-content\/uploads\/sites\/6\/2017\/12\/k5.jpg?fit=238%2C300&amp;ssl=1\" data-large-file=\"https:\/\/i0.wp.com\/agrund.com\/wp-content\/uploads\/sites\/6\/2017\/12\/k5.jpg?fit=550%2C692&amp;ssl=1\" decoding=\"async\" loading=\"lazy\" class=\"size-full wp-image-176498\" src=\"https:\/\/i0.wp.com\/www.agrund.com\/wp-content\/uploads\/sites\/6\/2017\/12\/k5.jpg?resize=550%2C692\" alt=\"\" width=\"550\" height=\"692\" srcset=\"https:\/\/i0.wp.com\/agrund.com\/wp-content\/uploads\/sites\/6\/2017\/12\/k5.jpg?w=550&amp;ssl=1 550w, https:\/\/i0.wp.com\/agrund.com\/wp-content\/uploads\/sites\/6\/2017\/12\/k5.jpg?resize=238%2C300&amp;ssl=1 238w\" sizes=\"(max-width: 550px) 100vw, 550px\" data-recalc-dims=\"1\" \/><p id=\"caption-attachment-176498\" class=\"wp-caption-text\">Kim Kardashian \u00e9 a nova garota-propaganda da Yeezy<\/p><\/div>\n<div id=\"attachment_176499\" style=\"width: 560px\" class=\"wp-caption aligncenter\"><img aria-describedby=\"caption-attachment-176499\" data-attachment-id=\"176499\" data-permalink=\"https:\/\/agrund.com\/index.php\/kim-kardashian-e-a-nova-garota-propaganda-da-yeezy\/k6\/\" data-orig-file=\"https:\/\/i0.wp.com\/agrund.com\/wp-content\/uploads\/sites\/6\/2017\/12\/k6.jpg?fit=550%2C550&amp;ssl=1\" data-orig-size=\"550,550\" data-comments-opened=\"1\" data-image-meta=\"{&quot;aperture&quot;:&quot;0&quot;,&quot;credit&quot;:&quot;&quot;,&quot;camera&quot;:&quot;&quot;,&quot;caption&quot;:&quot;&quot;,&quot;created_timestamp&quot;:&quot;0&quot;,&quot;copyright&quot;:&quot;&quot;,&quot;focal_length&quot;:&quot;0&quot;,&quot;iso&quot;:&quot;0&quot;,&quot;shutter_speed&quot;:&quot;0&quot;,&quot;title&quot;:&quot;&quot;,&quot;orientation&quot;:&quot;1&quot;}\" data-image-title=\"Kim Kardashian \u00e9 a nova garota-propaganda da Yeezy\" data-image-description=\"\" data-image-caption=\"&lt;p&gt;Kim Kardashian \u00e9 a nova garota-propaganda da Yeezy&lt;\/p&gt;\n\" data-medium-file=\"https:\/\/i0.wp.com\/agrund.com\/wp-content\/uploads\/sites\/6\/2017\/12\/k6.jpg?fit=300%2C300&amp;ssl=1\" data-large-file=\"https:\/\/i0.wp.com\/agrund.com\/wp-content\/uploads\/sites\/6\/2017\/12\/k6.jpg?fit=550%2C550&amp;ssl=1\" decoding=\"async\" loading=\"lazy\" class=\"size-full wp-image-176499\" src=\"https:\/\/i0.wp.com\/www.agrund.com\/wp-content\/uploads\/sites\/6\/2017\/12\/k6.jpg?resize=550%2C550\" alt=\"\" width=\"550\" height=\"550\" srcset=\"https:\/\/i0.wp.com\/agrund.com\/wp-content\/uploads\/sites\/6\/2017\/12\/k6.jpg?w=550&amp;ssl=1 550w, https:\/\/i0.wp.com\/agrund.com\/wp-content\/uploads\/sites\/6\/2017\/12\/k6.jpg?resize=150%2C150&amp;ssl=1 150w, https:\/\/i0.wp.com\/agrund.com\/wp-content\/uploads\/sites\/6\/2017\/12\/k6.jpg?resize=300%2C300&amp;ssl=1 300w\" sizes=\"(max-width: 550px) 100vw, 550px\" data-recalc-dims=\"1\" \/><p id=\"caption-attachment-176499\" class=\"wp-caption-text\">Kim Kardashian \u00e9 a nova garota-propaganda da Yeezy<\/p><\/div>\n<p>Fotos: Reprodu\u00e7\u00e3o.<\/p>\n","protected":false},"excerpt":{"rendered":"<p>Se voc\u00ea acompanha Kim Kardashian no Instagram, percebeu que nas \u00faltimas semanas ela vinha usando muitos looks da Yeezy no dia a dia. Na verdade, todos os cliques que pareciam ser de paparazzis, com Kim fazendo as coisas de seu cotidiano, na verdade se transformaram na nova campanha da marca de Kanye West. Ao que [&hellip;]<\/p>\n","protected":false},"author":8,"featured_media":176493,"comment_status":"open","ping_status":"open","sticky":false,"template":"","format":"standard","meta":{"jetpack_post_was_ever_published":false,"_jetpack_newsletter_access":"","jetpack_publicize_message":"","jetpack_is_tweetstorm":false,"jetpack_publicize_feature_enabled":true,"jetpack_social_post_already_shared":true,"jetpack_social_options":{"image_generator_settings":{"template":"highway","enabled":false}}},"categories":[2],"tags":[],"jetpack_publicize_connections":[],"jetpack_featured_media_url":"https:\/\/i0.wp.com\/agrund.com\/wp-content\/uploads\/sites\/6\/2017\/12\/s-28.jpg?fit=960%2C300&ssl=1","jetpack_sharing_enabled":true,"jetpack_shortlink":"https:\/\/wp.me\/p3Hz0n-JUz","jetpack_likes_enabled":true,"_links":{"self":[{"href":"https:\/\/agrund.com\/index.php\/wp-json\/wp\/v2\/posts\/176487"}],"collection":[{"href":"https:\/\/agrund.com\/index.php\/wp-json\/wp\/v2\/posts"}],"about":[{"href":"https:\/\/agrund.com\/index.php\/wp-json\/wp\/v2\/types\/post"}],"author":[{"embeddable":true,"href":"https:\/\/agrund.com\/index.php\/wp-json\/wp\/v2\/users\/8"}],"replies":[{"embeddable":true,"href":"https:\/\/agrund.com\/index.php\/wp-json\/wp\/v2\/comments?post=176487"}],"version-history":[{"count":0,"href":"https:\/\/agrund.com\/index.php\/wp-json\/wp\/v2\/posts\/176487\/revisions"}],"wp:featuredmedia":[{"embeddable":true,"href":"https:\/\/agrund.com\/index.php\/wp-json\/wp\/v2\/media\/176493"}],"wp:attachment":[{"href":"https:\/\/agrund.com\/index.php\/wp-json\/wp\/v2\/media?parent=176487"}],"wp:term":[{"taxonomy":"category","embeddable":true,"href":"https:\/\/agrund.com\/index.php\/wp-json\/wp\/v2\/categories?post=176487"},{"taxonomy":"post_tag","embeddable":true,"href":"https:\/\/agrund.com\/index.php\/wp-json\/wp\/v2\/tags?post=176487"}],"curies":[{"name":"wp","href":"https:\/\/api.w.org\/{rel}","templated":true}]}}