{"id":176457,"date":"2017-12-07T19:00:37","date_gmt":"2017-12-07T21:00:37","guid":{"rendered":"http:\/\/www.agrund.com\/?p=176457"},"modified":"2017-12-07T20:38:03","modified_gmt":"2017-12-07T22:38:03","slug":"gigi-hadid-joan-smalls-e-candice-swanepoel-posam-para-calendario","status":"publish","type":"post","link":"https:\/\/agrund.com\/index.php\/gigi-hadid-joan-smalls-e-candice-swanepoel-posam-para-calendario\/","title":{"rendered":"Gigi Hadid, Joan Smalls e Candice Swanepoel posam para calend\u00e1rio"},"content":{"rendered":"<p>O ano est\u00e1 acabando e o \u2018CR Fashion Book\u2019 decidiu fazer o seu primeiro calend\u00e1rio. Para ilustra-lo, a publica\u00e7\u00e3o convocou modelos e personalidades criativas como Gigi Hadid, Paris Jackson, Joan Smalls, Candice Swanepoel e Binx Walton.<\/p>\n<p>O cen\u00e1rio escolhido para as fotos foi nada menos que uma academia, com direito a todos os aparelhos mas com looks grifados e salto alto. Carine Roitfeld fez todo o styling com looks de marcas como Dior, Max Mara e Calvin Klein. Enquanto Steven Klein fez as fotos e colocou as mulheres para malhar!<\/p>\n<p>Gostou? O calend\u00e1rio j\u00e1 est\u00e1 \u00e0 venda. Confira alguns cliques divulgados:<\/p>\n<div id=\"attachment_176460\" style=\"width: 610px\" class=\"wp-caption aligncenter\"><img aria-describedby=\"caption-attachment-176460\" data-attachment-id=\"176460\" data-permalink=\"https:\/\/agrund.com\/index.php\/gigi-hadid-joan-smalls-e-candice-swanepoel-posam-para-calendario\/gigi-hadid-cr-fashion-book-calendar-1\/\" data-orig-file=\"https:\/\/i0.wp.com\/agrund.com\/wp-content\/uploads\/sites\/6\/2017\/12\/Gigi-Hadid-CR-Fashion-Book-Calendar-1-e1512685958357.jpg?fit=600%2C449&amp;ssl=1\" data-orig-size=\"600,449\" data-comments-opened=\"1\" data-image-meta=\"{&quot;aperture&quot;:&quot;0&quot;,&quot;credit&quot;:&quot;&quot;,&quot;camera&quot;:&quot;&quot;,&quot;caption&quot;:&quot;&quot;,&quot;created_timestamp&quot;:&quot;0&quot;,&quot;copyright&quot;:&quot;&quot;,&quot;focal_length&quot;:&quot;0&quot;,&quot;iso&quot;:&quot;0&quot;,&quot;shutter_speed&quot;:&quot;0&quot;,&quot;title&quot;:&quot;&quot;,&quot;orientation&quot;:&quot;1&quot;}\" data-image-title=\"Gigi Hadid, Joan Smalls e Candice Swanepoel posam para calend\u00e1rio\" data-image-description=\"\" data-image-caption=\"&lt;p&gt;Gigi Hadid, Joan Smalls e Candice Swanepoel posam para calend\u00e1rio&lt;\/p&gt;\n\" data-medium-file=\"https:\/\/i0.wp.com\/agrund.com\/wp-content\/uploads\/sites\/6\/2017\/12\/Gigi-Hadid-CR-Fashion-Book-Calendar-1-e1512685958357.jpg?fit=300%2C225&amp;ssl=1\" data-large-file=\"https:\/\/i0.wp.com\/agrund.com\/wp-content\/uploads\/sites\/6\/2017\/12\/Gigi-Hadid-CR-Fashion-Book-Calendar-1-e1512685958357.jpg?fit=600%2C449&amp;ssl=1\" decoding=\"async\" loading=\"lazy\" class=\"size-full wp-image-176460\" src=\"https:\/\/i0.wp.com\/www.agrund.com\/wp-content\/uploads\/sites\/6\/2017\/12\/Gigi-Hadid-CR-Fashion-Book-Calendar-1-e1512685958357.jpg?resize=600%2C449\" alt=\"\" width=\"600\" height=\"449\" data-recalc-dims=\"1\" \/><p id=\"caption-attachment-176460\" class=\"wp-caption-text\">Gigi Hadid, Joan Smalls e Candice Swanepoel posam para calend\u00e1rio<\/p><\/div>\n<div id=\"attachment_176461\" style=\"width: 610px\" class=\"wp-caption aligncenter\"><img aria-describedby=\"caption-attachment-176461\" data-attachment-id=\"176461\" data-permalink=\"https:\/\/agrund.com\/index.php\/gigi-hadid-joan-smalls-e-candice-swanepoel-posam-para-calendario\/halima-aden-cr-fashion-book-calendar\/\" data-orig-file=\"https:\/\/i0.wp.com\/agrund.com\/wp-content\/uploads\/sites\/6\/2017\/12\/Halima-Aden-CR-Fashion-Book-Calendar-e1512686059593.jpg?fit=600%2C449&amp;ssl=1\" data-orig-size=\"600,449\" data-comments-opened=\"1\" data-image-meta=\"{&quot;aperture&quot;:&quot;0&quot;,&quot;credit&quot;:&quot;&quot;,&quot;camera&quot;:&quot;&quot;,&quot;caption&quot;:&quot;&quot;,&quot;created_timestamp&quot;:&quot;0&quot;,&quot;copyright&quot;:&quot;&quot;,&quot;focal_length&quot;:&quot;0&quot;,&quot;iso&quot;:&quot;0&quot;,&quot;shutter_speed&quot;:&quot;0&quot;,&quot;title&quot;:&quot;&quot;,&quot;orientation&quot;:&quot;1&quot;}\" data-image-title=\"Gigi Hadid, Joan Smalls e Candice Swanepoel posam para calend\u00e1rio\" data-image-description=\"\" data-image-caption=\"&lt;p&gt;Gigi Hadid, Joan Smalls e Candice Swanepoel posam para calend\u00e1rio&lt;\/p&gt;\n\" data-medium-file=\"https:\/\/i0.wp.com\/agrund.com\/wp-content\/uploads\/sites\/6\/2017\/12\/Halima-Aden-CR-Fashion-Book-Calendar-e1512686059593.jpg?fit=300%2C225&amp;ssl=1\" data-large-file=\"https:\/\/i0.wp.com\/agrund.com\/wp-content\/uploads\/sites\/6\/2017\/12\/Halima-Aden-CR-Fashion-Book-Calendar-e1512686059593.jpg?fit=600%2C449&amp;ssl=1\" decoding=\"async\" loading=\"lazy\" class=\"size-full wp-image-176461\" src=\"https:\/\/i0.wp.com\/www.agrund.com\/wp-content\/uploads\/sites\/6\/2017\/12\/Halima-Aden-CR-Fashion-Book-Calendar-e1512686059593.jpg?resize=600%2C449\" alt=\"\" width=\"600\" height=\"449\" data-recalc-dims=\"1\" \/><p id=\"caption-attachment-176461\" class=\"wp-caption-text\">Gigi Hadid, Joan Smalls e Candice Swanepoel posam para calend\u00e1rio<\/p><\/div>\n<div id=\"attachment_176463\" style=\"width: 610px\" class=\"wp-caption aligncenter\"><img aria-describedby=\"caption-attachment-176463\" data-attachment-id=\"176463\" data-permalink=\"https:\/\/agrund.com\/index.php\/gigi-hadid-joan-smalls-e-candice-swanepoel-posam-para-calendario\/joan-smalls-cr-fashion-book-calendar-1\/\" data-orig-file=\"https:\/\/i0.wp.com\/agrund.com\/wp-content\/uploads\/sites\/6\/2017\/12\/Joan-Smalls-CR-Fashion-Book-Calendar-1-e1512686085754.jpg?fit=600%2C434&amp;ssl=1\" data-orig-size=\"600,434\" data-comments-opened=\"1\" data-image-meta=\"{&quot;aperture&quot;:&quot;0&quot;,&quot;credit&quot;:&quot;&quot;,&quot;camera&quot;:&quot;&quot;,&quot;caption&quot;:&quot;&quot;,&quot;created_timestamp&quot;:&quot;0&quot;,&quot;copyright&quot;:&quot;&quot;,&quot;focal_length&quot;:&quot;0&quot;,&quot;iso&quot;:&quot;0&quot;,&quot;shutter_speed&quot;:&quot;0&quot;,&quot;title&quot;:&quot;&quot;,&quot;orientation&quot;:&quot;1&quot;}\" data-image-title=\"Gigi Hadid, Joan Smalls e Candice Swanepoel posam para calend\u00e1rio\" data-image-description=\"\" data-image-caption=\"&lt;p&gt;Gigi Hadid, Joan Smalls e Candice Swanepoel posam para calend\u00e1rio&lt;\/p&gt;\n\" data-medium-file=\"https:\/\/i0.wp.com\/agrund.com\/wp-content\/uploads\/sites\/6\/2017\/12\/Joan-Smalls-CR-Fashion-Book-Calendar-1-e1512686085754.jpg?fit=300%2C217&amp;ssl=1\" data-large-file=\"https:\/\/i0.wp.com\/agrund.com\/wp-content\/uploads\/sites\/6\/2017\/12\/Joan-Smalls-CR-Fashion-Book-Calendar-1-e1512686085754.jpg?fit=600%2C434&amp;ssl=1\" decoding=\"async\" loading=\"lazy\" class=\"size-full wp-image-176463\" src=\"https:\/\/i0.wp.com\/www.agrund.com\/wp-content\/uploads\/sites\/6\/2017\/12\/Joan-Smalls-CR-Fashion-Book-Calendar-1-e1512686085754.jpg?resize=600%2C434\" alt=\"\" width=\"600\" height=\"434\" data-recalc-dims=\"1\" \/><p id=\"caption-attachment-176463\" class=\"wp-caption-text\">Gigi Hadid, Joan Smalls e Candice Swanepoel posam para calend\u00e1rio<\/p><\/div>\n<div id=\"attachment_176462\" style=\"width: 610px\" class=\"wp-caption aligncenter\"><img aria-describedby=\"caption-attachment-176462\" data-attachment-id=\"176462\" data-permalink=\"https:\/\/agrund.com\/index.php\/gigi-hadid-joan-smalls-e-candice-swanepoel-posam-para-calendario\/hannah-ferguson-cr-fashion-book-calendar\/\" data-orig-file=\"https:\/\/i0.wp.com\/agrund.com\/wp-content\/uploads\/sites\/6\/2017\/12\/Hannah-Ferguson-CR-Fashion-Book-Calendar-e1512686100676.jpg?fit=600%2C449&amp;ssl=1\" data-orig-size=\"600,449\" data-comments-opened=\"1\" data-image-meta=\"{&quot;aperture&quot;:&quot;0&quot;,&quot;credit&quot;:&quot;&quot;,&quot;camera&quot;:&quot;&quot;,&quot;caption&quot;:&quot;&quot;,&quot;created_timestamp&quot;:&quot;0&quot;,&quot;copyright&quot;:&quot;&quot;,&quot;focal_length&quot;:&quot;0&quot;,&quot;iso&quot;:&quot;0&quot;,&quot;shutter_speed&quot;:&quot;0&quot;,&quot;title&quot;:&quot;&quot;,&quot;orientation&quot;:&quot;1&quot;}\" data-image-title=\"Gigi Hadid, Joan Smalls e Candice Swanepoel posam para calend\u00e1rio\" data-image-description=\"\" data-image-caption=\"&lt;p&gt;Gigi Hadid, Joan Smalls e Candice Swanepoel posam para calend\u00e1rio&lt;\/p&gt;\n\" data-medium-file=\"https:\/\/i0.wp.com\/agrund.com\/wp-content\/uploads\/sites\/6\/2017\/12\/Hannah-Ferguson-CR-Fashion-Book-Calendar-e1512686100676.jpg?fit=300%2C225&amp;ssl=1\" data-large-file=\"https:\/\/i0.wp.com\/agrund.com\/wp-content\/uploads\/sites\/6\/2017\/12\/Hannah-Ferguson-CR-Fashion-Book-Calendar-e1512686100676.jpg?fit=600%2C449&amp;ssl=1\" decoding=\"async\" loading=\"lazy\" class=\"size-full wp-image-176462\" src=\"https:\/\/i0.wp.com\/www.agrund.com\/wp-content\/uploads\/sites\/6\/2017\/12\/Hannah-Ferguson-CR-Fashion-Book-Calendar-e1512686100676.jpg?resize=600%2C449\" alt=\"\" width=\"600\" height=\"449\" data-recalc-dims=\"1\" \/><p id=\"caption-attachment-176462\" class=\"wp-caption-text\">Gigi Hadid, Joan Smalls e Candice Swanepoel posam para calend\u00e1rio<\/p><\/div>\n<div id=\"attachment_176458\" style=\"width: 610px\" class=\"wp-caption aligncenter\"><img aria-describedby=\"caption-attachment-176458\" data-attachment-id=\"176458\" data-permalink=\"https:\/\/agrund.com\/index.php\/gigi-hadid-joan-smalls-e-candice-swanepoel-posam-para-calendario\/binx-walton-cr-fashion-book-calendar\/\" data-orig-file=\"https:\/\/i0.wp.com\/agrund.com\/wp-content\/uploads\/sites\/6\/2017\/12\/Binx-Walton-CR-Fashion-Book-Calendar-e1512686117271.jpg?fit=600%2C449&amp;ssl=1\" data-orig-size=\"600,449\" data-comments-opened=\"1\" data-image-meta=\"{&quot;aperture&quot;:&quot;0&quot;,&quot;credit&quot;:&quot;&quot;,&quot;camera&quot;:&quot;&quot;,&quot;caption&quot;:&quot;&quot;,&quot;created_timestamp&quot;:&quot;0&quot;,&quot;copyright&quot;:&quot;&quot;,&quot;focal_length&quot;:&quot;0&quot;,&quot;iso&quot;:&quot;0&quot;,&quot;shutter_speed&quot;:&quot;0&quot;,&quot;title&quot;:&quot;&quot;,&quot;orientation&quot;:&quot;1&quot;}\" data-image-title=\"Gigi Hadid, Joan Smalls e Candice Swanepoel posam para calend\u00e1rio\" data-image-description=\"\" data-image-caption=\"&lt;p&gt;Gigi Hadid, Joan Smalls e Candice Swanepoel posam para calend\u00e1rio&lt;\/p&gt;\n\" data-medium-file=\"https:\/\/i0.wp.com\/agrund.com\/wp-content\/uploads\/sites\/6\/2017\/12\/Binx-Walton-CR-Fashion-Book-Calendar-e1512686117271.jpg?fit=300%2C225&amp;ssl=1\" data-large-file=\"https:\/\/i0.wp.com\/agrund.com\/wp-content\/uploads\/sites\/6\/2017\/12\/Binx-Walton-CR-Fashion-Book-Calendar-e1512686117271.jpg?fit=600%2C449&amp;ssl=1\" decoding=\"async\" loading=\"lazy\" class=\"size-full wp-image-176458\" src=\"https:\/\/i0.wp.com\/www.agrund.com\/wp-content\/uploads\/sites\/6\/2017\/12\/Binx-Walton-CR-Fashion-Book-Calendar-e1512686117271.jpg?resize=600%2C449\" alt=\"\" width=\"600\" height=\"449\" data-recalc-dims=\"1\" \/><p id=\"caption-attachment-176458\" class=\"wp-caption-text\">Gigi Hadid, Joan Smalls e Candice Swanepoel posam para calend\u00e1rio<\/p><\/div>\n<div id=\"attachment_176464\" style=\"width: 610px\" class=\"wp-caption aligncenter\"><img aria-describedby=\"caption-attachment-176464\" data-attachment-id=\"176464\" data-permalink=\"https:\/\/agrund.com\/index.php\/gigi-hadid-joan-smalls-e-candice-swanepoel-posam-para-calendario\/paris-jackson-cr-fashion-book-calendar\/\" data-orig-file=\"https:\/\/i0.wp.com\/agrund.com\/wp-content\/uploads\/sites\/6\/2017\/12\/Paris-Jackson-CR-Fashion-Book-Calendar-e1512686134823.jpg?fit=600%2C430&amp;ssl=1\" data-orig-size=\"600,430\" data-comments-opened=\"1\" data-image-meta=\"{&quot;aperture&quot;:&quot;0&quot;,&quot;credit&quot;:&quot;&quot;,&quot;camera&quot;:&quot;&quot;,&quot;caption&quot;:&quot;&quot;,&quot;created_timestamp&quot;:&quot;0&quot;,&quot;copyright&quot;:&quot;&quot;,&quot;focal_length&quot;:&quot;0&quot;,&quot;iso&quot;:&quot;0&quot;,&quot;shutter_speed&quot;:&quot;0&quot;,&quot;title&quot;:&quot;&quot;,&quot;orientation&quot;:&quot;1&quot;}\" data-image-title=\"Gigi Hadid, Joan Smalls e Candice Swanepoel posam para calend\u00e1rio\" data-image-description=\"\" data-image-caption=\"&lt;p&gt;Gigi Hadid, Joan Smalls e Candice Swanepoel posam para calend\u00e1rio&lt;\/p&gt;\n\" data-medium-file=\"https:\/\/i0.wp.com\/agrund.com\/wp-content\/uploads\/sites\/6\/2017\/12\/Paris-Jackson-CR-Fashion-Book-Calendar-e1512686134823.jpg?fit=300%2C215&amp;ssl=1\" data-large-file=\"https:\/\/i0.wp.com\/agrund.com\/wp-content\/uploads\/sites\/6\/2017\/12\/Paris-Jackson-CR-Fashion-Book-Calendar-e1512686134823.jpg?fit=600%2C430&amp;ssl=1\" decoding=\"async\" loading=\"lazy\" class=\"size-full wp-image-176464\" src=\"https:\/\/i0.wp.com\/www.agrund.com\/wp-content\/uploads\/sites\/6\/2017\/12\/Paris-Jackson-CR-Fashion-Book-Calendar-e1512686134823.jpg?resize=600%2C430\" alt=\"\" width=\"600\" height=\"430\" data-recalc-dims=\"1\" \/><p id=\"caption-attachment-176464\" class=\"wp-caption-text\">Gigi Hadid, Joan Smalls e Candice Swanepoel posam para calend\u00e1rio<\/p><\/div>\n<div id=\"attachment_176459\" style=\"width: 610px\" class=\"wp-caption aligncenter\"><img aria-describedby=\"caption-attachment-176459\" data-attachment-id=\"176459\" data-permalink=\"https:\/\/agrund.com\/index.php\/gigi-hadid-joan-smalls-e-candice-swanepoel-posam-para-calendario\/candice-swanepoel-cr-fashion-book-calendar\/\" data-orig-file=\"https:\/\/i0.wp.com\/agrund.com\/wp-content\/uploads\/sites\/6\/2017\/12\/Candice-Swanepoel-CR-Fashion-Book-Calendar-e1512686153436.jpg?fit=600%2C449&amp;ssl=1\" data-orig-size=\"600,449\" data-comments-opened=\"1\" data-image-meta=\"{&quot;aperture&quot;:&quot;0&quot;,&quot;credit&quot;:&quot;&quot;,&quot;camera&quot;:&quot;&quot;,&quot;caption&quot;:&quot;&quot;,&quot;created_timestamp&quot;:&quot;0&quot;,&quot;copyright&quot;:&quot;&quot;,&quot;focal_length&quot;:&quot;0&quot;,&quot;iso&quot;:&quot;0&quot;,&quot;shutter_speed&quot;:&quot;0&quot;,&quot;title&quot;:&quot;&quot;,&quot;orientation&quot;:&quot;1&quot;}\" data-image-title=\"Gigi Hadid, Joan Smalls e Candice Swanepoel posam para calend\u00e1rio\" data-image-description=\"\" data-image-caption=\"&lt;p&gt;Gigi Hadid, Joan Smalls e Candice Swanepoel posam para calend\u00e1rio&lt;\/p&gt;\n\" data-medium-file=\"https:\/\/i0.wp.com\/agrund.com\/wp-content\/uploads\/sites\/6\/2017\/12\/Candice-Swanepoel-CR-Fashion-Book-Calendar-e1512686153436.jpg?fit=300%2C225&amp;ssl=1\" data-large-file=\"https:\/\/i0.wp.com\/agrund.com\/wp-content\/uploads\/sites\/6\/2017\/12\/Candice-Swanepoel-CR-Fashion-Book-Calendar-e1512686153436.jpg?fit=600%2C449&amp;ssl=1\" decoding=\"async\" loading=\"lazy\" class=\"size-full wp-image-176459\" src=\"https:\/\/i0.wp.com\/www.agrund.com\/wp-content\/uploads\/sites\/6\/2017\/12\/Candice-Swanepoel-CR-Fashion-Book-Calendar-e1512686153436.jpg?resize=600%2C449\" alt=\"\" width=\"600\" height=\"449\" data-recalc-dims=\"1\" \/><p id=\"caption-attachment-176459\" class=\"wp-caption-text\">Gigi Hadid, Joan Smalls e Candice Swanepoel posam para calend\u00e1rio<\/p><\/div>\n<p>Fotos: Reprodu\u00e7\u00e3o.<\/p>\n<p>&nbsp;<\/p>\n","protected":false},"excerpt":{"rendered":"<p>O ano est\u00e1 acabando e o \u2018CR Fashion Book\u2019 decidiu fazer o seu primeiro calend\u00e1rio. Para ilustra-lo, a publica\u00e7\u00e3o convocou modelos e personalidades criativas como Gigi Hadid, Paris Jackson, Joan Smalls, Candice Swanepoel e Binx Walton. O cen\u00e1rio escolhido para as fotos foi nada menos que uma academia, com direito a todos os aparelhos mas [&hellip;]<\/p>\n","protected":false},"author":8,"featured_media":176465,"comment_status":"open","ping_status":"open","sticky":false,"template":"","format":"standard","meta":{"jetpack_post_was_ever_published":false,"_jetpack_newsletter_access":"","jetpack_publicize_message":"","jetpack_is_tweetstorm":false,"jetpack_publicize_feature_enabled":true,"jetpack_social_post_already_shared":true,"jetpack_social_options":{"image_generator_settings":{"template":"highway","enabled":false}}},"categories":[2],"tags":[],"jetpack_publicize_connections":[],"jetpack_featured_media_url":"https:\/\/i0.wp.com\/agrund.com\/wp-content\/uploads\/sites\/6\/2017\/12\/s-26.jpg?fit=960%2C300&ssl=1","jetpack_sharing_enabled":true,"jetpack_shortlink":"https:\/\/wp.me\/p3Hz0n-JU5","jetpack_likes_enabled":true,"_links":{"self":[{"href":"https:\/\/agrund.com\/index.php\/wp-json\/wp\/v2\/posts\/176457"}],"collection":[{"href":"https:\/\/agrund.com\/index.php\/wp-json\/wp\/v2\/posts"}],"about":[{"href":"https:\/\/agrund.com\/index.php\/wp-json\/wp\/v2\/types\/post"}],"author":[{"embeddable":true,"href":"https:\/\/agrund.com\/index.php\/wp-json\/wp\/v2\/users\/8"}],"replies":[{"embeddable":true,"href":"https:\/\/agrund.com\/index.php\/wp-json\/wp\/v2\/comments?post=176457"}],"version-history":[{"count":0,"href":"https:\/\/agrund.com\/index.php\/wp-json\/wp\/v2\/posts\/176457\/revisions"}],"wp:featuredmedia":[{"embeddable":true,"href":"https:\/\/agrund.com\/index.php\/wp-json\/wp\/v2\/media\/176465"}],"wp:attachment":[{"href":"https:\/\/agrund.com\/index.php\/wp-json\/wp\/v2\/media?parent=176457"}],"wp:term":[{"taxonomy":"category","embeddable":true,"href":"https:\/\/agrund.com\/index.php\/wp-json\/wp\/v2\/categories?post=176457"},{"taxonomy":"post_tag","embeddable":true,"href":"https:\/\/agrund.com\/index.php\/wp-json\/wp\/v2\/tags?post=176457"}],"curies":[{"name":"wp","href":"https:\/\/api.w.org\/{rel}","templated":true}]}}