{"id":176450,"date":"2017-12-07T18:00:15","date_gmt":"2017-12-07T20:00:15","guid":{"rendered":"http:\/\/www.agrund.com\/?p=176450"},"modified":"2017-12-07T16:30:46","modified_gmt":"2017-12-07T18:30:46","slug":"valentina-sampaio-e-o-novo-rosto-da-marc-jacobs-beauty","status":"publish","type":"post","link":"https:\/\/agrund.com\/index.php\/valentina-sampaio-e-o-novo-rosto-da-marc-jacobs-beauty\/","title":{"rendered":"Valentina Sampaio \u00e9 o novo rosto da Marc Jacobs Beauty"},"content":{"rendered":"<p>Valentina Sampaio acaba de adicionar mais um trabalho ao curr\u00edculo. Isso porque a brasileira estrela a nova campanha online da Marc Jacobs Beauty.<\/p>\n<p>Para mostrar os lan\u00e7amentos de final de ano, Valentina aparece com makes poderosas e com muito brilho. Tem dourado, roxo, prata e vermelho, mas tamb\u00e9m o cl\u00e1ssico preto. Confira!<\/p>\n<div id=\"attachment_176451\" style=\"width: 610px\" class=\"wp-caption aligncenter\"><img aria-describedby=\"caption-attachment-176451\" data-attachment-id=\"176451\" data-permalink=\"https:\/\/agrund.com\/index.php\/valentina-sampaio-e-o-novo-rosto-da-marc-jacobs-beauty\/valentina-sampaio-marc-jacobs-beauty14531\/\" data-orig-file=\"https:\/\/i0.wp.com\/agrund.com\/wp-content\/uploads\/sites\/6\/2017\/12\/Valentina-Sampaio-Marc-Jacobs-Beauty14531-e1512670073490.jpg?fit=600%2C751&amp;ssl=1\" data-orig-size=\"600,751\" data-comments-opened=\"1\" data-image-meta=\"{&quot;aperture&quot;:&quot;0&quot;,&quot;credit&quot;:&quot;&quot;,&quot;camera&quot;:&quot;&quot;,&quot;caption&quot;:&quot;&quot;,&quot;created_timestamp&quot;:&quot;0&quot;,&quot;copyright&quot;:&quot;&quot;,&quot;focal_length&quot;:&quot;0&quot;,&quot;iso&quot;:&quot;0&quot;,&quot;shutter_speed&quot;:&quot;0&quot;,&quot;title&quot;:&quot;&quot;,&quot;orientation&quot;:&quot;1&quot;}\" data-image-title=\"Valentina Sampaio \u00e9 o novo rosto da Marc Jacobs Beauty\" data-image-description=\"\" data-image-caption=\"&lt;p&gt;Valentina Sampaio \u00e9 o novo rosto da Marc Jacobs Beauty&lt;\/p&gt;\n\" data-medium-file=\"https:\/\/i0.wp.com\/agrund.com\/wp-content\/uploads\/sites\/6\/2017\/12\/Valentina-Sampaio-Marc-Jacobs-Beauty14531-e1512670073490.jpg?fit=240%2C300&amp;ssl=1\" data-large-file=\"https:\/\/i0.wp.com\/agrund.com\/wp-content\/uploads\/sites\/6\/2017\/12\/Valentina-Sampaio-Marc-Jacobs-Beauty14531-e1512670073490.jpg?fit=600%2C751&amp;ssl=1\" decoding=\"async\" loading=\"lazy\" class=\"size-full wp-image-176451\" src=\"https:\/\/i0.wp.com\/www.agrund.com\/wp-content\/uploads\/sites\/6\/2017\/12\/Valentina-Sampaio-Marc-Jacobs-Beauty14531-e1512670073490.jpg?resize=600%2C751\" alt=\"\" width=\"600\" height=\"751\" data-recalc-dims=\"1\" \/><p id=\"caption-attachment-176451\" class=\"wp-caption-text\">Valentina Sampaio \u00e9 o novo rosto da Marc Jacobs Beauty<\/p><\/div>\n<div id=\"attachment_176452\" style=\"width: 610px\" class=\"wp-caption aligncenter\"><img aria-describedby=\"caption-attachment-176452\" data-attachment-id=\"176452\" data-permalink=\"https:\/\/agrund.com\/index.php\/valentina-sampaio-e-o-novo-rosto-da-marc-jacobs-beauty\/valentina-sampaio-marc-jacobs-beauty20098\/\" data-orig-file=\"https:\/\/i0.wp.com\/agrund.com\/wp-content\/uploads\/sites\/6\/2017\/12\/Valentina-Sampaio-Marc-Jacobs-Beauty20098-e1512670092426.jpg?fit=600%2C751&amp;ssl=1\" data-orig-size=\"600,751\" data-comments-opened=\"1\" data-image-meta=\"{&quot;aperture&quot;:&quot;0&quot;,&quot;credit&quot;:&quot;&quot;,&quot;camera&quot;:&quot;&quot;,&quot;caption&quot;:&quot;&quot;,&quot;created_timestamp&quot;:&quot;0&quot;,&quot;copyright&quot;:&quot;&quot;,&quot;focal_length&quot;:&quot;0&quot;,&quot;iso&quot;:&quot;0&quot;,&quot;shutter_speed&quot;:&quot;0&quot;,&quot;title&quot;:&quot;&quot;,&quot;orientation&quot;:&quot;1&quot;}\" data-image-title=\"Valentina Sampaio \u00e9 o novo rosto da Marc Jacobs Beauty\" data-image-description=\"\" data-image-caption=\"&lt;p&gt;Valentina Sampaio \u00e9 o novo rosto da Marc Jacobs Beauty&lt;\/p&gt;\n\" data-medium-file=\"https:\/\/i0.wp.com\/agrund.com\/wp-content\/uploads\/sites\/6\/2017\/12\/Valentina-Sampaio-Marc-Jacobs-Beauty20098-e1512670092426.jpg?fit=240%2C300&amp;ssl=1\" data-large-file=\"https:\/\/i0.wp.com\/agrund.com\/wp-content\/uploads\/sites\/6\/2017\/12\/Valentina-Sampaio-Marc-Jacobs-Beauty20098-e1512670092426.jpg?fit=600%2C751&amp;ssl=1\" decoding=\"async\" loading=\"lazy\" class=\"size-full wp-image-176452\" src=\"https:\/\/i0.wp.com\/www.agrund.com\/wp-content\/uploads\/sites\/6\/2017\/12\/Valentina-Sampaio-Marc-Jacobs-Beauty20098-e1512670092426.jpg?resize=600%2C751\" alt=\"\" width=\"600\" height=\"751\" data-recalc-dims=\"1\" \/><p id=\"caption-attachment-176452\" class=\"wp-caption-text\">Valentina Sampaio \u00e9 o novo rosto da Marc Jacobs Beauty<\/p><\/div>\n<div id=\"attachment_176454\" style=\"width: 610px\" class=\"wp-caption aligncenter\"><img aria-describedby=\"caption-attachment-176454\" data-attachment-id=\"176454\" data-permalink=\"https:\/\/agrund.com\/index.php\/valentina-sampaio-e-o-novo-rosto-da-marc-jacobs-beauty\/valentina-sampaio-marc-jacobs-beauty57887\/\" data-orig-file=\"https:\/\/i0.wp.com\/agrund.com\/wp-content\/uploads\/sites\/6\/2017\/12\/Valentina-Sampaio-Marc-Jacobs-Beauty57887-e1512670116202.jpg?fit=600%2C750&amp;ssl=1\" data-orig-size=\"600,750\" data-comments-opened=\"1\" data-image-meta=\"{&quot;aperture&quot;:&quot;0&quot;,&quot;credit&quot;:&quot;&quot;,&quot;camera&quot;:&quot;&quot;,&quot;caption&quot;:&quot;&quot;,&quot;created_timestamp&quot;:&quot;0&quot;,&quot;copyright&quot;:&quot;&quot;,&quot;focal_length&quot;:&quot;0&quot;,&quot;iso&quot;:&quot;0&quot;,&quot;shutter_speed&quot;:&quot;0&quot;,&quot;title&quot;:&quot;&quot;,&quot;orientation&quot;:&quot;1&quot;}\" data-image-title=\"Valentina Sampaio \u00e9 o novo rosto da Marc Jacobs Beauty\" data-image-description=\"\" data-image-caption=\"&lt;p&gt;Valentina Sampaio \u00e9 o novo rosto da Marc Jacobs Beauty&lt;\/p&gt;\n\" data-medium-file=\"https:\/\/i0.wp.com\/agrund.com\/wp-content\/uploads\/sites\/6\/2017\/12\/Valentina-Sampaio-Marc-Jacobs-Beauty57887-e1512670116202.jpg?fit=240%2C300&amp;ssl=1\" data-large-file=\"https:\/\/i0.wp.com\/agrund.com\/wp-content\/uploads\/sites\/6\/2017\/12\/Valentina-Sampaio-Marc-Jacobs-Beauty57887-e1512670116202.jpg?fit=600%2C750&amp;ssl=1\" decoding=\"async\" loading=\"lazy\" class=\"size-full wp-image-176454\" src=\"https:\/\/i0.wp.com\/www.agrund.com\/wp-content\/uploads\/sites\/6\/2017\/12\/Valentina-Sampaio-Marc-Jacobs-Beauty57887-e1512670116202.jpg?resize=600%2C750\" alt=\"\" width=\"600\" height=\"750\" data-recalc-dims=\"1\" \/><p id=\"caption-attachment-176454\" class=\"wp-caption-text\">Valentina Sampaio \u00e9 o novo rosto da Marc Jacobs Beauty<\/p><\/div>\n<div id=\"attachment_176453\" style=\"width: 610px\" class=\"wp-caption aligncenter\"><img aria-describedby=\"caption-attachment-176453\" data-attachment-id=\"176453\" data-permalink=\"https:\/\/agrund.com\/index.php\/valentina-sampaio-e-o-novo-rosto-da-marc-jacobs-beauty\/valentina-sampaio-marc-jacobs-beauty48865\/\" data-orig-file=\"https:\/\/i0.wp.com\/agrund.com\/wp-content\/uploads\/sites\/6\/2017\/12\/Valentina-Sampaio-Marc-Jacobs-Beauty48865-e1512670105216.jpg?fit=600%2C750&amp;ssl=1\" data-orig-size=\"600,750\" data-comments-opened=\"1\" data-image-meta=\"{&quot;aperture&quot;:&quot;0&quot;,&quot;credit&quot;:&quot;&quot;,&quot;camera&quot;:&quot;&quot;,&quot;caption&quot;:&quot;&quot;,&quot;created_timestamp&quot;:&quot;0&quot;,&quot;copyright&quot;:&quot;&quot;,&quot;focal_length&quot;:&quot;0&quot;,&quot;iso&quot;:&quot;0&quot;,&quot;shutter_speed&quot;:&quot;0&quot;,&quot;title&quot;:&quot;&quot;,&quot;orientation&quot;:&quot;1&quot;}\" data-image-title=\"Valentina Sampaio \u00e9 o novo rosto da Marc Jacobs Beauty\" data-image-description=\"\" data-image-caption=\"&lt;p&gt;Valentina Sampaio \u00e9 o novo rosto da Marc Jacobs Beauty&lt;\/p&gt;\n\" data-medium-file=\"https:\/\/i0.wp.com\/agrund.com\/wp-content\/uploads\/sites\/6\/2017\/12\/Valentina-Sampaio-Marc-Jacobs-Beauty48865-e1512670105216.jpg?fit=240%2C300&amp;ssl=1\" data-large-file=\"https:\/\/i0.wp.com\/agrund.com\/wp-content\/uploads\/sites\/6\/2017\/12\/Valentina-Sampaio-Marc-Jacobs-Beauty48865-e1512670105216.jpg?fit=600%2C750&amp;ssl=1\" decoding=\"async\" loading=\"lazy\" class=\"size-full wp-image-176453\" src=\"https:\/\/i0.wp.com\/www.agrund.com\/wp-content\/uploads\/sites\/6\/2017\/12\/Valentina-Sampaio-Marc-Jacobs-Beauty48865-e1512670105216.jpg?resize=600%2C750\" alt=\"\" width=\"600\" height=\"750\" data-recalc-dims=\"1\" \/><p id=\"caption-attachment-176453\" class=\"wp-caption-text\">Valentina Sampaio \u00e9 o novo rosto da Marc Jacobs Beauty<\/p><\/div>\n<p>Fotos: Reprodu\u00e7\u00e3o.<\/p>\n","protected":false},"excerpt":{"rendered":"<p>Valentina Sampaio acaba de adicionar mais um trabalho ao curr\u00edculo. Isso porque a brasileira estrela a nova campanha online da Marc Jacobs Beauty. Para mostrar os lan\u00e7amentos de final de ano, Valentina aparece com makes poderosas e com muito brilho. Tem dourado, roxo, prata e vermelho, mas tamb\u00e9m o cl\u00e1ssico preto. Confira! Fotos: Reprodu\u00e7\u00e3o.<\/p>\n","protected":false},"author":8,"featured_media":176455,"comment_status":"open","ping_status":"open","sticky":false,"template":"","format":"standard","meta":{"jetpack_post_was_ever_published":false,"_jetpack_newsletter_access":"","jetpack_publicize_message":"","jetpack_is_tweetstorm":false,"jetpack_publicize_feature_enabled":true,"jetpack_social_post_already_shared":true,"jetpack_social_options":{"image_generator_settings":{"template":"highway","enabled":false}}},"categories":[2],"tags":[],"jetpack_publicize_connections":[],"jetpack_featured_media_url":"https:\/\/i0.wp.com\/agrund.com\/wp-content\/uploads\/sites\/6\/2017\/12\/s-25.jpg?fit=960%2C300&ssl=1","jetpack_sharing_enabled":true,"jetpack_shortlink":"https:\/\/wp.me\/p3Hz0n-JTY","jetpack_likes_enabled":true,"_links":{"self":[{"href":"https:\/\/agrund.com\/index.php\/wp-json\/wp\/v2\/posts\/176450"}],"collection":[{"href":"https:\/\/agrund.com\/index.php\/wp-json\/wp\/v2\/posts"}],"about":[{"href":"https:\/\/agrund.com\/index.php\/wp-json\/wp\/v2\/types\/post"}],"author":[{"embeddable":true,"href":"https:\/\/agrund.com\/index.php\/wp-json\/wp\/v2\/users\/8"}],"replies":[{"embeddable":true,"href":"https:\/\/agrund.com\/index.php\/wp-json\/wp\/v2\/comments?post=176450"}],"version-history":[{"count":0,"href":"https:\/\/agrund.com\/index.php\/wp-json\/wp\/v2\/posts\/176450\/revisions"}],"wp:featuredmedia":[{"embeddable":true,"href":"https:\/\/agrund.com\/index.php\/wp-json\/wp\/v2\/media\/176455"}],"wp:attachment":[{"href":"https:\/\/agrund.com\/index.php\/wp-json\/wp\/v2\/media?parent=176450"}],"wp:term":[{"taxonomy":"category","embeddable":true,"href":"https:\/\/agrund.com\/index.php\/wp-json\/wp\/v2\/categories?post=176450"},{"taxonomy":"post_tag","embeddable":true,"href":"https:\/\/agrund.com\/index.php\/wp-json\/wp\/v2\/tags?post=176450"}],"curies":[{"name":"wp","href":"https:\/\/api.w.org\/{rel}","templated":true}]}}