{"id":176441,"date":"2017-12-07T15:00:11","date_gmt":"2017-12-07T17:00:11","guid":{"rendered":"http:\/\/www.agrund.com\/?p=176441"},"modified":"2017-12-07T14:51:52","modified_gmt":"2017-12-07T16:51:52","slug":"balenciaga-anuncia-unificacao-de-seus-desfiles","status":"publish","type":"post","link":"https:\/\/agrund.com\/index.php\/balenciaga-anuncia-unificacao-de-seus-desfiles\/","title":{"rendered":"Balenciaga anuncia unifica\u00e7\u00e3o de seus desfiles"},"content":{"rendered":"<p>Depois de algumas marcas, como a Gucci, mostrarem que d\u00e1, sim, para fazer um desfile unificado incr\u00edvel e bem sucedido, mais uma marca decidiu rever suas estrat\u00e9gias.<\/p>\n<p>A Balenciaga acaba de anunciar que suas cole\u00e7\u00f5es feminina e masculina ser\u00e1 apresentadas em um s\u00f3 desfile na semana de moda de Paris no ano que vem. Essa decis\u00e3o, que parece t\u00e3o simples, tem um grande significado para o mundo da moda e dos neg\u00f3cios.<\/p>\n<div id=\"attachment_176442\" style=\"width: 610px\" class=\"wp-caption aligncenter\"><img aria-describedby=\"caption-attachment-176442\" data-attachment-id=\"176442\" data-permalink=\"https:\/\/agrund.com\/index.php\/balenciaga-anuncia-unificacao-de-seus-desfiles\/balenciaga-11\/\" data-orig-file=\"https:\/\/i0.wp.com\/agrund.com\/wp-content\/uploads\/sites\/6\/2017\/12\/balenciaga.jpg?fit=600%2C400&amp;ssl=1\" data-orig-size=\"600,400\" data-comments-opened=\"1\" data-image-meta=\"{&quot;aperture&quot;:&quot;4&quot;,&quot;credit&quot;:&quot;&quot;,&quot;camera&quot;:&quot;NIKON D4S&quot;,&quot;caption&quot;:&quot;&quot;,&quot;created_timestamp&quot;:&quot;1484746309&quot;,&quot;copyright&quot;:&quot;&quot;,&quot;focal_length&quot;:&quot;100&quot;,&quot;iso&quot;:&quot;2000&quot;,&quot;shutter_speed&quot;:&quot;0.002&quot;,&quot;title&quot;:&quot;&quot;,&quot;orientation&quot;:&quot;1&quot;}\" data-image-title=\"Balenciaga anuncia unifica\u00e7\u00e3o de seus desfiles\" data-image-description=\"\" data-image-caption=\"&lt;p&gt;Balenciaga anuncia unifica\u00e7\u00e3o de seus desfiles&lt;\/p&gt;\n\" data-medium-file=\"https:\/\/i0.wp.com\/agrund.com\/wp-content\/uploads\/sites\/6\/2017\/12\/balenciaga.jpg?fit=300%2C200&amp;ssl=1\" data-large-file=\"https:\/\/i0.wp.com\/agrund.com\/wp-content\/uploads\/sites\/6\/2017\/12\/balenciaga.jpg?fit=600%2C400&amp;ssl=1\" decoding=\"async\" loading=\"lazy\" class=\"size-full wp-image-176442\" src=\"https:\/\/i0.wp.com\/www.agrund.com\/wp-content\/uploads\/sites\/6\/2017\/12\/balenciaga.jpg?resize=600%2C400\" alt=\"\" width=\"600\" height=\"400\" srcset=\"https:\/\/i0.wp.com\/agrund.com\/wp-content\/uploads\/sites\/6\/2017\/12\/balenciaga.jpg?w=600&amp;ssl=1 600w, https:\/\/i0.wp.com\/agrund.com\/wp-content\/uploads\/sites\/6\/2017\/12\/balenciaga.jpg?resize=300%2C200&amp;ssl=1 300w\" sizes=\"(max-width: 600px) 100vw, 600px\" data-recalc-dims=\"1\" \/><p id=\"caption-attachment-176442\" class=\"wp-caption-text\">Balenciaga anuncia unifica\u00e7\u00e3o de seus desfiles<\/p><\/div>\n<p>Foto: Reproduc\u00e3o.<\/p>\n","protected":false},"excerpt":{"rendered":"<p>Depois de algumas marcas, como a Gucci, mostrarem que d\u00e1, sim, para fazer um desfile unificado incr\u00edvel e bem sucedido, mais uma marca decidiu rever suas estrat\u00e9gias. A Balenciaga acaba de anunciar que suas cole\u00e7\u00f5es feminina e masculina ser\u00e1 apresentadas em um s\u00f3 desfile na semana de moda de Paris no ano que vem. Essa [&hellip;]<\/p>\n","protected":false},"author":8,"featured_media":176443,"comment_status":"open","ping_status":"open","sticky":false,"template":"","format":"standard","meta":{"jetpack_post_was_ever_published":false,"_jetpack_newsletter_access":"","jetpack_publicize_message":"","jetpack_is_tweetstorm":false,"jetpack_publicize_feature_enabled":true,"jetpack_social_post_already_shared":true,"jetpack_social_options":{"image_generator_settings":{"template":"highway","enabled":false}}},"categories":[2],"tags":[],"jetpack_publicize_connections":[],"jetpack_featured_media_url":"https:\/\/i0.wp.com\/agrund.com\/wp-content\/uploads\/sites\/6\/2017\/12\/s-23.jpg?fit=960%2C300&ssl=1","jetpack_sharing_enabled":true,"jetpack_shortlink":"https:\/\/wp.me\/p3Hz0n-JTP","jetpack_likes_enabled":true,"_links":{"self":[{"href":"https:\/\/agrund.com\/index.php\/wp-json\/wp\/v2\/posts\/176441"}],"collection":[{"href":"https:\/\/agrund.com\/index.php\/wp-json\/wp\/v2\/posts"}],"about":[{"href":"https:\/\/agrund.com\/index.php\/wp-json\/wp\/v2\/types\/post"}],"author":[{"embeddable":true,"href":"https:\/\/agrund.com\/index.php\/wp-json\/wp\/v2\/users\/8"}],"replies":[{"embeddable":true,"href":"https:\/\/agrund.com\/index.php\/wp-json\/wp\/v2\/comments?post=176441"}],"version-history":[{"count":0,"href":"https:\/\/agrund.com\/index.php\/wp-json\/wp\/v2\/posts\/176441\/revisions"}],"wp:featuredmedia":[{"embeddable":true,"href":"https:\/\/agrund.com\/index.php\/wp-json\/wp\/v2\/media\/176443"}],"wp:attachment":[{"href":"https:\/\/agrund.com\/index.php\/wp-json\/wp\/v2\/media?parent=176441"}],"wp:term":[{"taxonomy":"category","embeddable":true,"href":"https:\/\/agrund.com\/index.php\/wp-json\/wp\/v2\/categories?post=176441"},{"taxonomy":"post_tag","embeddable":true,"href":"https:\/\/agrund.com\/index.php\/wp-json\/wp\/v2\/tags?post=176441"}],"curies":[{"name":"wp","href":"https:\/\/api.w.org\/{rel}","templated":true}]}}