{"id":176404,"date":"2017-12-06T16:00:40","date_gmt":"2017-12-06T18:00:40","guid":{"rendered":"http:\/\/www.agrund.com\/?p=176404"},"modified":"2017-12-06T13:50:43","modified_gmt":"2017-12-06T15:50:43","slug":"tommy-hilfiger-ira-desfilar-em-milao","status":"publish","type":"post","link":"https:\/\/agrund.com\/index.php\/tommy-hilfiger-ira-desfilar-em-milao\/","title":{"rendered":"Tommy Hilfiger ir\u00e1 desfilar em Mil\u00e3o"},"content":{"rendered":"<p>Depois de apresentar as suas cole\u00e7\u00f5es em Nova York, Los Angeles e Londres, agora Tommy Hilfiger ir\u00e1 para Mil\u00e3o.<\/p>\n<p>\u201cMinha ideia para a #TommyNow era criar uma plataforma global na qual pud\u00e9ssemos fazer uma turn\u00ea para levar nossa experi\u00eancia de show para novos p\u00fablicos em todo o mundo&#8221;, explicou o estilista para o portal WWD.<\/p>\n<p>Segundo o portal, o desfile #TommyNow, famoso por criar cen\u00e1rios incr\u00edveis, ser\u00e1 o respons\u00e1vel por encerrar a Mil\u00e3o Fashion Week em fevereiro de 2018 com sua cole\u00e7\u00e3o primavera\/ver\u00e3o 2018. Nenhum outro detalhe da apresenta\u00e7\u00e3o foi divulgada. Vamos aguardar!<\/p>\n<div id=\"attachment_176406\" style=\"width: 610px\" class=\"wp-caption aligncenter\"><img aria-describedby=\"caption-attachment-176406\" data-attachment-id=\"176406\" data-permalink=\"https:\/\/agrund.com\/index.php\/tommy-hilfiger-ira-desfilar-em-milao\/tommy\/\" data-orig-file=\"https:\/\/i0.wp.com\/agrund.com\/wp-content\/uploads\/sites\/6\/2017\/12\/tommy.jpg?fit=600%2C338&amp;ssl=1\" data-orig-size=\"600,338\" data-comments-opened=\"1\" data-image-meta=\"{&quot;aperture&quot;:&quot;0&quot;,&quot;credit&quot;:&quot;&quot;,&quot;camera&quot;:&quot;&quot;,&quot;caption&quot;:&quot;&quot;,&quot;created_timestamp&quot;:&quot;0&quot;,&quot;copyright&quot;:&quot;&quot;,&quot;focal_length&quot;:&quot;0&quot;,&quot;iso&quot;:&quot;0&quot;,&quot;shutter_speed&quot;:&quot;0&quot;,&quot;title&quot;:&quot;&quot;,&quot;orientation&quot;:&quot;1&quot;}\" data-image-title=\"Tommy Hilfiger ir\u00e1 desfilar em Mil\u00e3o\" data-image-description=\"\" data-image-caption=\"&lt;p&gt;Tommy Hilfiger ir\u00e1 desfilar em Mil\u00e3o&lt;\/p&gt;\n\" data-medium-file=\"https:\/\/i0.wp.com\/agrund.com\/wp-content\/uploads\/sites\/6\/2017\/12\/tommy.jpg?fit=300%2C169&amp;ssl=1\" data-large-file=\"https:\/\/i0.wp.com\/agrund.com\/wp-content\/uploads\/sites\/6\/2017\/12\/tommy.jpg?fit=600%2C338&amp;ssl=1\" decoding=\"async\" loading=\"lazy\" class=\"size-full wp-image-176406\" src=\"https:\/\/i0.wp.com\/www.agrund.com\/wp-content\/uploads\/sites\/6\/2017\/12\/tommy.jpg?resize=600%2C338\" alt=\"\" width=\"600\" height=\"338\" srcset=\"https:\/\/i0.wp.com\/agrund.com\/wp-content\/uploads\/sites\/6\/2017\/12\/tommy.jpg?w=600&amp;ssl=1 600w, https:\/\/i0.wp.com\/agrund.com\/wp-content\/uploads\/sites\/6\/2017\/12\/tommy.jpg?resize=300%2C169&amp;ssl=1 300w\" sizes=\"(max-width: 600px) 100vw, 600px\" data-recalc-dims=\"1\" \/><p id=\"caption-attachment-176406\" class=\"wp-caption-text\">Tommy Hilfiger ir\u00e1 desfilar em Mil\u00e3o<\/p><\/div>\n<p>Foto: Reprodu\u00e7\u00e3o.<\/p>\n","protected":false},"excerpt":{"rendered":"<p>Depois de apresentar as suas cole\u00e7\u00f5es em Nova York, Los Angeles e Londres, agora Tommy Hilfiger ir\u00e1 para Mil\u00e3o. \u201cMinha ideia para a #TommyNow era criar uma plataforma global na qual pud\u00e9ssemos fazer uma turn\u00ea para levar nossa experi\u00eancia de show para novos p\u00fablicos em todo o mundo&#8221;, explicou o estilista para o portal WWD. [&hellip;]<\/p>\n","protected":false},"author":8,"featured_media":176405,"comment_status":"open","ping_status":"open","sticky":false,"template":"","format":"standard","meta":{"jetpack_post_was_ever_published":false,"_jetpack_newsletter_access":"","jetpack_publicize_message":"","jetpack_is_tweetstorm":false,"jetpack_publicize_feature_enabled":true,"jetpack_social_post_already_shared":true,"jetpack_social_options":{"image_generator_settings":{"template":"highway","enabled":false}}},"categories":[2],"tags":[],"jetpack_publicize_connections":[],"jetpack_featured_media_url":"https:\/\/i0.wp.com\/agrund.com\/wp-content\/uploads\/sites\/6\/2017\/12\/s-20.jpg?fit=960%2C300&ssl=1","jetpack_sharing_enabled":true,"jetpack_shortlink":"https:\/\/wp.me\/p3Hz0n-JTe","jetpack_likes_enabled":true,"_links":{"self":[{"href":"https:\/\/agrund.com\/index.php\/wp-json\/wp\/v2\/posts\/176404"}],"collection":[{"href":"https:\/\/agrund.com\/index.php\/wp-json\/wp\/v2\/posts"}],"about":[{"href":"https:\/\/agrund.com\/index.php\/wp-json\/wp\/v2\/types\/post"}],"author":[{"embeddable":true,"href":"https:\/\/agrund.com\/index.php\/wp-json\/wp\/v2\/users\/8"}],"replies":[{"embeddable":true,"href":"https:\/\/agrund.com\/index.php\/wp-json\/wp\/v2\/comments?post=176404"}],"version-history":[{"count":0,"href":"https:\/\/agrund.com\/index.php\/wp-json\/wp\/v2\/posts\/176404\/revisions"}],"wp:featuredmedia":[{"embeddable":true,"href":"https:\/\/agrund.com\/index.php\/wp-json\/wp\/v2\/media\/176405"}],"wp:attachment":[{"href":"https:\/\/agrund.com\/index.php\/wp-json\/wp\/v2\/media?parent=176404"}],"wp:term":[{"taxonomy":"category","embeddable":true,"href":"https:\/\/agrund.com\/index.php\/wp-json\/wp\/v2\/categories?post=176404"},{"taxonomy":"post_tag","embeddable":true,"href":"https:\/\/agrund.com\/index.php\/wp-json\/wp\/v2\/tags?post=176404"}],"curies":[{"name":"wp","href":"https:\/\/api.w.org\/{rel}","templated":true}]}}