{"id":176392,"date":"2017-12-06T12:00:51","date_gmt":"2017-12-06T14:00:51","guid":{"rendered":"http:\/\/www.agrund.com\/?p=176392"},"modified":"2017-12-06T11:58:17","modified_gmt":"2017-12-06T13:58:17","slug":"video-como-foi-o-lancamento-do-meu-livro","status":"publish","type":"post","link":"https:\/\/agrund.com\/index.php\/video-como-foi-o-lancamento-do-meu-livro\/","title":{"rendered":"V\u00eddeo :: Como foi o lan\u00e7amento do meu livro"},"content":{"rendered":"<div id=\"attachment_176393\" style=\"width: 570px\" class=\"wp-caption aligncenter\"><img aria-describedby=\"caption-attachment-176393\" data-attachment-id=\"176393\" data-permalink=\"https:\/\/agrund.com\/index.php\/video-como-foi-o-lancamento-do-meu-livro\/24232164_1866249626723088_1469182055349111334_n\/\" data-orig-file=\"https:\/\/i0.wp.com\/agrund.com\/wp-content\/uploads\/sites\/6\/2017\/12\/24232164_1866249626723088_1469182055349111334_n-e1512568685688.jpg?fit=560%2C373&amp;ssl=1\" data-orig-size=\"560,373\" data-comments-opened=\"1\" data-image-meta=\"{&quot;aperture&quot;:&quot;0&quot;,&quot;credit&quot;:&quot;&quot;,&quot;camera&quot;:&quot;&quot;,&quot;caption&quot;:&quot;&quot;,&quot;created_timestamp&quot;:&quot;0&quot;,&quot;copyright&quot;:&quot;&quot;,&quot;focal_length&quot;:&quot;0&quot;,&quot;iso&quot;:&quot;0&quot;,&quot;shutter_speed&quot;:&quot;0&quot;,&quot;title&quot;:&quot;&quot;,&quot;orientation&quot;:&quot;0&quot;}\" data-image-title=\"V\u00eddeo :: Como foi o lan\u00e7amento do meu livro\" data-image-description=\"\" data-image-caption=\"&lt;p&gt;V\u00eddeo :: Como foi o lan\u00e7amento do meu livro&lt;\/p&gt;\n\" data-medium-file=\"https:\/\/i0.wp.com\/agrund.com\/wp-content\/uploads\/sites\/6\/2017\/12\/24232164_1866249626723088_1469182055349111334_n-e1512568685688.jpg?fit=300%2C200&amp;ssl=1\" data-large-file=\"https:\/\/i0.wp.com\/agrund.com\/wp-content\/uploads\/sites\/6\/2017\/12\/24232164_1866249626723088_1469182055349111334_n-e1512568685688.jpg?fit=560%2C373&amp;ssl=1\" decoding=\"async\" loading=\"lazy\" class=\"size-full wp-image-176393\" src=\"https:\/\/i0.wp.com\/www.agrund.com\/wp-content\/uploads\/sites\/6\/2017\/12\/24232164_1866249626723088_1469182055349111334_n-e1512568685688.jpg?resize=560%2C373\" alt=\"\" width=\"560\" height=\"373\" data-recalc-dims=\"1\" \/><p id=\"caption-attachment-176393\" class=\"wp-caption-text\">V\u00eddeo :: Como foi o lan\u00e7amento do meu livro<\/p><\/div>\n<p>Na \u00faltima quarta-feira (29) aconteceu o lan\u00e7amento do meu livro \u2018As Armadilhas da Moda\u2019, aqui em S\u00e3o Paulo. Foi um prazer receber cada um de voc\u00eas e poder autografar tantos livros.<\/p>\n<p>\u00c9 claro que registramos tudo para poder guardar na mem\u00f3ria e mostrar para quem infelizmente n\u00e3o pode ir. Aperte o play \ud83d\ude09<\/p>\n<span class=\"embed-youtube\" style=\"text-align:center; display: block;\"><iframe class=\"youtube-player\" width=\"560\" height=\"315\" src=\"https:\/\/www.youtube.com\/embed\/wzY1FK0qQhQ?version=3&#038;rel=1&#038;showsearch=0&#038;showinfo=1&#038;iv_load_policy=1&#038;fs=1&#038;hl=pt-BR&#038;autohide=2&#038;wmode=transparent\" allowfullscreen=\"true\" style=\"border:0;\" sandbox=\"allow-scripts allow-same-origin allow-popups allow-presentation\"><\/iframe><\/span>\n<p>V\u00eddeo: Duas Lentes.<\/p>\n","protected":false},"excerpt":{"rendered":"<p>Na \u00faltima quarta-feira (29) aconteceu o lan\u00e7amento do meu livro \u2018As Armadilhas da Moda\u2019, aqui em S\u00e3o Paulo. Foi um prazer receber cada um de voc\u00eas e poder autografar tantos livros. \u00c9 claro que registramos tudo para poder guardar na mem\u00f3ria e mostrar para quem infelizmente n\u00e3o pode ir. Aperte o play \ud83d\ude09 V\u00eddeo: Duas [&hellip;]<\/p>\n","protected":false},"author":8,"featured_media":176394,"comment_status":"open","ping_status":"open","sticky":false,"template":"","format":"standard","meta":{"jetpack_post_was_ever_published":false,"_jetpack_newsletter_access":"","jetpack_publicize_message":"","jetpack_is_tweetstorm":false,"jetpack_publicize_feature_enabled":true,"jetpack_social_post_already_shared":true,"jetpack_social_options":{"image_generator_settings":{"template":"highway","enabled":false}}},"categories":[2],"tags":[],"jetpack_publicize_connections":[],"jetpack_featured_media_url":"https:\/\/i0.wp.com\/agrund.com\/wp-content\/uploads\/sites\/6\/2017\/12\/s-17.jpg?fit=960%2C300&ssl=1","jetpack_sharing_enabled":true,"jetpack_shortlink":"https:\/\/wp.me\/p3Hz0n-JT2","jetpack_likes_enabled":true,"_links":{"self":[{"href":"https:\/\/agrund.com\/index.php\/wp-json\/wp\/v2\/posts\/176392"}],"collection":[{"href":"https:\/\/agrund.com\/index.php\/wp-json\/wp\/v2\/posts"}],"about":[{"href":"https:\/\/agrund.com\/index.php\/wp-json\/wp\/v2\/types\/post"}],"author":[{"embeddable":true,"href":"https:\/\/agrund.com\/index.php\/wp-json\/wp\/v2\/users\/8"}],"replies":[{"embeddable":true,"href":"https:\/\/agrund.com\/index.php\/wp-json\/wp\/v2\/comments?post=176392"}],"version-history":[{"count":0,"href":"https:\/\/agrund.com\/index.php\/wp-json\/wp\/v2\/posts\/176392\/revisions"}],"wp:featuredmedia":[{"embeddable":true,"href":"https:\/\/agrund.com\/index.php\/wp-json\/wp\/v2\/media\/176394"}],"wp:attachment":[{"href":"https:\/\/agrund.com\/index.php\/wp-json\/wp\/v2\/media?parent=176392"}],"wp:term":[{"taxonomy":"category","embeddable":true,"href":"https:\/\/agrund.com\/index.php\/wp-json\/wp\/v2\/categories?post=176392"},{"taxonomy":"post_tag","embeddable":true,"href":"https:\/\/agrund.com\/index.php\/wp-json\/wp\/v2\/tags?post=176392"}],"curies":[{"name":"wp","href":"https:\/\/api.w.org\/{rel}","templated":true}]}}