{"id":176378,"date":"2017-12-06T10:00:52","date_gmt":"2017-12-06T12:00:52","guid":{"rendered":"http:\/\/www.agrund.com\/?p=176378"},"modified":"2017-12-06T09:21:25","modified_gmt":"2017-12-06T11:21:25","slug":"taylor-swift-na-capa-da-vogue-uk","status":"publish","type":"post","link":"https:\/\/agrund.com\/index.php\/taylor-swift-na-capa-da-vogue-uk\/","title":{"rendered":"Taylor Swift na capa da \u2018Vogue\u2019 UK"},"content":{"rendered":"<p>O ano de 2017 quase acabou, mas a \u2018Vogue\u2019 brit\u00e2nica j\u00e1 divulgou a sua primeira capa de 2018. A edi\u00e7\u00e3o janeiro \u00e9 estrelada por ningu\u00e9m menos que Taylor Swift.<\/p>\n<p>No clique principal, a cantora est\u00e1 com um vestido de couro vermelho da Saint Laurent. Todo o editorial tem uma pegada meio dark, meio tecnol\u00f3gica, assim como estamos vendo nos videoclipes recentes da cantora.<\/p>\n<p>A fotografia \u00e9 da dupla Mert &amp; Marcus e voc\u00ea confere na galeria abaixo:<\/p>\n<div id=\"attachment_176380\" style=\"width: 610px\" class=\"wp-caption aligncenter\"><img aria-describedby=\"caption-attachment-176380\" data-attachment-id=\"176380\" data-permalink=\"https:\/\/agrund.com\/index.php\/taylor-swift-na-capa-da-vogue-uk\/taylor-swift-singer01\/\" data-orig-file=\"https:\/\/i0.wp.com\/agrund.com\/wp-content\/uploads\/sites\/6\/2017\/12\/Taylor-Swift-Singer01-e1512558953492.jpg?fit=600%2C787&amp;ssl=1\" data-orig-size=\"600,787\" data-comments-opened=\"1\" data-image-meta=\"{&quot;aperture&quot;:&quot;0&quot;,&quot;credit&quot;:&quot;&quot;,&quot;camera&quot;:&quot;&quot;,&quot;caption&quot;:&quot;&quot;,&quot;created_timestamp&quot;:&quot;0&quot;,&quot;copyright&quot;:&quot;&quot;,&quot;focal_length&quot;:&quot;0&quot;,&quot;iso&quot;:&quot;0&quot;,&quot;shutter_speed&quot;:&quot;0&quot;,&quot;title&quot;:&quot;&quot;,&quot;orientation&quot;:&quot;1&quot;}\" data-image-title=\"Taylor Swift na capa da \u2018Vogue\u2019 UK\" data-image-description=\"\" data-image-caption=\"&lt;p&gt;Taylor Swift na capa da \u2018Vogue\u2019 UK&lt;\/p&gt;\n\" data-medium-file=\"https:\/\/i0.wp.com\/agrund.com\/wp-content\/uploads\/sites\/6\/2017\/12\/Taylor-Swift-Singer01-e1512558953492.jpg?fit=229%2C300&amp;ssl=1\" data-large-file=\"https:\/\/i0.wp.com\/agrund.com\/wp-content\/uploads\/sites\/6\/2017\/12\/Taylor-Swift-Singer01-e1512558953492.jpg?fit=781%2C1024&amp;ssl=1\" decoding=\"async\" loading=\"lazy\" class=\"size-full wp-image-176380\" src=\"https:\/\/i0.wp.com\/www.agrund.com\/wp-content\/uploads\/sites\/6\/2017\/12\/Taylor-Swift-Singer01-e1512558953492.jpg?resize=600%2C787\" alt=\"\" width=\"600\" height=\"787\" data-recalc-dims=\"1\" \/><p id=\"caption-attachment-176380\" class=\"wp-caption-text\">Taylor Swift na capa da \u2018Vogue\u2019 UK<\/p><\/div>\n<div id=\"attachment_176379\" style=\"width: 610px\" class=\"wp-caption aligncenter\"><img aria-describedby=\"caption-attachment-176379\" data-attachment-id=\"176379\" data-permalink=\"https:\/\/agrund.com\/index.php\/taylor-swift-na-capa-da-vogue-uk\/taylor-swift-singer01-1\/\" data-orig-file=\"https:\/\/i0.wp.com\/agrund.com\/wp-content\/uploads\/sites\/6\/2017\/12\/Taylor-Swift-Singer01-1-e1512558988868.jpg?fit=600%2C621&amp;ssl=1\" data-orig-size=\"600,621\" data-comments-opened=\"1\" data-image-meta=\"{&quot;aperture&quot;:&quot;0&quot;,&quot;credit&quot;:&quot;&quot;,&quot;camera&quot;:&quot;&quot;,&quot;caption&quot;:&quot;&quot;,&quot;created_timestamp&quot;:&quot;0&quot;,&quot;copyright&quot;:&quot;&quot;,&quot;focal_length&quot;:&quot;0&quot;,&quot;iso&quot;:&quot;0&quot;,&quot;shutter_speed&quot;:&quot;0&quot;,&quot;title&quot;:&quot;&quot;,&quot;orientation&quot;:&quot;1&quot;}\" data-image-title=\"Taylor Swift na capa da \u2018Vogue\u2019 UK\" data-image-description=\"\" data-image-caption=\"&lt;p&gt;Taylor Swift na capa da \u2018Vogue\u2019 UK&lt;\/p&gt;\n\" data-medium-file=\"https:\/\/i0.wp.com\/agrund.com\/wp-content\/uploads\/sites\/6\/2017\/12\/Taylor-Swift-Singer01-1-e1512558988868.jpg?fit=290%2C300&amp;ssl=1\" data-large-file=\"https:\/\/i0.wp.com\/agrund.com\/wp-content\/uploads\/sites\/6\/2017\/12\/Taylor-Swift-Singer01-1-e1512558988868.jpg?fit=600%2C621&amp;ssl=1\" decoding=\"async\" loading=\"lazy\" class=\"size-full wp-image-176379\" src=\"https:\/\/i0.wp.com\/www.agrund.com\/wp-content\/uploads\/sites\/6\/2017\/12\/Taylor-Swift-Singer01-1-e1512558988868.jpg?resize=600%2C621\" alt=\"\" width=\"600\" height=\"621\" data-recalc-dims=\"1\" \/><p id=\"caption-attachment-176379\" class=\"wp-caption-text\">Taylor Swift na capa da \u2018Vogue\u2019 UK<\/p><\/div>\n<div id=\"attachment_176381\" style=\"width: 610px\" class=\"wp-caption aligncenter\"><img aria-describedby=\"caption-attachment-176381\" data-attachment-id=\"176381\" data-permalink=\"https:\/\/agrund.com\/index.php\/taylor-swift-na-capa-da-vogue-uk\/taylor-swift-singer02\/\" data-orig-file=\"https:\/\/i0.wp.com\/agrund.com\/wp-content\/uploads\/sites\/6\/2017\/12\/Taylor-Swift-Singer02-e1512559003123.jpg?fit=600%2C859&amp;ssl=1\" data-orig-size=\"600,859\" data-comments-opened=\"1\" data-image-meta=\"{&quot;aperture&quot;:&quot;0&quot;,&quot;credit&quot;:&quot;&quot;,&quot;camera&quot;:&quot;&quot;,&quot;caption&quot;:&quot;&quot;,&quot;created_timestamp&quot;:&quot;0&quot;,&quot;copyright&quot;:&quot;&quot;,&quot;focal_length&quot;:&quot;0&quot;,&quot;iso&quot;:&quot;0&quot;,&quot;shutter_speed&quot;:&quot;0&quot;,&quot;title&quot;:&quot;&quot;,&quot;orientation&quot;:&quot;1&quot;}\" data-image-title=\"Taylor Swift na capa da \u2018Vogue\u2019 UK\" data-image-description=\"\" data-image-caption=\"&lt;p&gt;Taylor Swift na capa da \u2018Vogue\u2019 UK&lt;\/p&gt;\n\" data-medium-file=\"https:\/\/i0.wp.com\/agrund.com\/wp-content\/uploads\/sites\/6\/2017\/12\/Taylor-Swift-Singer02-e1512559003123.jpg?fit=210%2C300&amp;ssl=1\" data-large-file=\"https:\/\/i0.wp.com\/agrund.com\/wp-content\/uploads\/sites\/6\/2017\/12\/Taylor-Swift-Singer02-e1512559003123.jpg?fit=715%2C1024&amp;ssl=1\" decoding=\"async\" loading=\"lazy\" class=\"size-full wp-image-176381\" src=\"https:\/\/i0.wp.com\/www.agrund.com\/wp-content\/uploads\/sites\/6\/2017\/12\/Taylor-Swift-Singer02-e1512559003123.jpg?resize=600%2C859\" alt=\"\" width=\"600\" height=\"859\" data-recalc-dims=\"1\" \/><p id=\"caption-attachment-176381\" class=\"wp-caption-text\">Taylor Swift na capa da \u2018Vogue\u2019 UK<\/p><\/div>\n<div id=\"attachment_176382\" style=\"width: 610px\" class=\"wp-caption aligncenter\"><img aria-describedby=\"caption-attachment-176382\" data-attachment-id=\"176382\" data-permalink=\"https:\/\/agrund.com\/index.php\/taylor-swift-na-capa-da-vogue-uk\/taylor-swift-singer03\/\" data-orig-file=\"https:\/\/i0.wp.com\/agrund.com\/wp-content\/uploads\/sites\/6\/2017\/12\/Taylor-Swift-Singer03-e1512559019112.jpg?fit=600%2C822&amp;ssl=1\" data-orig-size=\"600,822\" data-comments-opened=\"1\" data-image-meta=\"{&quot;aperture&quot;:&quot;0&quot;,&quot;credit&quot;:&quot;&quot;,&quot;camera&quot;:&quot;&quot;,&quot;caption&quot;:&quot;&quot;,&quot;created_timestamp&quot;:&quot;0&quot;,&quot;copyright&quot;:&quot;&quot;,&quot;focal_length&quot;:&quot;0&quot;,&quot;iso&quot;:&quot;0&quot;,&quot;shutter_speed&quot;:&quot;0&quot;,&quot;title&quot;:&quot;&quot;,&quot;orientation&quot;:&quot;1&quot;}\" data-image-title=\"Taylor Swift na capa da \u2018Vogue\u2019 UK\" data-image-description=\"\" data-image-caption=\"&lt;p&gt;Taylor Swift na capa da \u2018Vogue\u2019 UK&lt;\/p&gt;\n\" data-medium-file=\"https:\/\/i0.wp.com\/agrund.com\/wp-content\/uploads\/sites\/6\/2017\/12\/Taylor-Swift-Singer03-e1512559019112.jpg?fit=219%2C300&amp;ssl=1\" data-large-file=\"https:\/\/i0.wp.com\/agrund.com\/wp-content\/uploads\/sites\/6\/2017\/12\/Taylor-Swift-Singer03-e1512559019112.jpg?fit=747%2C1024&amp;ssl=1\" decoding=\"async\" loading=\"lazy\" class=\"size-full wp-image-176382\" src=\"https:\/\/i0.wp.com\/www.agrund.com\/wp-content\/uploads\/sites\/6\/2017\/12\/Taylor-Swift-Singer03-e1512559019112.jpg?resize=600%2C822\" alt=\"\" width=\"600\" height=\"822\" data-recalc-dims=\"1\" \/><p id=\"caption-attachment-176382\" class=\"wp-caption-text\">Taylor Swift na capa da \u2018Vogue\u2019 UK<\/p><\/div>\n<p>Fotos: Reprodu\u00e7\u00e3o.<\/p>\n","protected":false},"excerpt":{"rendered":"<p>O ano de 2017 quase acabou, mas a \u2018Vogue\u2019 brit\u00e2nica j\u00e1 divulgou a sua primeira capa de 2018. A edi\u00e7\u00e3o janeiro \u00e9 estrelada por ningu\u00e9m menos que Taylor Swift. No clique principal, a cantora est\u00e1 com um vestido de couro vermelho da Saint Laurent. Todo o editorial tem uma pegada meio dark, meio tecnol\u00f3gica, assim [&hellip;]<\/p>\n","protected":false},"author":8,"featured_media":176383,"comment_status":"open","ping_status":"open","sticky":false,"template":"","format":"standard","meta":{"jetpack_post_was_ever_published":false,"_jetpack_newsletter_access":"","jetpack_publicize_message":"","jetpack_is_tweetstorm":false,"jetpack_publicize_feature_enabled":true,"jetpack_social_post_already_shared":true,"jetpack_social_options":{"image_generator_settings":{"template":"highway","enabled":false}}},"categories":[2],"tags":[],"jetpack_publicize_connections":[],"jetpack_featured_media_url":"https:\/\/i0.wp.com\/agrund.com\/wp-content\/uploads\/sites\/6\/2017\/12\/s-15.jpg?fit=960%2C300&ssl=1","jetpack_sharing_enabled":true,"jetpack_shortlink":"https:\/\/wp.me\/p3Hz0n-JSO","jetpack_likes_enabled":true,"_links":{"self":[{"href":"https:\/\/agrund.com\/index.php\/wp-json\/wp\/v2\/posts\/176378"}],"collection":[{"href":"https:\/\/agrund.com\/index.php\/wp-json\/wp\/v2\/posts"}],"about":[{"href":"https:\/\/agrund.com\/index.php\/wp-json\/wp\/v2\/types\/post"}],"author":[{"embeddable":true,"href":"https:\/\/agrund.com\/index.php\/wp-json\/wp\/v2\/users\/8"}],"replies":[{"embeddable":true,"href":"https:\/\/agrund.com\/index.php\/wp-json\/wp\/v2\/comments?post=176378"}],"version-history":[{"count":0,"href":"https:\/\/agrund.com\/index.php\/wp-json\/wp\/v2\/posts\/176378\/revisions"}],"wp:featuredmedia":[{"embeddable":true,"href":"https:\/\/agrund.com\/index.php\/wp-json\/wp\/v2\/media\/176383"}],"wp:attachment":[{"href":"https:\/\/agrund.com\/index.php\/wp-json\/wp\/v2\/media?parent=176378"}],"wp:term":[{"taxonomy":"category","embeddable":true,"href":"https:\/\/agrund.com\/index.php\/wp-json\/wp\/v2\/categories?post=176378"},{"taxonomy":"post_tag","embeddable":true,"href":"https:\/\/agrund.com\/index.php\/wp-json\/wp\/v2\/tags?post=176378"}],"curies":[{"name":"wp","href":"https:\/\/api.w.org\/{rel}","templated":true}]}}