{"id":176357,"date":"2017-12-05T15:00:58","date_gmt":"2017-12-05T17:00:58","guid":{"rendered":"http:\/\/www.agrund.com\/?p=176357"},"modified":"2017-12-05T09:52:26","modified_gmt":"2017-12-05T11:52:26","slug":"mario-testino-fotografa-neymar-jr","status":"publish","type":"post","link":"https:\/\/agrund.com\/index.php\/mario-testino-fotografa-neymar-jr\/","title":{"rendered":"Mario Testino fotografa Neymar Jr."},"content":{"rendered":"<p>A \u2018Man About Town\u2019 convocou Neymar Jr. para estrelar a capa da edi\u00e7\u00e3o que comemora seus 10 anos. Fotografado por ningu\u00e9m menos que Mario Testino, Neymar mostra outro estilo, fora dos campos. Dentre os looks est\u00e3o pe\u00e7as da Dior Homme, como um casaco de pelos, Louis Vuitton e Nike.<\/p>\n<p>\u201cEu acredito que esta sess\u00e3o de fotos \u00e9 para guardar na mem\u00f3ria. Eu nunca tinha feito nenhuma como essa. Me diverti demais!\u201d, declarou o jogador.<\/p>\n<p>Veja o resultado na galeria abaixo:<\/p>\n<div id=\"attachment_176358\" style=\"width: 610px\" class=\"wp-caption aligncenter\"><img aria-describedby=\"caption-attachment-176358\" data-attachment-id=\"176358\" data-permalink=\"https:\/\/agrund.com\/index.php\/mario-testino-fotografa-neymar-jr\/neymar-jr-2017-man-about-town-cover-photo-shoot-001\/\" data-orig-file=\"https:\/\/i0.wp.com\/agrund.com\/wp-content\/uploads\/sites\/6\/2017\/12\/Neymar-Jr-2017-Man-About-Town-Cover-Photo-Shoot-001.jpg?fit=600%2C784&amp;ssl=1\" data-orig-size=\"600,784\" data-comments-opened=\"1\" data-image-meta=\"{&quot;aperture&quot;:&quot;0&quot;,&quot;credit&quot;:&quot;&quot;,&quot;camera&quot;:&quot;&quot;,&quot;caption&quot;:&quot;&quot;,&quot;created_timestamp&quot;:&quot;0&quot;,&quot;copyright&quot;:&quot;&quot;,&quot;focal_length&quot;:&quot;0&quot;,&quot;iso&quot;:&quot;0&quot;,&quot;shutter_speed&quot;:&quot;0&quot;,&quot;title&quot;:&quot;&quot;,&quot;orientation&quot;:&quot;1&quot;}\" data-image-title=\"Mario Testino fotografa Neymar Jr.\" data-image-description=\"\" data-image-caption=\"&lt;p&gt;Mario Testino fotografa Neymar Jr.&lt;\/p&gt;\n\" data-medium-file=\"https:\/\/i0.wp.com\/agrund.com\/wp-content\/uploads\/sites\/6\/2017\/12\/Neymar-Jr-2017-Man-About-Town-Cover-Photo-Shoot-001.jpg?fit=230%2C300&amp;ssl=1\" data-large-file=\"https:\/\/i0.wp.com\/agrund.com\/wp-content\/uploads\/sites\/6\/2017\/12\/Neymar-Jr-2017-Man-About-Town-Cover-Photo-Shoot-001.jpg?fit=600%2C784&amp;ssl=1\" decoding=\"async\" loading=\"lazy\" class=\"size-full wp-image-176358\" src=\"https:\/\/i0.wp.com\/www.agrund.com\/wp-content\/uploads\/sites\/6\/2017\/12\/Neymar-Jr-2017-Man-About-Town-Cover-Photo-Shoot-001.jpg?resize=600%2C784\" alt=\"\" width=\"600\" height=\"784\" srcset=\"https:\/\/i0.wp.com\/agrund.com\/wp-content\/uploads\/sites\/6\/2017\/12\/Neymar-Jr-2017-Man-About-Town-Cover-Photo-Shoot-001.jpg?w=600&amp;ssl=1 600w, https:\/\/i0.wp.com\/agrund.com\/wp-content\/uploads\/sites\/6\/2017\/12\/Neymar-Jr-2017-Man-About-Town-Cover-Photo-Shoot-001.jpg?resize=230%2C300&amp;ssl=1 230w\" sizes=\"(max-width: 600px) 100vw, 600px\" data-recalc-dims=\"1\" \/><p id=\"caption-attachment-176358\" class=\"wp-caption-text\">Mario Testino fotografa Neymar Jr.<\/p><\/div>\n<div id=\"attachment_176359\" style=\"width: 610px\" class=\"wp-caption aligncenter\"><img aria-describedby=\"caption-attachment-176359\" data-attachment-id=\"176359\" data-permalink=\"https:\/\/agrund.com\/index.php\/mario-testino-fotografa-neymar-jr\/neymar-jr-2017-man-about-town-cover-photo-shoot-002\/\" data-orig-file=\"https:\/\/i0.wp.com\/agrund.com\/wp-content\/uploads\/sites\/6\/2017\/12\/Neymar-Jr-2017-Man-About-Town-Cover-Photo-Shoot-002.jpg?fit=600%2C903&amp;ssl=1\" data-orig-size=\"600,903\" data-comments-opened=\"1\" data-image-meta=\"{&quot;aperture&quot;:&quot;0&quot;,&quot;credit&quot;:&quot;&quot;,&quot;camera&quot;:&quot;&quot;,&quot;caption&quot;:&quot;&quot;,&quot;created_timestamp&quot;:&quot;0&quot;,&quot;copyright&quot;:&quot;&quot;,&quot;focal_length&quot;:&quot;0&quot;,&quot;iso&quot;:&quot;0&quot;,&quot;shutter_speed&quot;:&quot;0&quot;,&quot;title&quot;:&quot;&quot;,&quot;orientation&quot;:&quot;1&quot;}\" data-image-title=\"Mario Testino fotografa Neymar Jr.\" data-image-description=\"\" data-image-caption=\"&lt;p&gt;Mario Testino fotografa Neymar Jr.&lt;\/p&gt;\n\" data-medium-file=\"https:\/\/i0.wp.com\/agrund.com\/wp-content\/uploads\/sites\/6\/2017\/12\/Neymar-Jr-2017-Man-About-Town-Cover-Photo-Shoot-002.jpg?fit=199%2C300&amp;ssl=1\" data-large-file=\"https:\/\/i0.wp.com\/agrund.com\/wp-content\/uploads\/sites\/6\/2017\/12\/Neymar-Jr-2017-Man-About-Town-Cover-Photo-Shoot-002.jpg?fit=600%2C903&amp;ssl=1\" decoding=\"async\" loading=\"lazy\" class=\"size-full wp-image-176359\" src=\"https:\/\/i0.wp.com\/www.agrund.com\/wp-content\/uploads\/sites\/6\/2017\/12\/Neymar-Jr-2017-Man-About-Town-Cover-Photo-Shoot-002.jpg?resize=600%2C903\" alt=\"\" width=\"600\" height=\"903\" srcset=\"https:\/\/i0.wp.com\/agrund.com\/wp-content\/uploads\/sites\/6\/2017\/12\/Neymar-Jr-2017-Man-About-Town-Cover-Photo-Shoot-002.jpg?w=600&amp;ssl=1 600w, https:\/\/i0.wp.com\/agrund.com\/wp-content\/uploads\/sites\/6\/2017\/12\/Neymar-Jr-2017-Man-About-Town-Cover-Photo-Shoot-002.jpg?resize=199%2C300&amp;ssl=1 199w\" sizes=\"(max-width: 600px) 100vw, 600px\" data-recalc-dims=\"1\" \/><p id=\"caption-attachment-176359\" class=\"wp-caption-text\">Mario Testino fotografa Neymar Jr.<\/p><\/div>\n<div id=\"attachment_176360\" style=\"width: 610px\" class=\"wp-caption aligncenter\"><img aria-describedby=\"caption-attachment-176360\" data-attachment-id=\"176360\" data-permalink=\"https:\/\/agrund.com\/index.php\/mario-testino-fotografa-neymar-jr\/neymar-jr-2017-man-about-town-cover-photo-shoot-003\/\" data-orig-file=\"https:\/\/i0.wp.com\/agrund.com\/wp-content\/uploads\/sites\/6\/2017\/12\/Neymar-Jr-2017-Man-About-Town-Cover-Photo-Shoot-003.jpg?fit=600%2C786&amp;ssl=1\" data-orig-size=\"600,786\" data-comments-opened=\"1\" data-image-meta=\"{&quot;aperture&quot;:&quot;0&quot;,&quot;credit&quot;:&quot;&quot;,&quot;camera&quot;:&quot;&quot;,&quot;caption&quot;:&quot;&quot;,&quot;created_timestamp&quot;:&quot;0&quot;,&quot;copyright&quot;:&quot;&quot;,&quot;focal_length&quot;:&quot;0&quot;,&quot;iso&quot;:&quot;0&quot;,&quot;shutter_speed&quot;:&quot;0&quot;,&quot;title&quot;:&quot;&quot;,&quot;orientation&quot;:&quot;1&quot;}\" data-image-title=\"Mario Testino fotografa Neymar Jr.\" data-image-description=\"\" data-image-caption=\"&lt;p&gt;Mario Testino fotografa Neymar Jr.&lt;\/p&gt;\n\" data-medium-file=\"https:\/\/i0.wp.com\/agrund.com\/wp-content\/uploads\/sites\/6\/2017\/12\/Neymar-Jr-2017-Man-About-Town-Cover-Photo-Shoot-003.jpg?fit=229%2C300&amp;ssl=1\" data-large-file=\"https:\/\/i0.wp.com\/agrund.com\/wp-content\/uploads\/sites\/6\/2017\/12\/Neymar-Jr-2017-Man-About-Town-Cover-Photo-Shoot-003.jpg?fit=600%2C786&amp;ssl=1\" decoding=\"async\" loading=\"lazy\" class=\"size-full wp-image-176360\" src=\"https:\/\/i0.wp.com\/www.agrund.com\/wp-content\/uploads\/sites\/6\/2017\/12\/Neymar-Jr-2017-Man-About-Town-Cover-Photo-Shoot-003.jpg?resize=600%2C786\" alt=\"\" width=\"600\" height=\"786\" srcset=\"https:\/\/i0.wp.com\/agrund.com\/wp-content\/uploads\/sites\/6\/2017\/12\/Neymar-Jr-2017-Man-About-Town-Cover-Photo-Shoot-003.jpg?w=600&amp;ssl=1 600w, https:\/\/i0.wp.com\/agrund.com\/wp-content\/uploads\/sites\/6\/2017\/12\/Neymar-Jr-2017-Man-About-Town-Cover-Photo-Shoot-003.jpg?resize=229%2C300&amp;ssl=1 229w\" sizes=\"(max-width: 600px) 100vw, 600px\" data-recalc-dims=\"1\" \/><p id=\"caption-attachment-176360\" class=\"wp-caption-text\">Mario Testino fotografa Neymar Jr.<\/p><\/div>\n<div id=\"attachment_176361\" style=\"width: 610px\" class=\"wp-caption aligncenter\"><img aria-describedby=\"caption-attachment-176361\" data-attachment-id=\"176361\" data-permalink=\"https:\/\/agrund.com\/index.php\/mario-testino-fotografa-neymar-jr\/neymar-jr-2017-man-about-town-cover-photo-shoot-004\/\" data-orig-file=\"https:\/\/i0.wp.com\/agrund.com\/wp-content\/uploads\/sites\/6\/2017\/12\/Neymar-Jr-2017-Man-About-Town-Cover-Photo-Shoot-004.jpg?fit=600%2C390&amp;ssl=1\" data-orig-size=\"600,390\" data-comments-opened=\"1\" data-image-meta=\"{&quot;aperture&quot;:&quot;0&quot;,&quot;credit&quot;:&quot;&quot;,&quot;camera&quot;:&quot;&quot;,&quot;caption&quot;:&quot;&quot;,&quot;created_timestamp&quot;:&quot;0&quot;,&quot;copyright&quot;:&quot;&quot;,&quot;focal_length&quot;:&quot;0&quot;,&quot;iso&quot;:&quot;0&quot;,&quot;shutter_speed&quot;:&quot;0&quot;,&quot;title&quot;:&quot;&quot;,&quot;orientation&quot;:&quot;1&quot;}\" data-image-title=\"Mario Testino fotografa Neymar Jr.\" data-image-description=\"\" data-image-caption=\"&lt;p&gt;Mario Testino fotografa Neymar Jr.&lt;\/p&gt;\n\" data-medium-file=\"https:\/\/i0.wp.com\/agrund.com\/wp-content\/uploads\/sites\/6\/2017\/12\/Neymar-Jr-2017-Man-About-Town-Cover-Photo-Shoot-004.jpg?fit=300%2C195&amp;ssl=1\" data-large-file=\"https:\/\/i0.wp.com\/agrund.com\/wp-content\/uploads\/sites\/6\/2017\/12\/Neymar-Jr-2017-Man-About-Town-Cover-Photo-Shoot-004.jpg?fit=600%2C390&amp;ssl=1\" decoding=\"async\" loading=\"lazy\" class=\"size-full wp-image-176361\" src=\"https:\/\/i0.wp.com\/www.agrund.com\/wp-content\/uploads\/sites\/6\/2017\/12\/Neymar-Jr-2017-Man-About-Town-Cover-Photo-Shoot-004.jpg?resize=600%2C390\" alt=\"\" width=\"600\" height=\"390\" srcset=\"https:\/\/i0.wp.com\/agrund.com\/wp-content\/uploads\/sites\/6\/2017\/12\/Neymar-Jr-2017-Man-About-Town-Cover-Photo-Shoot-004.jpg?w=600&amp;ssl=1 600w, https:\/\/i0.wp.com\/agrund.com\/wp-content\/uploads\/sites\/6\/2017\/12\/Neymar-Jr-2017-Man-About-Town-Cover-Photo-Shoot-004.jpg?resize=300%2C195&amp;ssl=1 300w\" sizes=\"(max-width: 600px) 100vw, 600px\" data-recalc-dims=\"1\" \/><p id=\"caption-attachment-176361\" class=\"wp-caption-text\">Mario Testino fotografa Neymar Jr.<\/p><\/div>\n<p>Fotos: Reprodu\u00e7\u00e3o.<\/p>\n","protected":false},"excerpt":{"rendered":"<p>A \u2018Man About Town\u2019 convocou Neymar Jr. para estrelar a capa da edi\u00e7\u00e3o que comemora seus 10 anos. Fotografado por ningu\u00e9m menos que Mario Testino, Neymar mostra outro estilo, fora dos campos. Dentre os looks est\u00e3o pe\u00e7as da Dior Homme, como um casaco de pelos, Louis Vuitton e Nike. \u201cEu acredito que esta sess\u00e3o de [&hellip;]<\/p>\n","protected":false},"author":8,"featured_media":176362,"comment_status":"open","ping_status":"open","sticky":false,"template":"","format":"standard","meta":{"jetpack_post_was_ever_published":false,"_jetpack_newsletter_access":"","jetpack_publicize_message":"","jetpack_is_tweetstorm":false,"jetpack_publicize_feature_enabled":true,"jetpack_social_post_already_shared":true,"jetpack_social_options":{"image_generator_settings":{"template":"highway","enabled":false}}},"categories":[2],"tags":[],"jetpack_publicize_connections":[],"jetpack_featured_media_url":"https:\/\/i0.wp.com\/agrund.com\/wp-content\/uploads\/sites\/6\/2017\/12\/s-12.jpg?fit=960%2C300&ssl=1","jetpack_sharing_enabled":true,"jetpack_shortlink":"https:\/\/wp.me\/p3Hz0n-JSt","jetpack_likes_enabled":true,"_links":{"self":[{"href":"https:\/\/agrund.com\/index.php\/wp-json\/wp\/v2\/posts\/176357"}],"collection":[{"href":"https:\/\/agrund.com\/index.php\/wp-json\/wp\/v2\/posts"}],"about":[{"href":"https:\/\/agrund.com\/index.php\/wp-json\/wp\/v2\/types\/post"}],"author":[{"embeddable":true,"href":"https:\/\/agrund.com\/index.php\/wp-json\/wp\/v2\/users\/8"}],"replies":[{"embeddable":true,"href":"https:\/\/agrund.com\/index.php\/wp-json\/wp\/v2\/comments?post=176357"}],"version-history":[{"count":0,"href":"https:\/\/agrund.com\/index.php\/wp-json\/wp\/v2\/posts\/176357\/revisions"}],"wp:featuredmedia":[{"embeddable":true,"href":"https:\/\/agrund.com\/index.php\/wp-json\/wp\/v2\/media\/176362"}],"wp:attachment":[{"href":"https:\/\/agrund.com\/index.php\/wp-json\/wp\/v2\/media?parent=176357"}],"wp:term":[{"taxonomy":"category","embeddable":true,"href":"https:\/\/agrund.com\/index.php\/wp-json\/wp\/v2\/categories?post=176357"},{"taxonomy":"post_tag","embeddable":true,"href":"https:\/\/agrund.com\/index.php\/wp-json\/wp\/v2\/tags?post=176357"}],"curies":[{"name":"wp","href":"https:\/\/api.w.org\/{rel}","templated":true}]}}