{"id":176344,"date":"2017-12-05T13:00:03","date_gmt":"2017-12-05T15:00:03","guid":{"rendered":"http:\/\/www.agrund.com\/?p=176344"},"modified":"2017-12-05T09:38:05","modified_gmt":"2017-12-05T11:38:05","slug":"puma-divulga-campanha-com-cara-delevingne","status":"publish","type":"post","link":"https:\/\/agrund.com\/index.php\/puma-divulga-campanha-com-cara-delevingne\/","title":{"rendered":"Puma divulga campanha com Cara Delevingne"},"content":{"rendered":"<p>Cara Delevingne est\u00e1 de volta \u00e0 Puma para estrelar a campanha do novo Muse Echo. Nos primeiros cliques divulgados, vemos Cara com seu j\u00e1 ic\u00f4nico pixie cut, dentro de um vesti\u00e1rio.<\/p>\n<p>O novo sneaker de alta performance \u00e9 feito em couro e neoprene, e ganhou duas varia\u00e7\u00f5es de cores com detalhes metalizados.<\/p>\n<p>Confira:<\/p>\n<div id=\"attachment_176345\" style=\"width: 610px\" class=\"wp-caption aligncenter\"><img aria-describedby=\"caption-attachment-176345\" data-attachment-id=\"176345\" data-permalink=\"https:\/\/agrund.com\/index.php\/puma-divulga-campanha-com-cara-delevingne\/cara-delevingne-puma-muse-echo-campaign\/\" data-orig-file=\"https:\/\/i0.wp.com\/agrund.com\/wp-content\/uploads\/sites\/6\/2017\/12\/Cara-Delevingne-Puma-Muse-Echo-Campaign-e1512473566777.jpg?fit=600%2C602&amp;ssl=1\" data-orig-size=\"600,602\" data-comments-opened=\"1\" data-image-meta=\"{&quot;aperture&quot;:&quot;0&quot;,&quot;credit&quot;:&quot;&quot;,&quot;camera&quot;:&quot;&quot;,&quot;caption&quot;:&quot;&quot;,&quot;created_timestamp&quot;:&quot;0&quot;,&quot;copyright&quot;:&quot;&quot;,&quot;focal_length&quot;:&quot;0&quot;,&quot;iso&quot;:&quot;0&quot;,&quot;shutter_speed&quot;:&quot;0&quot;,&quot;title&quot;:&quot;&quot;,&quot;orientation&quot;:&quot;1&quot;}\" data-image-title=\"Puma divulga campanha com Cara Delevingne\" data-image-description=\"\" data-image-caption=\"&lt;p&gt;Puma divulga campanha com Cara Delevingne&lt;\/p&gt;\n\" data-medium-file=\"https:\/\/i0.wp.com\/agrund.com\/wp-content\/uploads\/sites\/6\/2017\/12\/Cara-Delevingne-Puma-Muse-Echo-Campaign-e1512473566777.jpg?fit=300%2C300&amp;ssl=1\" data-large-file=\"https:\/\/i0.wp.com\/agrund.com\/wp-content\/uploads\/sites\/6\/2017\/12\/Cara-Delevingne-Puma-Muse-Echo-Campaign-e1512473566777.jpg?fit=600%2C602&amp;ssl=1\" decoding=\"async\" loading=\"lazy\" class=\"size-full wp-image-176345\" src=\"https:\/\/i0.wp.com\/www.agrund.com\/wp-content\/uploads\/sites\/6\/2017\/12\/Cara-Delevingne-Puma-Muse-Echo-Campaign-e1512473566777.jpg?resize=600%2C602\" alt=\"\" width=\"600\" height=\"602\" data-recalc-dims=\"1\" \/><p id=\"caption-attachment-176345\" class=\"wp-caption-text\">Puma divulga campanha com Cara Delevingne<\/p><\/div>\n<div id=\"attachment_176346\" style=\"width: 610px\" class=\"wp-caption aligncenter\"><img aria-describedby=\"caption-attachment-176346\" data-attachment-id=\"176346\" data-permalink=\"https:\/\/agrund.com\/index.php\/puma-divulga-campanha-com-cara-delevingne\/cara-delevingne-puma-muse-echo-campaign1\/\" data-orig-file=\"https:\/\/i0.wp.com\/agrund.com\/wp-content\/uploads\/sites\/6\/2017\/12\/Cara-Delevingne-Puma-Muse-Echo-Campaign1.jpg?fit=800%2C511&amp;ssl=1\" data-orig-size=\"800,511\" data-comments-opened=\"1\" data-image-meta=\"{&quot;aperture&quot;:&quot;0&quot;,&quot;credit&quot;:&quot;&quot;,&quot;camera&quot;:&quot;&quot;,&quot;caption&quot;:&quot;&quot;,&quot;created_timestamp&quot;:&quot;0&quot;,&quot;copyright&quot;:&quot;&quot;,&quot;focal_length&quot;:&quot;0&quot;,&quot;iso&quot;:&quot;0&quot;,&quot;shutter_speed&quot;:&quot;0&quot;,&quot;title&quot;:&quot;&quot;,&quot;orientation&quot;:&quot;1&quot;}\" data-image-title=\"Cara-Delevingne-Puma-Muse-Echo-Campaign1\" data-image-description=\"\" data-image-caption=\"\" data-medium-file=\"https:\/\/i0.wp.com\/agrund.com\/wp-content\/uploads\/sites\/6\/2017\/12\/Cara-Delevingne-Puma-Muse-Echo-Campaign1.jpg?fit=300%2C192&amp;ssl=1\" data-large-file=\"https:\/\/i0.wp.com\/agrund.com\/wp-content\/uploads\/sites\/6\/2017\/12\/Cara-Delevingne-Puma-Muse-Echo-Campaign1.jpg?fit=800%2C511&amp;ssl=1\" decoding=\"async\" loading=\"lazy\" class=\"wp-image-176346\" src=\"https:\/\/i0.wp.com\/www.agrund.com\/wp-content\/uploads\/sites\/6\/2017\/12\/Cara-Delevingne-Puma-Muse-Echo-Campaign1.jpg?resize=600%2C383\" alt=\"Puma divulga campanha com Cara Delevingne\" width=\"600\" height=\"383\" srcset=\"https:\/\/i0.wp.com\/agrund.com\/wp-content\/uploads\/sites\/6\/2017\/12\/Cara-Delevingne-Puma-Muse-Echo-Campaign1.jpg?w=800&amp;ssl=1 800w, https:\/\/i0.wp.com\/agrund.com\/wp-content\/uploads\/sites\/6\/2017\/12\/Cara-Delevingne-Puma-Muse-Echo-Campaign1.jpg?resize=300%2C192&amp;ssl=1 300w\" sizes=\"(max-width: 600px) 100vw, 600px\" data-recalc-dims=\"1\" \/><p id=\"caption-attachment-176346\" class=\"wp-caption-text\">Puma divulga campanha com Cara Delevingne<\/p><\/div>\n<div id=\"attachment_176347\" style=\"width: 610px\" class=\"wp-caption aligncenter\"><img aria-describedby=\"caption-attachment-176347\" data-attachment-id=\"176347\" data-permalink=\"https:\/\/agrund.com\/index.php\/puma-divulga-campanha-com-cara-delevingne\/1-1173\/\" data-orig-file=\"https:\/\/i0.wp.com\/agrund.com\/wp-content\/uploads\/sites\/6\/2017\/12\/1-2.jpg?fit=600%2C600&amp;ssl=1\" data-orig-size=\"600,600\" data-comments-opened=\"1\" data-image-meta=\"{&quot;aperture&quot;:&quot;0&quot;,&quot;credit&quot;:&quot;&quot;,&quot;camera&quot;:&quot;&quot;,&quot;caption&quot;:&quot;&quot;,&quot;created_timestamp&quot;:&quot;0&quot;,&quot;copyright&quot;:&quot;&quot;,&quot;focal_length&quot;:&quot;0&quot;,&quot;iso&quot;:&quot;0&quot;,&quot;shutter_speed&quot;:&quot;0&quot;,&quot;title&quot;:&quot;&quot;,&quot;orientation&quot;:&quot;1&quot;}\" data-image-title=\"Puma divulga campanha com Cara Delevingne\" data-image-description=\"\" data-image-caption=\"&lt;p&gt;Puma divulga campanha com Cara Delevingne&lt;\/p&gt;\n\" data-medium-file=\"https:\/\/i0.wp.com\/agrund.com\/wp-content\/uploads\/sites\/6\/2017\/12\/1-2.jpg?fit=300%2C300&amp;ssl=1\" data-large-file=\"https:\/\/i0.wp.com\/agrund.com\/wp-content\/uploads\/sites\/6\/2017\/12\/1-2.jpg?fit=600%2C600&amp;ssl=1\" decoding=\"async\" loading=\"lazy\" class=\"size-full wp-image-176347\" src=\"https:\/\/i0.wp.com\/www.agrund.com\/wp-content\/uploads\/sites\/6\/2017\/12\/1-2.jpg?resize=600%2C600\" alt=\"\" width=\"600\" height=\"600\" srcset=\"https:\/\/i0.wp.com\/agrund.com\/wp-content\/uploads\/sites\/6\/2017\/12\/1-2.jpg?w=600&amp;ssl=1 600w, https:\/\/i0.wp.com\/agrund.com\/wp-content\/uploads\/sites\/6\/2017\/12\/1-2.jpg?resize=150%2C150&amp;ssl=1 150w, https:\/\/i0.wp.com\/agrund.com\/wp-content\/uploads\/sites\/6\/2017\/12\/1-2.jpg?resize=300%2C300&amp;ssl=1 300w\" sizes=\"(max-width: 600px) 100vw, 600px\" data-recalc-dims=\"1\" \/><p id=\"caption-attachment-176347\" class=\"wp-caption-text\">Puma divulga campanha com Cara Delevingne<\/p><\/div>\n<div id=\"attachment_176348\" style=\"width: 610px\" class=\"wp-caption aligncenter\"><img aria-describedby=\"caption-attachment-176348\" data-attachment-id=\"176348\" data-permalink=\"https:\/\/agrund.com\/index.php\/puma-divulga-campanha-com-cara-delevingne\/2-1121\/\" data-orig-file=\"https:\/\/i0.wp.com\/agrund.com\/wp-content\/uploads\/sites\/6\/2017\/12\/2-2.jpg?fit=600%2C600&amp;ssl=1\" data-orig-size=\"600,600\" data-comments-opened=\"1\" data-image-meta=\"{&quot;aperture&quot;:&quot;0&quot;,&quot;credit&quot;:&quot;&quot;,&quot;camera&quot;:&quot;&quot;,&quot;caption&quot;:&quot;&quot;,&quot;created_timestamp&quot;:&quot;0&quot;,&quot;copyright&quot;:&quot;&quot;,&quot;focal_length&quot;:&quot;0&quot;,&quot;iso&quot;:&quot;0&quot;,&quot;shutter_speed&quot;:&quot;0&quot;,&quot;title&quot;:&quot;&quot;,&quot;orientation&quot;:&quot;1&quot;}\" data-image-title=\"Puma divulga campanha com Cara Delevingne\" data-image-description=\"\" data-image-caption=\"&lt;p&gt;Puma divulga campanha com Cara Delevingne&lt;\/p&gt;\n\" data-medium-file=\"https:\/\/i0.wp.com\/agrund.com\/wp-content\/uploads\/sites\/6\/2017\/12\/2-2.jpg?fit=300%2C300&amp;ssl=1\" data-large-file=\"https:\/\/i0.wp.com\/agrund.com\/wp-content\/uploads\/sites\/6\/2017\/12\/2-2.jpg?fit=600%2C600&amp;ssl=1\" decoding=\"async\" loading=\"lazy\" class=\"size-full wp-image-176348\" src=\"https:\/\/i0.wp.com\/www.agrund.com\/wp-content\/uploads\/sites\/6\/2017\/12\/2-2.jpg?resize=600%2C600\" alt=\"\" width=\"600\" height=\"600\" srcset=\"https:\/\/i0.wp.com\/agrund.com\/wp-content\/uploads\/sites\/6\/2017\/12\/2-2.jpg?w=600&amp;ssl=1 600w, https:\/\/i0.wp.com\/agrund.com\/wp-content\/uploads\/sites\/6\/2017\/12\/2-2.jpg?resize=150%2C150&amp;ssl=1 150w, https:\/\/i0.wp.com\/agrund.com\/wp-content\/uploads\/sites\/6\/2017\/12\/2-2.jpg?resize=300%2C300&amp;ssl=1 300w\" sizes=\"(max-width: 600px) 100vw, 600px\" data-recalc-dims=\"1\" \/><p id=\"caption-attachment-176348\" class=\"wp-caption-text\">Puma divulga campanha com Cara Delevingne<\/p><\/div>\n<p>Fotos: Reprodu\u00e7\u00e3o.<\/p>\n","protected":false},"excerpt":{"rendered":"<p>Cara Delevingne est\u00e1 de volta \u00e0 Puma para estrelar a campanha do novo Muse Echo. Nos primeiros cliques divulgados, vemos Cara com seu j\u00e1 ic\u00f4nico pixie cut, dentro de um vesti\u00e1rio. O novo sneaker de alta performance \u00e9 feito em couro e neoprene, e ganhou duas varia\u00e7\u00f5es de cores com detalhes metalizados. Confira: Fotos: Reprodu\u00e7\u00e3o.<\/p>\n","protected":false},"author":8,"featured_media":176349,"comment_status":"open","ping_status":"open","sticky":false,"template":"","format":"standard","meta":{"jetpack_post_was_ever_published":false,"_jetpack_newsletter_access":"","jetpack_publicize_message":"","jetpack_is_tweetstorm":false,"jetpack_publicize_feature_enabled":true,"jetpack_social_post_already_shared":true,"jetpack_social_options":{"image_generator_settings":{"template":"highway","enabled":false}}},"categories":[2],"tags":[],"jetpack_publicize_connections":[],"jetpack_featured_media_url":"https:\/\/i0.wp.com\/agrund.com\/wp-content\/uploads\/sites\/6\/2017\/12\/s-10.jpg?fit=960%2C300&ssl=1","jetpack_sharing_enabled":true,"jetpack_shortlink":"https:\/\/wp.me\/p3Hz0n-JSg","jetpack_likes_enabled":true,"_links":{"self":[{"href":"https:\/\/agrund.com\/index.php\/wp-json\/wp\/v2\/posts\/176344"}],"collection":[{"href":"https:\/\/agrund.com\/index.php\/wp-json\/wp\/v2\/posts"}],"about":[{"href":"https:\/\/agrund.com\/index.php\/wp-json\/wp\/v2\/types\/post"}],"author":[{"embeddable":true,"href":"https:\/\/agrund.com\/index.php\/wp-json\/wp\/v2\/users\/8"}],"replies":[{"embeddable":true,"href":"https:\/\/agrund.com\/index.php\/wp-json\/wp\/v2\/comments?post=176344"}],"version-history":[{"count":0,"href":"https:\/\/agrund.com\/index.php\/wp-json\/wp\/v2\/posts\/176344\/revisions"}],"wp:featuredmedia":[{"embeddable":true,"href":"https:\/\/agrund.com\/index.php\/wp-json\/wp\/v2\/media\/176349"}],"wp:attachment":[{"href":"https:\/\/agrund.com\/index.php\/wp-json\/wp\/v2\/media?parent=176344"}],"wp:term":[{"taxonomy":"category","embeddable":true,"href":"https:\/\/agrund.com\/index.php\/wp-json\/wp\/v2\/categories?post=176344"},{"taxonomy":"post_tag","embeddable":true,"href":"https:\/\/agrund.com\/index.php\/wp-json\/wp\/v2\/tags?post=176344"}],"curies":[{"name":"wp","href":"https:\/\/api.w.org\/{rel}","templated":true}]}}