{"id":176236,"date":"2017-12-01T16:00:10","date_gmt":"2017-12-01T18:00:10","guid":{"rendered":"http:\/\/www.agrund.com\/?p=176236"},"modified":"2017-12-01T10:04:41","modified_gmt":"2017-12-01T12:04:41","slug":"brilho-na-passarela-michael-halpern","status":"publish","type":"post","link":"https:\/\/agrund.com\/index.php\/brilho-na-passarela-michael-halpern\/","title":{"rendered":"Brilho na passarela: Michael Halpern"},"content":{"rendered":"<p>Por Let\u00edcia Santana<\/p>\n<p>A era minimalista e conceitual n\u00e3o atingiu a todos, pelo menos \u00e9 o que Michael Halpern demonstra. Aos 30 anos, o estilista nova-iorquino radicado em Londres vem conquistando o seu espa\u00e7o na ind\u00fastria da moda como um fen\u00f4meno. H\u00e1 pouco mais de um ano, o jovem lan\u00e7ou a Halpern Studio e com apenas uma \u00fanica cole\u00e7\u00e3o exibida, a marca foi contratada pela gigante Bergdorf Goodman. Para ficar de olho!<\/p>\n<div id=\"attachment_176237\" style=\"width: 610px\" class=\"wp-caption aligncenter\"><img aria-describedby=\"caption-attachment-176237\" data-attachment-id=\"176237\" data-permalink=\"https:\/\/agrund.com\/index.php\/brilho-na-passarela-michael-halpern\/michel-halpern\/\" data-orig-file=\"https:\/\/i0.wp.com\/agrund.com\/wp-content\/uploads\/sites\/6\/2017\/12\/Michel-Halpern-e1512129624525.jpeg?fit=600%2C450&amp;ssl=1\" data-orig-size=\"600,450\" data-comments-opened=\"1\" data-image-meta=\"{&quot;aperture&quot;:&quot;0&quot;,&quot;credit&quot;:&quot;&quot;,&quot;camera&quot;:&quot;&quot;,&quot;caption&quot;:&quot;&quot;,&quot;created_timestamp&quot;:&quot;0&quot;,&quot;copyright&quot;:&quot;&quot;,&quot;focal_length&quot;:&quot;0&quot;,&quot;iso&quot;:&quot;0&quot;,&quot;shutter_speed&quot;:&quot;0&quot;,&quot;title&quot;:&quot;&quot;,&quot;orientation&quot;:&quot;0&quot;}\" data-image-title=\"Brilho na passarela: Michael Halpern Halpern\" data-image-description=\"\" data-image-caption=\"&lt;p&gt;Brilho na passarela: Michael Halpern&lt;\/p&gt;\n\" data-medium-file=\"https:\/\/i0.wp.com\/agrund.com\/wp-content\/uploads\/sites\/6\/2017\/12\/Michel-Halpern-e1512129624525.jpeg?fit=300%2C225&amp;ssl=1\" data-large-file=\"https:\/\/i0.wp.com\/agrund.com\/wp-content\/uploads\/sites\/6\/2017\/12\/Michel-Halpern-e1512129624525.jpeg?fit=1024%2C768&amp;ssl=1\" decoding=\"async\" loading=\"lazy\" class=\"size-full wp-image-176237\" src=\"https:\/\/i0.wp.com\/www.agrund.com\/wp-content\/uploads\/sites\/6\/2017\/12\/Michel-Halpern-e1512129624525.jpeg?resize=600%2C450\" alt=\"\" width=\"600\" height=\"450\" data-recalc-dims=\"1\" \/><p id=\"caption-attachment-176237\" class=\"wp-caption-text\">Brilho na passarela: Michael Halpern<\/p><\/div>\n<p>O glamour americano fundido com a alta-costura marca o DNA fort\u00edssimo de Halpern. Paet\u00ea, brilho, shapes dram\u00e1ticos e o perfume 70\u2019s s\u00e3o os grandes respons\u00e1veis por fazerem as suas pe\u00e7as serem reconhecidas sem nem mesmo olhar a etiqueta. A surpresa fica por conta do processo de produ\u00e7\u00e3o, j\u00e1 que os seus modelitos s\u00e3o feitas em Leicester. Em entrevista \u00e0 Vogue UK, o estilista fala sobre: \u201c\u00c9 um pouco mais caro do que produzir na It\u00e1lia ou na Fran\u00e7a, mas \u00e9 uma coisa t\u00e3o incr\u00edvel poder apoiar a Inglaterra, um pa\u00eds que me deu tanto\u201d.<\/p>\n<div id=\"attachment_176238\" style=\"width: 610px\" class=\"wp-caption aligncenter\"><img aria-describedby=\"caption-attachment-176238\" data-attachment-id=\"176238\" data-permalink=\"https:\/\/agrund.com\/index.php\/brilho-na-passarela-michael-halpern\/red-carpet-michek-halpern\/\" data-orig-file=\"https:\/\/i0.wp.com\/agrund.com\/wp-content\/uploads\/sites\/6\/2017\/12\/Red-carpet-Michek-Halpern--e1512129660640.jpeg?fit=600%2C450&amp;ssl=1\" data-orig-size=\"600,450\" data-comments-opened=\"1\" data-image-meta=\"{&quot;aperture&quot;:&quot;0&quot;,&quot;credit&quot;:&quot;&quot;,&quot;camera&quot;:&quot;&quot;,&quot;caption&quot;:&quot;&quot;,&quot;created_timestamp&quot;:&quot;0&quot;,&quot;copyright&quot;:&quot;&quot;,&quot;focal_length&quot;:&quot;0&quot;,&quot;iso&quot;:&quot;0&quot;,&quot;shutter_speed&quot;:&quot;0&quot;,&quot;title&quot;:&quot;&quot;,&quot;orientation&quot;:&quot;0&quot;}\" data-image-title=\"Brilho na passarela: Michael Halpern\" data-image-description=\"\" data-image-caption=\"&lt;p&gt;Brilho na passarela: Michael Halpern&lt;\/p&gt;\n\" data-medium-file=\"https:\/\/i0.wp.com\/agrund.com\/wp-content\/uploads\/sites\/6\/2017\/12\/Red-carpet-Michek-Halpern--e1512129660640.jpeg?fit=300%2C225&amp;ssl=1\" data-large-file=\"https:\/\/i0.wp.com\/agrund.com\/wp-content\/uploads\/sites\/6\/2017\/12\/Red-carpet-Michek-Halpern--e1512129660640.jpeg?fit=1024%2C768&amp;ssl=1\" decoding=\"async\" loading=\"lazy\" class=\"size-full wp-image-176238\" src=\"https:\/\/i0.wp.com\/www.agrund.com\/wp-content\/uploads\/sites\/6\/2017\/12\/Red-carpet-Michek-Halpern--e1512129660640.jpeg?resize=600%2C450\" alt=\"\" width=\"600\" height=\"450\" data-recalc-dims=\"1\" \/><p id=\"caption-attachment-176238\" class=\"wp-caption-text\">Brilho na passarela: Michael Halpern<\/p><\/div>\n<p>Rapidamente, Michel Halpern ganhou o cora\u00e7\u00e3o das celebs. Giovanna Battaglia, Marion Cotillard e Rita Ora s\u00e3o apenas algumas das muitas que j\u00e1 desfilaram modelitos da marca em grandes eventos. Por\u00e9m, vestir as artistas ainda \u00e9 uma miss\u00e3o complexa diante de uma equipe pequena: &#8220;Equilibrar os compromissos do tapete vermelho com o resto do neg\u00f3cio foi dif\u00edcil porque somos pequenos, mas voc\u00ea s\u00f3 precisa ser organizado. Felizmente, todas as celebridades percebem que tem que haver um or\u00e7amento, n\u00e3o podemos fazer, digamos, quatro vestidos personalizados gratuitamente&#8221;.<\/p>\n<div id=\"attachment_176239\" style=\"width: 610px\" class=\"wp-caption aligncenter\"><img aria-describedby=\"caption-attachment-176239\" data-attachment-id=\"176239\" data-permalink=\"https:\/\/agrund.com\/index.php\/brilho-na-passarela-michael-halpern\/spring-2018-halpern\/\" data-orig-file=\"https:\/\/i0.wp.com\/agrund.com\/wp-content\/uploads\/sites\/6\/2017\/12\/Spring-2018-Halpern--e1512129680107.jpeg?fit=600%2C450&amp;ssl=1\" data-orig-size=\"600,450\" data-comments-opened=\"1\" data-image-meta=\"{&quot;aperture&quot;:&quot;0&quot;,&quot;credit&quot;:&quot;&quot;,&quot;camera&quot;:&quot;&quot;,&quot;caption&quot;:&quot;&quot;,&quot;created_timestamp&quot;:&quot;0&quot;,&quot;copyright&quot;:&quot;&quot;,&quot;focal_length&quot;:&quot;0&quot;,&quot;iso&quot;:&quot;0&quot;,&quot;shutter_speed&quot;:&quot;0&quot;,&quot;title&quot;:&quot;&quot;,&quot;orientation&quot;:&quot;0&quot;}\" data-image-title=\"Brilho na passarela: Michael Halpern\" data-image-description=\"\" data-image-caption=\"&lt;p&gt;Brilho na passarela: Michael Halpern&lt;\/p&gt;\n\" data-medium-file=\"https:\/\/i0.wp.com\/agrund.com\/wp-content\/uploads\/sites\/6\/2017\/12\/Spring-2018-Halpern--e1512129680107.jpeg?fit=300%2C225&amp;ssl=1\" data-large-file=\"https:\/\/i0.wp.com\/agrund.com\/wp-content\/uploads\/sites\/6\/2017\/12\/Spring-2018-Halpern--e1512129680107.jpeg?fit=1024%2C768&amp;ssl=1\" decoding=\"async\" loading=\"lazy\" class=\"size-full wp-image-176239\" src=\"https:\/\/i0.wp.com\/www.agrund.com\/wp-content\/uploads\/sites\/6\/2017\/12\/Spring-2018-Halpern--e1512129680107.jpeg?resize=600%2C450\" alt=\"\" width=\"600\" height=\"450\" data-recalc-dims=\"1\" \/><p id=\"caption-attachment-176239\" class=\"wp-caption-text\">Brilho na passarela: Michael Halpern<\/p><\/div>\n<p>A est\u00e9tica exuberante com drapeados, assimetrias, recortes e muito brilho vem tra\u00e7ando a carreira de Halpern que, em t\u00e3o pouco tempo, j\u00e1 \u00e9 considerado uma das revela\u00e7\u00f5es da hist\u00f3ria da moda contempor\u00e2nea. A sua \u00faltima cole\u00e7\u00e3o, por exemplo, foi aplaudida pela cr\u00edtica e j\u00e1 \u00e9 um estouro de vendas em pouquiss\u00edmo tempo.<\/p>\n<p>Mais em <a href=\"http:\/\/borboletavintage.com.br\/\">Borboleta Vintage<\/a>.<br \/>\nInstagram: <a href=\"https:\/\/www.instagram.com\/borboletavintage\/\">@borboletavintage<\/a><\/p>\n<p>&nbsp;<\/p>\n<p>Fotos: Reprodu\u00e7\u00e3o.<\/p>\n","protected":false},"excerpt":{"rendered":"<p>Por Let\u00edcia Santana A era minimalista e conceitual n\u00e3o atingiu a todos, pelo menos \u00e9 o que Michael Halpern demonstra. Aos 30 anos, o estilista nova-iorquino radicado em Londres vem conquistando o seu espa\u00e7o na ind\u00fastria da moda como um fen\u00f4meno. H\u00e1 pouco mais de um ano, o jovem lan\u00e7ou a Halpern Studio e com [&hellip;]<\/p>\n","protected":false},"author":8,"featured_media":176240,"comment_status":"open","ping_status":"open","sticky":false,"template":"","format":"standard","meta":{"jetpack_post_was_ever_published":false,"_jetpack_newsletter_access":"","jetpack_publicize_message":"","jetpack_is_tweetstorm":false,"jetpack_publicize_feature_enabled":true,"jetpack_social_post_already_shared":true,"jetpack_social_options":{"image_generator_settings":{"template":"highway","enabled":false}}},"categories":[2],"tags":[],"jetpack_publicize_connections":[],"jetpack_featured_media_url":"https:\/\/i0.wp.com\/agrund.com\/wp-content\/uploads\/sites\/6\/2017\/12\/s-2.jpg?fit=960%2C300&ssl=1","jetpack_sharing_enabled":true,"jetpack_shortlink":"https:\/\/wp.me\/p3Hz0n-JQw","jetpack_likes_enabled":true,"_links":{"self":[{"href":"https:\/\/agrund.com\/index.php\/wp-json\/wp\/v2\/posts\/176236"}],"collection":[{"href":"https:\/\/agrund.com\/index.php\/wp-json\/wp\/v2\/posts"}],"about":[{"href":"https:\/\/agrund.com\/index.php\/wp-json\/wp\/v2\/types\/post"}],"author":[{"embeddable":true,"href":"https:\/\/agrund.com\/index.php\/wp-json\/wp\/v2\/users\/8"}],"replies":[{"embeddable":true,"href":"https:\/\/agrund.com\/index.php\/wp-json\/wp\/v2\/comments?post=176236"}],"version-history":[{"count":0,"href":"https:\/\/agrund.com\/index.php\/wp-json\/wp\/v2\/posts\/176236\/revisions"}],"wp:featuredmedia":[{"embeddable":true,"href":"https:\/\/agrund.com\/index.php\/wp-json\/wp\/v2\/media\/176240"}],"wp:attachment":[{"href":"https:\/\/agrund.com\/index.php\/wp-json\/wp\/v2\/media?parent=176236"}],"wp:term":[{"taxonomy":"category","embeddable":true,"href":"https:\/\/agrund.com\/index.php\/wp-json\/wp\/v2\/categories?post=176236"},{"taxonomy":"post_tag","embeddable":true,"href":"https:\/\/agrund.com\/index.php\/wp-json\/wp\/v2\/tags?post=176236"}],"curies":[{"name":"wp","href":"https:\/\/api.w.org\/{rel}","templated":true}]}}