{"id":176215,"date":"2017-12-01T11:00:51","date_gmt":"2017-12-01T13:00:51","guid":{"rendered":"http:\/\/www.agrund.com\/?p=176215"},"modified":"2017-12-01T09:47:04","modified_gmt":"2017-12-01T11:47:04","slug":"selena-gomez-recebe-o-titulo-de-mulher-do-ano","status":"publish","type":"post","link":"https:\/\/agrund.com\/index.php\/selena-gomez-recebe-o-titulo-de-mulher-do-ano\/","title":{"rendered":"Selena Gomez recebe o t\u00edtulo de \u2018Mulher do Ano\u2019"},"content":{"rendered":"<p>Se algu\u00e9m te perguntasse quem \u00e9 a mulher de ano de 2017, o que voc\u00ea responderia? De acordo com a \u2018Billboard Magazine\u2019 esse t\u00edtulo pertence a Selena Gomez.<\/p>\n<p>Depois de dar uma pausa na sua carreira para tratar do Lupus, fazer um transplante de rim e voltar a fazer hits, Selena recebeu esse importante t\u00edtulo da publica\u00e7\u00e3o. E \u00e9 por isso que ela \u00e9 capa da edi\u00e7\u00e3o de dezembro 2017 da revista.<\/p>\n<p>No clique principal ela aparece com um vestido super volumoso da The Row. O editorial interno traz fotos lindas feitas em um jardim com Selena usando looks de alfaiataria.<\/p>\n<p>Confira:<\/p>\n<div id=\"attachment_176216\" style=\"width: 610px\" class=\"wp-caption aligncenter\"><img aria-describedby=\"caption-attachment-176216\" data-attachment-id=\"176216\" data-permalink=\"https:\/\/agrund.com\/index.php\/selena-gomez-recebe-o-titulo-de-mulher-do-ano\/selena-gomez-singer01\/\" data-orig-file=\"https:\/\/i0.wp.com\/agrund.com\/wp-content\/uploads\/sites\/6\/2017\/12\/Selena-Gomez-Singer01-e1512128610638.jpg?fit=600%2C780&amp;ssl=1\" data-orig-size=\"600,780\" data-comments-opened=\"1\" data-image-meta=\"{&quot;aperture&quot;:&quot;0&quot;,&quot;credit&quot;:&quot;&quot;,&quot;camera&quot;:&quot;&quot;,&quot;caption&quot;:&quot;&quot;,&quot;created_timestamp&quot;:&quot;0&quot;,&quot;copyright&quot;:&quot;&quot;,&quot;focal_length&quot;:&quot;0&quot;,&quot;iso&quot;:&quot;0&quot;,&quot;shutter_speed&quot;:&quot;0&quot;,&quot;title&quot;:&quot;&quot;,&quot;orientation&quot;:&quot;1&quot;}\" data-image-title=\"Selena Gomez recebe o t\u00edtulo de \u2018Mulher do Ano\u2019\" data-image-description=\"\" data-image-caption=\"&lt;p&gt;Selena Gomez recebe o t\u00edtulo de \u2018Mulher do Ano\u2019&lt;\/p&gt;\n\" data-medium-file=\"https:\/\/i0.wp.com\/agrund.com\/wp-content\/uploads\/sites\/6\/2017\/12\/Selena-Gomez-Singer01-e1512128610638.jpg?fit=231%2C300&amp;ssl=1\" data-large-file=\"https:\/\/i0.wp.com\/agrund.com\/wp-content\/uploads\/sites\/6\/2017\/12\/Selena-Gomez-Singer01-e1512128610638.jpg?fit=788%2C1024&amp;ssl=1\" decoding=\"async\" loading=\"lazy\" class=\"size-full wp-image-176216\" src=\"https:\/\/i0.wp.com\/www.agrund.com\/wp-content\/uploads\/sites\/6\/2017\/12\/Selena-Gomez-Singer01-e1512128610638.jpg?resize=600%2C780\" alt=\"\" width=\"600\" height=\"780\" data-recalc-dims=\"1\" \/><p id=\"caption-attachment-176216\" class=\"wp-caption-text\">Selena Gomez recebe o t\u00edtulo de \u2018Mulher do Ano\u2019<\/p><\/div>\n<div id=\"attachment_176221\" style=\"width: 610px\" class=\"wp-caption aligncenter\"><img aria-describedby=\"caption-attachment-176221\" data-attachment-id=\"176221\" data-permalink=\"https:\/\/agrund.com\/index.php\/selena-gomez-recebe-o-titulo-de-mulher-do-ano\/selena-gomez-singer06\/\" data-orig-file=\"https:\/\/i0.wp.com\/agrund.com\/wp-content\/uploads\/sites\/6\/2017\/12\/Selena-Gomez-Singer06-e1512128703486.jpg?fit=600%2C900&amp;ssl=1\" data-orig-size=\"600,900\" data-comments-opened=\"1\" data-image-meta=\"{&quot;aperture&quot;:&quot;0&quot;,&quot;credit&quot;:&quot;&quot;,&quot;camera&quot;:&quot;&quot;,&quot;caption&quot;:&quot;&quot;,&quot;created_timestamp&quot;:&quot;0&quot;,&quot;copyright&quot;:&quot;&quot;,&quot;focal_length&quot;:&quot;0&quot;,&quot;iso&quot;:&quot;0&quot;,&quot;shutter_speed&quot;:&quot;0&quot;,&quot;title&quot;:&quot;&quot;,&quot;orientation&quot;:&quot;1&quot;}\" data-image-title=\"Selena Gomez recebe o t\u00edtulo de \u2018Mulher do Ano\u2019\" data-image-description=\"\" data-image-caption=\"&lt;p&gt;Selena Gomez recebe o t\u00edtulo de \u2018Mulher do Ano\u2019&lt;\/p&gt;\n\" data-medium-file=\"https:\/\/i0.wp.com\/agrund.com\/wp-content\/uploads\/sites\/6\/2017\/12\/Selena-Gomez-Singer06-e1512128703486.jpg?fit=200%2C300&amp;ssl=1\" data-large-file=\"https:\/\/i0.wp.com\/agrund.com\/wp-content\/uploads\/sites\/6\/2017\/12\/Selena-Gomez-Singer06-e1512128703486.jpg?fit=683%2C1024&amp;ssl=1\" decoding=\"async\" loading=\"lazy\" class=\"size-full wp-image-176221\" src=\"https:\/\/i0.wp.com\/www.agrund.com\/wp-content\/uploads\/sites\/6\/2017\/12\/Selena-Gomez-Singer06-e1512128703486.jpg?resize=600%2C900\" alt=\"\" width=\"600\" height=\"900\" data-recalc-dims=\"1\" \/><p id=\"caption-attachment-176221\" class=\"wp-caption-text\">Selena Gomez recebe o t\u00edtulo de \u2018Mulher do Ano\u2019<\/p><\/div>\n<div id=\"attachment_176219\" style=\"width: 610px\" class=\"wp-caption aligncenter\"><img aria-describedby=\"caption-attachment-176219\" data-attachment-id=\"176219\" data-permalink=\"https:\/\/agrund.com\/index.php\/selena-gomez-recebe-o-titulo-de-mulher-do-ano\/selena-gomez-singer04\/\" data-orig-file=\"https:\/\/i0.wp.com\/agrund.com\/wp-content\/uploads\/sites\/6\/2017\/12\/Selena-Gomez-Singer04-e1512128635119.jpg?fit=600%2C900&amp;ssl=1\" data-orig-size=\"600,900\" data-comments-opened=\"1\" data-image-meta=\"{&quot;aperture&quot;:&quot;0&quot;,&quot;credit&quot;:&quot;&quot;,&quot;camera&quot;:&quot;&quot;,&quot;caption&quot;:&quot;&quot;,&quot;created_timestamp&quot;:&quot;0&quot;,&quot;copyright&quot;:&quot;&quot;,&quot;focal_length&quot;:&quot;0&quot;,&quot;iso&quot;:&quot;0&quot;,&quot;shutter_speed&quot;:&quot;0&quot;,&quot;title&quot;:&quot;&quot;,&quot;orientation&quot;:&quot;1&quot;}\" data-image-title=\"Selena Gomez recebe o t\u00edtulo de \u2018Mulher do Ano\u2019\" data-image-description=\"\" data-image-caption=\"&lt;p&gt;Selena Gomez recebe o t\u00edtulo de \u2018Mulher do Ano\u2019&lt;\/p&gt;\n\" data-medium-file=\"https:\/\/i0.wp.com\/agrund.com\/wp-content\/uploads\/sites\/6\/2017\/12\/Selena-Gomez-Singer04-e1512128635119.jpg?fit=200%2C300&amp;ssl=1\" data-large-file=\"https:\/\/i0.wp.com\/agrund.com\/wp-content\/uploads\/sites\/6\/2017\/12\/Selena-Gomez-Singer04-e1512128635119.jpg?fit=683%2C1024&amp;ssl=1\" decoding=\"async\" loading=\"lazy\" class=\"size-full wp-image-176219\" src=\"https:\/\/i0.wp.com\/www.agrund.com\/wp-content\/uploads\/sites\/6\/2017\/12\/Selena-Gomez-Singer04-e1512128635119.jpg?resize=600%2C900\" alt=\"\" width=\"600\" height=\"900\" data-recalc-dims=\"1\" \/><p id=\"caption-attachment-176219\" class=\"wp-caption-text\">Selena Gomez recebe o t\u00edtulo de \u2018Mulher do Ano\u2019<\/p><\/div>\n<div id=\"attachment_176217\" style=\"width: 610px\" class=\"wp-caption aligncenter\"><img aria-describedby=\"caption-attachment-176217\" data-attachment-id=\"176217\" data-permalink=\"https:\/\/agrund.com\/index.php\/selena-gomez-recebe-o-titulo-de-mulher-do-ano\/selena-gomez-singer02\/\" data-orig-file=\"https:\/\/i0.wp.com\/agrund.com\/wp-content\/uploads\/sites\/6\/2017\/12\/Selena-Gomez-Singer02-e1512128654599.jpg?fit=600%2C900&amp;ssl=1\" data-orig-size=\"600,900\" data-comments-opened=\"1\" data-image-meta=\"{&quot;aperture&quot;:&quot;0&quot;,&quot;credit&quot;:&quot;&quot;,&quot;camera&quot;:&quot;&quot;,&quot;caption&quot;:&quot;&quot;,&quot;created_timestamp&quot;:&quot;0&quot;,&quot;copyright&quot;:&quot;&quot;,&quot;focal_length&quot;:&quot;0&quot;,&quot;iso&quot;:&quot;0&quot;,&quot;shutter_speed&quot;:&quot;0&quot;,&quot;title&quot;:&quot;&quot;,&quot;orientation&quot;:&quot;1&quot;}\" data-image-title=\"Selena Gomez recebe o t\u00edtulo de \u2018Mulher do Ano\u2019\" data-image-description=\"\" data-image-caption=\"&lt;p&gt;Selena Gomez recebe o t\u00edtulo de \u2018Mulher do Ano\u2019&lt;\/p&gt;\n\" data-medium-file=\"https:\/\/i0.wp.com\/agrund.com\/wp-content\/uploads\/sites\/6\/2017\/12\/Selena-Gomez-Singer02-e1512128654599.jpg?fit=200%2C300&amp;ssl=1\" data-large-file=\"https:\/\/i0.wp.com\/agrund.com\/wp-content\/uploads\/sites\/6\/2017\/12\/Selena-Gomez-Singer02-e1512128654599.jpg?fit=683%2C1024&amp;ssl=1\" decoding=\"async\" loading=\"lazy\" class=\"size-full wp-image-176217\" src=\"https:\/\/i0.wp.com\/www.agrund.com\/wp-content\/uploads\/sites\/6\/2017\/12\/Selena-Gomez-Singer02-e1512128654599.jpg?resize=600%2C900\" alt=\"\" width=\"600\" height=\"900\" data-recalc-dims=\"1\" \/><p id=\"caption-attachment-176217\" class=\"wp-caption-text\">Selena Gomez recebe o t\u00edtulo de \u2018Mulher do Ano\u2019<\/p><\/div>\n<div id=\"attachment_176218\" style=\"width: 610px\" class=\"wp-caption aligncenter\"><img aria-describedby=\"caption-attachment-176218\" data-attachment-id=\"176218\" data-permalink=\"https:\/\/agrund.com\/index.php\/selena-gomez-recebe-o-titulo-de-mulher-do-ano\/selena-gomez-singer03\/\" data-orig-file=\"https:\/\/i0.wp.com\/agrund.com\/wp-content\/uploads\/sites\/6\/2017\/12\/Selena-Gomez-Singer03-e1512128677844.jpg?fit=600%2C824&amp;ssl=1\" data-orig-size=\"600,824\" data-comments-opened=\"1\" data-image-meta=\"{&quot;aperture&quot;:&quot;0&quot;,&quot;credit&quot;:&quot;&quot;,&quot;camera&quot;:&quot;&quot;,&quot;caption&quot;:&quot;&quot;,&quot;created_timestamp&quot;:&quot;0&quot;,&quot;copyright&quot;:&quot;&quot;,&quot;focal_length&quot;:&quot;0&quot;,&quot;iso&quot;:&quot;0&quot;,&quot;shutter_speed&quot;:&quot;0&quot;,&quot;title&quot;:&quot;&quot;,&quot;orientation&quot;:&quot;1&quot;}\" data-image-title=\"Selena Gomez recebe o t\u00edtulo de \u2018Mulher do Ano\u2019\" data-image-description=\"\" data-image-caption=\"&lt;p&gt;Selena Gomez recebe o t\u00edtulo de \u2018Mulher do Ano\u2019&lt;\/p&gt;\n\" data-medium-file=\"https:\/\/i0.wp.com\/agrund.com\/wp-content\/uploads\/sites\/6\/2017\/12\/Selena-Gomez-Singer03-e1512128677844.jpg?fit=218%2C300&amp;ssl=1\" data-large-file=\"https:\/\/i0.wp.com\/agrund.com\/wp-content\/uploads\/sites\/6\/2017\/12\/Selena-Gomez-Singer03-e1512128677844.jpg?fit=745%2C1024&amp;ssl=1\" decoding=\"async\" loading=\"lazy\" class=\"size-full wp-image-176218\" src=\"https:\/\/i0.wp.com\/www.agrund.com\/wp-content\/uploads\/sites\/6\/2017\/12\/Selena-Gomez-Singer03-e1512128677844.jpg?resize=600%2C824\" alt=\"\" width=\"600\" height=\"824\" data-recalc-dims=\"1\" \/><p id=\"caption-attachment-176218\" class=\"wp-caption-text\">Selena Gomez recebe o t\u00edtulo de \u2018Mulher do Ano\u2019<\/p><\/div>\n<div id=\"attachment_176220\" style=\"width: 610px\" class=\"wp-caption aligncenter\"><img aria-describedby=\"caption-attachment-176220\" data-attachment-id=\"176220\" data-permalink=\"https:\/\/agrund.com\/index.php\/selena-gomez-recebe-o-titulo-de-mulher-do-ano\/selena-gomez-singer05\/\" data-orig-file=\"https:\/\/i0.wp.com\/agrund.com\/wp-content\/uploads\/sites\/6\/2017\/12\/Selena-Gomez-Singer05-e1512128736881.jpg?fit=600%2C841&amp;ssl=1\" data-orig-size=\"600,841\" data-comments-opened=\"1\" data-image-meta=\"{&quot;aperture&quot;:&quot;0&quot;,&quot;credit&quot;:&quot;&quot;,&quot;camera&quot;:&quot;&quot;,&quot;caption&quot;:&quot;&quot;,&quot;created_timestamp&quot;:&quot;0&quot;,&quot;copyright&quot;:&quot;&quot;,&quot;focal_length&quot;:&quot;0&quot;,&quot;iso&quot;:&quot;0&quot;,&quot;shutter_speed&quot;:&quot;0&quot;,&quot;title&quot;:&quot;&quot;,&quot;orientation&quot;:&quot;1&quot;}\" data-image-title=\"Selena Gomez recebe o t\u00edtulo de \u2018Mulher do Ano\u2019\" data-image-description=\"\" data-image-caption=\"&lt;p&gt;Selena Gomez recebe o t\u00edtulo de \u2018Mulher do Ano\u2019&lt;\/p&gt;\n\" data-medium-file=\"https:\/\/i0.wp.com\/agrund.com\/wp-content\/uploads\/sites\/6\/2017\/12\/Selena-Gomez-Singer05-e1512128736881.jpg?fit=214%2C300&amp;ssl=1\" data-large-file=\"https:\/\/i0.wp.com\/agrund.com\/wp-content\/uploads\/sites\/6\/2017\/12\/Selena-Gomez-Singer05-e1512128736881.jpg?fit=731%2C1024&amp;ssl=1\" decoding=\"async\" loading=\"lazy\" class=\"size-full wp-image-176220\" src=\"https:\/\/i0.wp.com\/www.agrund.com\/wp-content\/uploads\/sites\/6\/2017\/12\/Selena-Gomez-Singer05-e1512128736881.jpg?resize=600%2C841\" alt=\"\" width=\"600\" height=\"841\" data-recalc-dims=\"1\" \/><p id=\"caption-attachment-176220\" class=\"wp-caption-text\">Selena Gomez recebe o t\u00edtulo de \u2018Mulher do Ano\u2019<\/p><\/div>\n<div id=\"attachment_176222\" style=\"width: 610px\" class=\"wp-caption aligncenter\"><img aria-describedby=\"caption-attachment-176222\" data-attachment-id=\"176222\" data-permalink=\"https:\/\/agrund.com\/index.php\/selena-gomez-recebe-o-titulo-de-mulher-do-ano\/selena-gomez-singer07\/\" data-orig-file=\"https:\/\/i0.wp.com\/agrund.com\/wp-content\/uploads\/sites\/6\/2017\/12\/Selena-Gomez-Singer07-e1512128753228.jpg?fit=600%2C338&amp;ssl=1\" data-orig-size=\"600,338\" data-comments-opened=\"1\" data-image-meta=\"{&quot;aperture&quot;:&quot;0&quot;,&quot;credit&quot;:&quot;&quot;,&quot;camera&quot;:&quot;&quot;,&quot;caption&quot;:&quot;&quot;,&quot;created_timestamp&quot;:&quot;0&quot;,&quot;copyright&quot;:&quot;&quot;,&quot;focal_length&quot;:&quot;0&quot;,&quot;iso&quot;:&quot;0&quot;,&quot;shutter_speed&quot;:&quot;0&quot;,&quot;title&quot;:&quot;&quot;,&quot;orientation&quot;:&quot;1&quot;}\" data-image-title=\"Selena Gomez recebe o t\u00edtulo de \u2018Mulher do Ano\u2019\" data-image-description=\"\" data-image-caption=\"&lt;p&gt;Selena Gomez recebe o t\u00edtulo de \u2018Mulher do Ano\u2019&lt;\/p&gt;\n\" data-medium-file=\"https:\/\/i0.wp.com\/agrund.com\/wp-content\/uploads\/sites\/6\/2017\/12\/Selena-Gomez-Singer07-e1512128753228.jpg?fit=300%2C169&amp;ssl=1\" data-large-file=\"https:\/\/i0.wp.com\/agrund.com\/wp-content\/uploads\/sites\/6\/2017\/12\/Selena-Gomez-Singer07-e1512128753228.jpg?fit=600%2C338&amp;ssl=1\" decoding=\"async\" loading=\"lazy\" class=\"size-full wp-image-176222\" src=\"https:\/\/i0.wp.com\/www.agrund.com\/wp-content\/uploads\/sites\/6\/2017\/12\/Selena-Gomez-Singer07-e1512128753228.jpg?resize=600%2C338\" alt=\"\" width=\"600\" height=\"338\" data-recalc-dims=\"1\" \/><p id=\"caption-attachment-176222\" class=\"wp-caption-text\">Selena Gomez recebe o t\u00edtulo de \u2018Mulher do Ano\u2019<\/p><\/div>\n<div id=\"attachment_176223\" style=\"width: 610px\" class=\"wp-caption aligncenter\"><img aria-describedby=\"caption-attachment-176223\" data-attachment-id=\"176223\" data-permalink=\"https:\/\/agrund.com\/index.php\/selena-gomez-recebe-o-titulo-de-mulher-do-ano\/selena-gomez-singer08\/\" data-orig-file=\"https:\/\/i0.wp.com\/agrund.com\/wp-content\/uploads\/sites\/6\/2017\/12\/Selena-Gomez-Singer08-e1512128769209.jpg?fit=600%2C900&amp;ssl=1\" data-orig-size=\"600,900\" data-comments-opened=\"1\" data-image-meta=\"{&quot;aperture&quot;:&quot;0&quot;,&quot;credit&quot;:&quot;&quot;,&quot;camera&quot;:&quot;&quot;,&quot;caption&quot;:&quot;&quot;,&quot;created_timestamp&quot;:&quot;0&quot;,&quot;copyright&quot;:&quot;&quot;,&quot;focal_length&quot;:&quot;0&quot;,&quot;iso&quot;:&quot;0&quot;,&quot;shutter_speed&quot;:&quot;0&quot;,&quot;title&quot;:&quot;&quot;,&quot;orientation&quot;:&quot;1&quot;}\" data-image-title=\"Selena Gomez recebe o t\u00edtulo de \u2018Mulher do Ano\u2019\" data-image-description=\"\" data-image-caption=\"&lt;p&gt;Selena Gomez recebe o t\u00edtulo de \u2018Mulher do Ano\u2019&lt;\/p&gt;\n\" data-medium-file=\"https:\/\/i0.wp.com\/agrund.com\/wp-content\/uploads\/sites\/6\/2017\/12\/Selena-Gomez-Singer08-e1512128769209.jpg?fit=200%2C300&amp;ssl=1\" data-large-file=\"https:\/\/i0.wp.com\/agrund.com\/wp-content\/uploads\/sites\/6\/2017\/12\/Selena-Gomez-Singer08-e1512128769209.jpg?fit=683%2C1024&amp;ssl=1\" decoding=\"async\" loading=\"lazy\" class=\"size-full wp-image-176223\" src=\"https:\/\/i0.wp.com\/www.agrund.com\/wp-content\/uploads\/sites\/6\/2017\/12\/Selena-Gomez-Singer08-e1512128769209.jpg?resize=600%2C900\" alt=\"\" width=\"600\" height=\"900\" data-recalc-dims=\"1\" \/><p id=\"caption-attachment-176223\" class=\"wp-caption-text\">Selena Gomez recebe o t\u00edtulo de \u2018Mulher do Ano\u2019<\/p><\/div>\n<div id=\"attachment_176224\" style=\"width: 610px\" class=\"wp-caption aligncenter\"><img aria-describedby=\"caption-attachment-176224\" data-attachment-id=\"176224\" data-permalink=\"https:\/\/agrund.com\/index.php\/selena-gomez-recebe-o-titulo-de-mulher-do-ano\/selena-gomez-singer09\/\" data-orig-file=\"https:\/\/i0.wp.com\/agrund.com\/wp-content\/uploads\/sites\/6\/2017\/12\/Selena-Gomez-Singer09-e1512128786432.jpg?fit=600%2C863&amp;ssl=1\" data-orig-size=\"600,863\" data-comments-opened=\"1\" data-image-meta=\"{&quot;aperture&quot;:&quot;0&quot;,&quot;credit&quot;:&quot;&quot;,&quot;camera&quot;:&quot;&quot;,&quot;caption&quot;:&quot;&quot;,&quot;created_timestamp&quot;:&quot;0&quot;,&quot;copyright&quot;:&quot;&quot;,&quot;focal_length&quot;:&quot;0&quot;,&quot;iso&quot;:&quot;0&quot;,&quot;shutter_speed&quot;:&quot;0&quot;,&quot;title&quot;:&quot;&quot;,&quot;orientation&quot;:&quot;1&quot;}\" data-image-title=\"Selena Gomez recebe o t\u00edtulo de \u2018Mulher do Ano\u2019\" data-image-description=\"\" data-image-caption=\"&lt;p&gt;Selena Gomez recebe o t\u00edtulo de \u2018Mulher do Ano\u2019&lt;\/p&gt;\n\" data-medium-file=\"https:\/\/i0.wp.com\/agrund.com\/wp-content\/uploads\/sites\/6\/2017\/12\/Selena-Gomez-Singer09-e1512128786432.jpg?fit=209%2C300&amp;ssl=1\" data-large-file=\"https:\/\/i0.wp.com\/agrund.com\/wp-content\/uploads\/sites\/6\/2017\/12\/Selena-Gomez-Singer09-e1512128786432.jpg?fit=712%2C1024&amp;ssl=1\" decoding=\"async\" loading=\"lazy\" class=\"size-full wp-image-176224\" src=\"https:\/\/i0.wp.com\/www.agrund.com\/wp-content\/uploads\/sites\/6\/2017\/12\/Selena-Gomez-Singer09-e1512128786432.jpg?resize=600%2C863\" alt=\"\" width=\"600\" height=\"863\" data-recalc-dims=\"1\" \/><p id=\"caption-attachment-176224\" class=\"wp-caption-text\">Selena Gomez recebe o t\u00edtulo de \u2018Mulher do Ano\u2019<\/p><\/div>\n<p>Fotos: Reprodu\u00e7\u00e3o.<\/p>\n","protected":false},"excerpt":{"rendered":"<p>Se algu\u00e9m te perguntasse quem \u00e9 a mulher de ano de 2017, o que voc\u00ea responderia? De acordo com a \u2018Billboard Magazine\u2019 esse t\u00edtulo pertence a Selena Gomez. Depois de dar uma pausa na sua carreira para tratar do Lupus, fazer um transplante de rim e voltar a fazer hits, Selena recebeu esse importante t\u00edtulo [&hellip;]<\/p>\n","protected":false},"author":8,"featured_media":176225,"comment_status":"open","ping_status":"open","sticky":false,"template":"","format":"standard","meta":{"jetpack_post_was_ever_published":false,"_jetpack_newsletter_access":"","jetpack_publicize_message":"","jetpack_is_tweetstorm":false,"jetpack_publicize_feature_enabled":true,"jetpack_social_post_already_shared":true,"jetpack_social_options":{"image_generator_settings":{"template":"highway","enabled":false}}},"categories":[2],"tags":[],"jetpack_publicize_connections":[],"jetpack_featured_media_url":"https:\/\/i0.wp.com\/agrund.com\/wp-content\/uploads\/sites\/6\/2017\/12\/s-1.jpg?fit=960%2C300&ssl=1","jetpack_sharing_enabled":true,"jetpack_shortlink":"https:\/\/wp.me\/p3Hz0n-JQb","jetpack_likes_enabled":true,"_links":{"self":[{"href":"https:\/\/agrund.com\/index.php\/wp-json\/wp\/v2\/posts\/176215"}],"collection":[{"href":"https:\/\/agrund.com\/index.php\/wp-json\/wp\/v2\/posts"}],"about":[{"href":"https:\/\/agrund.com\/index.php\/wp-json\/wp\/v2\/types\/post"}],"author":[{"embeddable":true,"href":"https:\/\/agrund.com\/index.php\/wp-json\/wp\/v2\/users\/8"}],"replies":[{"embeddable":true,"href":"https:\/\/agrund.com\/index.php\/wp-json\/wp\/v2\/comments?post=176215"}],"version-history":[{"count":0,"href":"https:\/\/agrund.com\/index.php\/wp-json\/wp\/v2\/posts\/176215\/revisions"}],"wp:featuredmedia":[{"embeddable":true,"href":"https:\/\/agrund.com\/index.php\/wp-json\/wp\/v2\/media\/176225"}],"wp:attachment":[{"href":"https:\/\/agrund.com\/index.php\/wp-json\/wp\/v2\/media?parent=176215"}],"wp:term":[{"taxonomy":"category","embeddable":true,"href":"https:\/\/agrund.com\/index.php\/wp-json\/wp\/v2\/categories?post=176215"},{"taxonomy":"post_tag","embeddable":true,"href":"https:\/\/agrund.com\/index.php\/wp-json\/wp\/v2\/tags?post=176215"}],"curies":[{"name":"wp","href":"https:\/\/api.w.org\/{rel}","templated":true}]}}