{"id":176196,"date":"2017-11-30T19:00:08","date_gmt":"2017-11-30T21:00:08","guid":{"rendered":"http:\/\/www.agrund.com\/?p=176196"},"modified":"2017-11-30T13:03:37","modified_gmt":"2017-11-30T15:03:37","slug":"parceria-reune-grandes-marcas-brasileiras-de-moda-praia","status":"publish","type":"post","link":"https:\/\/agrund.com\/index.php\/parceria-reune-grandes-marcas-brasileiras-de-moda-praia\/","title":{"rendered":"Parceria re\u00fane grandes marcas brasileiras de moda praia"},"content":{"rendered":"<p>Tem uma cole\u00e7\u00e3o incr\u00edvel chegando para te ajudar a fazer bonito no ver\u00e3o. A C&amp;A convocou quatro marcas brasileiras de moda praia para lan\u00e7arem juntas a Collection 4 Mares.<\/p>\n<p>A \u00c1gua de Coco criou uma cole\u00e7\u00e3o com inspira\u00e7\u00e3o na flora e fauna brasileira, enquanto a Blue Man trouxe uma estamparia de borboletas super tropical para as pe\u00e7as. J\u00e1 a Cia. Mar\u00edtima, pegou refer\u00eancias do ArtDeco e as misturou com o clima tropical do Brasil. Por fim, a Lenny Niemeyer trouxe um pouco do Oriente sofisticado para as suas pe\u00e7as.<\/p>\n<p>O resultado n\u00e3o s\u00e3o apenas biqu\u00ednis e mai\u00f4s, mas tamb\u00e9m sa\u00eddas de praia, vestidos, bodies, t-shirts, bermudas e sungas. Sim, aqui o homem tamb\u00e9m tem vez, assim como as crian\u00e7as, que tamb\u00e9m ganharam itens especiais com pe\u00e7as com prote\u00e7\u00e3o UV.<\/p>\n<p>Gostou? A Collection 4 Mares chegou ontem (29) ao e-commerce da C&amp;A e estar\u00e1 em lojas selecionadas do Brasil, a partir de 05 de dezembro.<\/p>\n<div id=\"attachment_176202\" style=\"width: 610px\" class=\"wp-caption aligncenter\"><img aria-describedby=\"caption-attachment-176202\" data-attachment-id=\"176202\" data-permalink=\"https:\/\/agrund.com\/index.php\/parceria-reune-grandes-marcas-brasileiras-de-moda-praia\/327424_753338_2017_09_05_c_a_0693_rgb\/\" data-orig-file=\"https:\/\/i0.wp.com\/agrund.com\/wp-content\/uploads\/sites\/6\/2017\/11\/327424_753338_2017_09_05_c_a_0693_rgb.jpg?fit=600%2C383&amp;ssl=1\" data-orig-size=\"600,383\" data-comments-opened=\"1\" data-image-meta=\"{&quot;aperture&quot;:&quot;9&quot;,&quot;credit&quot;:&quot;&quot;,&quot;camera&quot;:&quot;Canon EOS 5DS&quot;,&quot;caption&quot;:&quot;&quot;,&quot;created_timestamp&quot;:&quot;1507190366&quot;,&quot;copyright&quot;:&quot;&quot;,&quot;focal_length&quot;:&quot;50&quot;,&quot;iso&quot;:&quot;200&quot;,&quot;shutter_speed&quot;:&quot;0.00625&quot;,&quot;title&quot;:&quot;&quot;,&quot;orientation&quot;:&quot;1&quot;}\" data-image-title=\"Parceria re\u00fane grandes marcas brasileiras de moda praia\" data-image-description=\"\" data-image-caption=\"&lt;p&gt;Parceria re\u00fane grandes marcas brasileiras de moda praia&lt;\/p&gt;\n\" data-medium-file=\"https:\/\/i0.wp.com\/agrund.com\/wp-content\/uploads\/sites\/6\/2017\/11\/327424_753338_2017_09_05_c_a_0693_rgb.jpg?fit=300%2C192&amp;ssl=1\" data-large-file=\"https:\/\/i0.wp.com\/agrund.com\/wp-content\/uploads\/sites\/6\/2017\/11\/327424_753338_2017_09_05_c_a_0693_rgb.jpg?fit=600%2C383&amp;ssl=1\" decoding=\"async\" loading=\"lazy\" class=\"size-full wp-image-176202\" src=\"https:\/\/i0.wp.com\/www.agrund.com\/wp-content\/uploads\/sites\/6\/2017\/11\/327424_753338_2017_09_05_c_a_0693_rgb.jpg?resize=600%2C383\" alt=\"\" width=\"600\" height=\"383\" srcset=\"https:\/\/i0.wp.com\/agrund.com\/wp-content\/uploads\/sites\/6\/2017\/11\/327424_753338_2017_09_05_c_a_0693_rgb.jpg?w=600&amp;ssl=1 600w, https:\/\/i0.wp.com\/agrund.com\/wp-content\/uploads\/sites\/6\/2017\/11\/327424_753338_2017_09_05_c_a_0693_rgb.jpg?resize=300%2C192&amp;ssl=1 300w\" sizes=\"(max-width: 600px) 100vw, 600px\" data-recalc-dims=\"1\" \/><p id=\"caption-attachment-176202\" class=\"wp-caption-text\">Parceria re\u00fane grandes marcas brasileiras de moda praia<\/p><\/div>\n<div id=\"attachment_176197\" style=\"width: 610px\" class=\"wp-caption aligncenter\"><img aria-describedby=\"caption-attachment-176197\" data-attachment-id=\"176197\" data-permalink=\"https:\/\/agrund.com\/index.php\/parceria-reune-grandes-marcas-brasileiras-de-moda-praia\/327424_753393_agua_de_coco0488_rgb\/\" data-orig-file=\"https:\/\/i0.wp.com\/agrund.com\/wp-content\/uploads\/sites\/6\/2017\/11\/327424_753393_agua_de_coco0488_rgb.jpg?fit=1891%2C2652&amp;ssl=1\" data-orig-size=\"1891,2652\" data-comments-opened=\"1\" data-image-meta=\"{&quot;aperture&quot;:&quot;7.1&quot;,&quot;credit&quot;:&quot;&quot;,&quot;camera&quot;:&quot;Canon EOS 5DS&quot;,&quot;caption&quot;:&quot;&quot;,&quot;created_timestamp&quot;:&quot;1507104571&quot;,&quot;copyright&quot;:&quot;&quot;,&quot;focal_length&quot;:&quot;42&quot;,&quot;iso&quot;:&quot;100&quot;,&quot;shutter_speed&quot;:&quot;0.005&quot;,&quot;title&quot;:&quot;&quot;,&quot;orientation&quot;:&quot;1&quot;}\" data-image-title=\"Parceria re\u00fane grandes marcas brasileiras de moda praia\" data-image-description=\"\" data-image-caption=\"&lt;p&gt;Parceria re\u00fane grandes marcas brasileiras de moda praia&lt;\/p&gt;\n\" data-medium-file=\"https:\/\/i0.wp.com\/agrund.com\/wp-content\/uploads\/sites\/6\/2017\/11\/327424_753393_agua_de_coco0488_rgb.jpg?fit=214%2C300&amp;ssl=1\" data-large-file=\"https:\/\/i0.wp.com\/agrund.com\/wp-content\/uploads\/sites\/6\/2017\/11\/327424_753393_agua_de_coco0488_rgb.jpg?fit=730%2C1024&amp;ssl=1\" decoding=\"async\" loading=\"lazy\" class=\"wp-image-176197\" src=\"https:\/\/i0.wp.com\/www.agrund.com\/wp-content\/uploads\/sites\/6\/2017\/11\/327424_753393_agua_de_coco0488_rgb.jpg?resize=600%2C841\" alt=\"\" width=\"600\" height=\"841\" srcset=\"https:\/\/i0.wp.com\/agrund.com\/wp-content\/uploads\/sites\/6\/2017\/11\/327424_753393_agua_de_coco0488_rgb.jpg?w=1891&amp;ssl=1 1891w, https:\/\/i0.wp.com\/agrund.com\/wp-content\/uploads\/sites\/6\/2017\/11\/327424_753393_agua_de_coco0488_rgb.jpg?resize=214%2C300&amp;ssl=1 214w, https:\/\/i0.wp.com\/agrund.com\/wp-content\/uploads\/sites\/6\/2017\/11\/327424_753393_agua_de_coco0488_rgb.jpg?resize=730%2C1024&amp;ssl=1 730w\" sizes=\"(max-width: 600px) 100vw, 600px\" data-recalc-dims=\"1\" \/><p id=\"caption-attachment-176197\" class=\"wp-caption-text\">Parceria re\u00fane grandes marcas brasileiras de moda praia<\/p><\/div>\n<div id=\"attachment_176198\" style=\"width: 610px\" class=\"wp-caption aligncenter\"><img aria-describedby=\"caption-attachment-176198\" data-attachment-id=\"176198\" data-permalink=\"https:\/\/agrund.com\/index.php\/parceria-reune-grandes-marcas-brasileiras-de-moda-praia\/327424_753394_2017_10_05_c_a_blueman_79_rgb\/\" data-orig-file=\"https:\/\/i0.wp.com\/agrund.com\/wp-content\/uploads\/sites\/6\/2017\/11\/327424_753394_2017_10_05_c_a_blueman_79_rgb-e1512054117819.jpg?fit=600%2C400&amp;ssl=1\" data-orig-size=\"600,400\" data-comments-opened=\"1\" data-image-meta=\"{&quot;aperture&quot;:&quot;10&quot;,&quot;credit&quot;:&quot;&quot;,&quot;camera&quot;:&quot;Canon EOS 5DS&quot;,&quot;caption&quot;:&quot;&quot;,&quot;created_timestamp&quot;:&quot;1507214158&quot;,&quot;copyright&quot;:&quot;&quot;,&quot;focal_length&quot;:&quot;41&quot;,&quot;iso&quot;:&quot;200&quot;,&quot;shutter_speed&quot;:&quot;0.0025&quot;,&quot;title&quot;:&quot;&quot;,&quot;orientation&quot;:&quot;1&quot;}\" data-image-title=\"Parceria re\u00fane grandes marcas brasileiras de moda praia\" data-image-description=\"\" data-image-caption=\"&lt;p&gt;Parceria re\u00fane grandes marcas brasileiras de moda praia&lt;\/p&gt;\n\" data-medium-file=\"https:\/\/i0.wp.com\/agrund.com\/wp-content\/uploads\/sites\/6\/2017\/11\/327424_753394_2017_10_05_c_a_blueman_79_rgb-e1512054117819.jpg?fit=300%2C200&amp;ssl=1\" data-large-file=\"https:\/\/i0.wp.com\/agrund.com\/wp-content\/uploads\/sites\/6\/2017\/11\/327424_753394_2017_10_05_c_a_blueman_79_rgb-e1512054117819.jpg?fit=1024%2C683&amp;ssl=1\" decoding=\"async\" loading=\"lazy\" class=\"size-full wp-image-176198\" src=\"https:\/\/i0.wp.com\/www.agrund.com\/wp-content\/uploads\/sites\/6\/2017\/11\/327424_753394_2017_10_05_c_a_blueman_79_rgb-e1512054117819.jpg?resize=600%2C400\" alt=\"\" width=\"600\" height=\"400\" data-recalc-dims=\"1\" \/><p id=\"caption-attachment-176198\" class=\"wp-caption-text\">Parceria re\u00fane grandes marcas brasileiras de moda praia<\/p><\/div>\n<div id=\"attachment_176199\" style=\"width: 610px\" class=\"wp-caption aligncenter\"><img aria-describedby=\"caption-attachment-176199\" data-attachment-id=\"176199\" data-permalink=\"https:\/\/agrund.com\/index.php\/parceria-reune-grandes-marcas-brasileiras-de-moda-praia\/327424_753395_2017_10_06_c_a_ciamaritima_555_rgb\/\" data-orig-file=\"https:\/\/i0.wp.com\/agrund.com\/wp-content\/uploads\/sites\/6\/2017\/11\/327424_753395_2017_10_06_c_a_ciamaritima_555_rgb-e1512054133888.jpg?fit=600%2C900&amp;ssl=1\" data-orig-size=\"600,900\" data-comments-opened=\"1\" data-image-meta=\"{&quot;aperture&quot;:&quot;10&quot;,&quot;credit&quot;:&quot;&quot;,&quot;camera&quot;:&quot;Canon EOS 5DS&quot;,&quot;caption&quot;:&quot;&quot;,&quot;created_timestamp&quot;:&quot;1507304094&quot;,&quot;copyright&quot;:&quot;&quot;,&quot;focal_length&quot;:&quot;53&quot;,&quot;iso&quot;:&quot;100&quot;,&quot;shutter_speed&quot;:&quot;0.005&quot;,&quot;title&quot;:&quot;&quot;,&quot;orientation&quot;:&quot;1&quot;}\" data-image-title=\"Parceria re\u00fane grandes marcas brasileiras de moda praia\" data-image-description=\"\" data-image-caption=\"&lt;p&gt;Parceria re\u00fane grandes marcas brasileiras de moda praia&lt;\/p&gt;\n\" data-medium-file=\"https:\/\/i0.wp.com\/agrund.com\/wp-content\/uploads\/sites\/6\/2017\/11\/327424_753395_2017_10_06_c_a_ciamaritima_555_rgb-e1512054133888.jpg?fit=200%2C300&amp;ssl=1\" data-large-file=\"https:\/\/i0.wp.com\/agrund.com\/wp-content\/uploads\/sites\/6\/2017\/11\/327424_753395_2017_10_06_c_a_ciamaritima_555_rgb-e1512054133888.jpg?fit=683%2C1024&amp;ssl=1\" decoding=\"async\" loading=\"lazy\" class=\"size-full wp-image-176199\" src=\"https:\/\/i0.wp.com\/www.agrund.com\/wp-content\/uploads\/sites\/6\/2017\/11\/327424_753395_2017_10_06_c_a_ciamaritima_555_rgb-e1512054133888.jpg?resize=600%2C900\" alt=\"\" width=\"600\" height=\"900\" data-recalc-dims=\"1\" \/><p id=\"caption-attachment-176199\" class=\"wp-caption-text\">Parceria re\u00fane grandes marcas brasileiras de moda praia<\/p><\/div>\n<div id=\"attachment_176200\" style=\"width: 610px\" class=\"wp-caption aligncenter\"><img aria-describedby=\"caption-attachment-176200\" data-attachment-id=\"176200\" data-permalink=\"https:\/\/agrund.com\/index.php\/parceria-reune-grandes-marcas-brasileiras-de-moda-praia\/327424_753396_2017_10_06_c_a_lenny_363_rgb\/\" data-orig-file=\"https:\/\/i0.wp.com\/agrund.com\/wp-content\/uploads\/sites\/6\/2017\/11\/327424_753396_2017_10_06_c_a_lenny_363_rgb-e1512054151547.jpg?fit=600%2C920&amp;ssl=1\" data-orig-size=\"600,920\" data-comments-opened=\"1\" data-image-meta=\"{&quot;aperture&quot;:&quot;13&quot;,&quot;credit&quot;:&quot;&quot;,&quot;camera&quot;:&quot;Canon EOS 5DS&quot;,&quot;caption&quot;:&quot;&quot;,&quot;created_timestamp&quot;:&quot;1507286231&quot;,&quot;copyright&quot;:&quot;&quot;,&quot;focal_length&quot;:&quot;53&quot;,&quot;iso&quot;:&quot;100&quot;,&quot;shutter_speed&quot;:&quot;0.003125&quot;,&quot;title&quot;:&quot;&quot;,&quot;orientation&quot;:&quot;1&quot;}\" data-image-title=\"Parceria re\u00fane grandes marcas brasileiras de moda praia\" data-image-description=\"\" data-image-caption=\"&lt;p&gt;Parceria re\u00fane grandes marcas brasileiras de moda praia&lt;\/p&gt;\n\" data-medium-file=\"https:\/\/i0.wp.com\/agrund.com\/wp-content\/uploads\/sites\/6\/2017\/11\/327424_753396_2017_10_06_c_a_lenny_363_rgb-e1512054151547.jpg?fit=196%2C300&amp;ssl=1\" data-large-file=\"https:\/\/i0.wp.com\/agrund.com\/wp-content\/uploads\/sites\/6\/2017\/11\/327424_753396_2017_10_06_c_a_lenny_363_rgb-e1512054151547.jpg?fit=668%2C1024&amp;ssl=1\" decoding=\"async\" loading=\"lazy\" class=\"size-full wp-image-176200\" src=\"https:\/\/i0.wp.com\/www.agrund.com\/wp-content\/uploads\/sites\/6\/2017\/11\/327424_753396_2017_10_06_c_a_lenny_363_rgb-e1512054151547.jpg?resize=600%2C920\" alt=\"\" width=\"600\" height=\"920\" data-recalc-dims=\"1\" \/><p id=\"caption-attachment-176200\" class=\"wp-caption-text\">Parceria re\u00fane grandes marcas brasileiras de moda praia<\/p><\/div>\n<div id=\"attachment_176201\" style=\"width: 610px\" class=\"wp-caption aligncenter\"><img aria-describedby=\"caption-attachment-176201\" data-attachment-id=\"176201\" data-permalink=\"https:\/\/agrund.com\/index.php\/parceria-reune-grandes-marcas-brasileiras-de-moda-praia\/327424_753334_2f2a3983\/\" data-orig-file=\"https:\/\/i0.wp.com\/agrund.com\/wp-content\/uploads\/sites\/6\/2017\/11\/327424_753334_2f2a3983.jpg?fit=600%2C900&amp;ssl=1\" data-orig-size=\"600,900\" data-comments-opened=\"1\" data-image-meta=\"{&quot;aperture&quot;:&quot;5.6&quot;,&quot;credit&quot;:&quot;&quot;,&quot;camera&quot;:&quot;Canon EOS 5D Mark III&quot;,&quot;caption&quot;:&quot;&quot;,&quot;created_timestamp&quot;:&quot;1507106797&quot;,&quot;copyright&quot;:&quot;&quot;,&quot;focal_length&quot;:&quot;50&quot;,&quot;iso&quot;:&quot;200&quot;,&quot;shutter_speed&quot;:&quot;0.001&quot;,&quot;title&quot;:&quot;&quot;,&quot;orientation&quot;:&quot;1&quot;}\" data-image-title=\"Parceria re\u00fane grandes marcas brasileiras de moda praia\" data-image-description=\"\" data-image-caption=\"&lt;p&gt;Parceria re\u00fane grandes marcas brasileiras de moda praia&lt;\/p&gt;\n\" data-medium-file=\"https:\/\/i0.wp.com\/agrund.com\/wp-content\/uploads\/sites\/6\/2017\/11\/327424_753334_2f2a3983.jpg?fit=200%2C300&amp;ssl=1\" data-large-file=\"https:\/\/i0.wp.com\/agrund.com\/wp-content\/uploads\/sites\/6\/2017\/11\/327424_753334_2f2a3983.jpg?fit=600%2C900&amp;ssl=1\" decoding=\"async\" loading=\"lazy\" class=\"size-full wp-image-176201\" src=\"https:\/\/i0.wp.com\/www.agrund.com\/wp-content\/uploads\/sites\/6\/2017\/11\/327424_753334_2f2a3983.jpg?resize=600%2C900\" alt=\"\" width=\"600\" height=\"900\" srcset=\"https:\/\/i0.wp.com\/agrund.com\/wp-content\/uploads\/sites\/6\/2017\/11\/327424_753334_2f2a3983.jpg?w=600&amp;ssl=1 600w, https:\/\/i0.wp.com\/agrund.com\/wp-content\/uploads\/sites\/6\/2017\/11\/327424_753334_2f2a3983.jpg?resize=200%2C300&amp;ssl=1 200w\" sizes=\"(max-width: 600px) 100vw, 600px\" data-recalc-dims=\"1\" \/><p id=\"caption-attachment-176201\" class=\"wp-caption-text\">Parceria re\u00fane grandes marcas brasileiras de moda praia<\/p><\/div>\n<p>Fotos: Divulga\u00e7\u00e3o.<\/p>\n","protected":false},"excerpt":{"rendered":"<p>Tem uma cole\u00e7\u00e3o incr\u00edvel chegando para te ajudar a fazer bonito no ver\u00e3o. A C&amp;A convocou quatro marcas brasileiras de moda praia para lan\u00e7arem juntas a Collection 4 Mares. A \u00c1gua de Coco criou uma cole\u00e7\u00e3o com inspira\u00e7\u00e3o na flora e fauna brasileira, enquanto a Blue Man trouxe uma estamparia de borboletas super tropical para [&hellip;]<\/p>\n","protected":false},"author":8,"featured_media":176203,"comment_status":"open","ping_status":"open","sticky":false,"template":"","format":"standard","meta":{"jetpack_post_was_ever_published":false,"_jetpack_newsletter_access":"","jetpack_publicize_message":"","jetpack_is_tweetstorm":false,"jetpack_publicize_feature_enabled":true,"jetpack_social_post_already_shared":true,"jetpack_social_options":{"image_generator_settings":{"template":"highway","enabled":false}}},"categories":[2],"tags":[],"jetpack_publicize_connections":[],"jetpack_featured_media_url":"https:\/\/i0.wp.com\/agrund.com\/wp-content\/uploads\/sites\/6\/2017\/11\/s-109.jpg?fit=960%2C300&ssl=1","jetpack_sharing_enabled":true,"jetpack_shortlink":"https:\/\/wp.me\/p3Hz0n-JPS","jetpack_likes_enabled":true,"_links":{"self":[{"href":"https:\/\/agrund.com\/index.php\/wp-json\/wp\/v2\/posts\/176196"}],"collection":[{"href":"https:\/\/agrund.com\/index.php\/wp-json\/wp\/v2\/posts"}],"about":[{"href":"https:\/\/agrund.com\/index.php\/wp-json\/wp\/v2\/types\/post"}],"author":[{"embeddable":true,"href":"https:\/\/agrund.com\/index.php\/wp-json\/wp\/v2\/users\/8"}],"replies":[{"embeddable":true,"href":"https:\/\/agrund.com\/index.php\/wp-json\/wp\/v2\/comments?post=176196"}],"version-history":[{"count":0,"href":"https:\/\/agrund.com\/index.php\/wp-json\/wp\/v2\/posts\/176196\/revisions"}],"wp:featuredmedia":[{"embeddable":true,"href":"https:\/\/agrund.com\/index.php\/wp-json\/wp\/v2\/media\/176203"}],"wp:attachment":[{"href":"https:\/\/agrund.com\/index.php\/wp-json\/wp\/v2\/media?parent=176196"}],"wp:term":[{"taxonomy":"category","embeddable":true,"href":"https:\/\/agrund.com\/index.php\/wp-json\/wp\/v2\/categories?post=176196"},{"taxonomy":"post_tag","embeddable":true,"href":"https:\/\/agrund.com\/index.php\/wp-json\/wp\/v2\/tags?post=176196"}],"curies":[{"name":"wp","href":"https:\/\/api.w.org\/{rel}","templated":true}]}}