{"id":176164,"date":"2017-11-30T11:00:51","date_gmt":"2017-11-30T13:00:51","guid":{"rendered":"http:\/\/www.agrund.com\/?p=176164"},"modified":"2017-11-30T10:21:31","modified_gmt":"2017-11-30T12:21:31","slug":"pabllo-vittar-luan-santana-di-ferrero-manu-gavassi-e-lucy-alves-juntos-em-uma-campanha","status":"publish","type":"post","link":"https:\/\/agrund.com\/index.php\/pabllo-vittar-luan-santana-di-ferrero-manu-gavassi-e-lucy-alves-juntos-em-uma-campanha\/","title":{"rendered":"Pabllo Vittar, Luan Santana, Di Ferrero, Manu Gavassi e Lucy Alves juntos em uma campanha"},"content":{"rendered":"<p>Que time! A Coca-Cola Jeans reuniu cinco artistas de peso para estrelar sua nova campanha outono\/inverno 2018. Pabllo Vittar, Luan Santana, Manu Gavassi e Lucy Alves se uniram \u00e0 Di Ferrero, que j\u00e1 \u00e9 rosto da marca h\u00e1 cinco anos. O resultado? O Studio Coke Jeans, que ir\u00e1 trazer muita moda e m\u00fasica!<\/p>\n<p>A cole\u00e7\u00e3o ser\u00e1 lan\u00e7ada em fevereiro de 2018, al\u00e9m de tr\u00eas cole\u00e7\u00e3o individuais assinadas por Di Ferrero, Manu Gavassi e Lucy Alves. Mas enquanto n\u00e3o chega, confira alguns cliques dos bastidores:<\/p>\n<div id=\"attachment_176166\" style=\"width: 560px\" class=\"wp-caption aligncenter\"><img aria-describedby=\"caption-attachment-176166\" data-attachment-id=\"176166\" data-permalink=\"https:\/\/agrund.com\/index.php\/pabllo-vittar-luan-santana-di-ferrero-manu-gavassi-e-lucy-alves-juntos-em-uma-campanha\/327366_753052_img_4260\/\" data-orig-file=\"https:\/\/i0.wp.com\/agrund.com\/wp-content\/uploads\/sites\/6\/2017\/11\/327366_753052_img_4260-e1512044354222.jpg?fit=550%2C733&amp;ssl=1\" data-orig-size=\"550,733\" data-comments-opened=\"1\" data-image-meta=\"{&quot;aperture&quot;:&quot;0&quot;,&quot;credit&quot;:&quot;&quot;,&quot;camera&quot;:&quot;&quot;,&quot;caption&quot;:&quot;&quot;,&quot;created_timestamp&quot;:&quot;0&quot;,&quot;copyright&quot;:&quot;&quot;,&quot;focal_length&quot;:&quot;0&quot;,&quot;iso&quot;:&quot;0&quot;,&quot;shutter_speed&quot;:&quot;0&quot;,&quot;title&quot;:&quot;&quot;,&quot;orientation&quot;:&quot;1&quot;}\" data-image-title=\"Pabllo Vittar, Luan Santana, Di Ferrero, Manu Gavassi e Lucy Alves juntos em uma campanha\" data-image-description=\"\" data-image-caption=\"&lt;p&gt;Pabllo Vittar, Luan Santana, Di Ferrero, Manu Gavassi e Lucy Alves juntos em uma campanha&lt;\/p&gt;\n\" data-medium-file=\"https:\/\/i0.wp.com\/agrund.com\/wp-content\/uploads\/sites\/6\/2017\/11\/327366_753052_img_4260-e1512044354222.jpg?fit=225%2C300&amp;ssl=1\" data-large-file=\"https:\/\/i0.wp.com\/agrund.com\/wp-content\/uploads\/sites\/6\/2017\/11\/327366_753052_img_4260-e1512044354222.jpg?fit=550%2C733&amp;ssl=1\" decoding=\"async\" loading=\"lazy\" class=\"size-full wp-image-176166\" src=\"https:\/\/i0.wp.com\/www.agrund.com\/wp-content\/uploads\/sites\/6\/2017\/11\/327366_753052_img_4260-e1512044354222.jpg?resize=550%2C733\" alt=\"\" width=\"550\" height=\"733\" data-recalc-dims=\"1\" \/><p id=\"caption-attachment-176166\" class=\"wp-caption-text\">Pabllo Vittar, Luan Santana, Di Ferrero, Manu Gavassi e Lucy Alves juntos em uma campanha<\/p><\/div>\n<div id=\"attachment_176167\" style=\"width: 560px\" class=\"wp-caption aligncenter\"><img aria-describedby=\"caption-attachment-176167\" data-attachment-id=\"176167\" data-permalink=\"https:\/\/agrund.com\/index.php\/pabllo-vittar-luan-santana-di-ferrero-manu-gavassi-e-lucy-alves-juntos-em-uma-campanha\/327366_753055_7516830816_img_6654\/\" data-orig-file=\"https:\/\/i0.wp.com\/agrund.com\/wp-content\/uploads\/sites\/6\/2017\/11\/327366_753055_7516830816_img_6654-e1512044369995.jpg?fit=550%2C367&amp;ssl=1\" data-orig-size=\"550,367\" data-comments-opened=\"1\" data-image-meta=\"{&quot;aperture&quot;:&quot;2.5&quot;,&quot;credit&quot;:&quot;John Deivison Photographer&quot;,&quot;camera&quot;:&quot;Canon EOS 6D&quot;,&quot;caption&quot;:&quot;&quot;,&quot;created_timestamp&quot;:&quot;1511446967&quot;,&quot;copyright&quot;:&quot;JohnDeivison.com&quot;,&quot;focal_length&quot;:&quot;50&quot;,&quot;iso&quot;:&quot;400&quot;,&quot;shutter_speed&quot;:&quot;0.008&quot;,&quot;title&quot;:&quot;&quot;,&quot;orientation&quot;:&quot;1&quot;}\" data-image-title=\"Pabllo Vittar, Luan Santana, Di Ferrero, Manu Gavassi e Lucy Alves juntos em uma campanha\" data-image-description=\"\" data-image-caption=\"&lt;p&gt;Pabllo Vittar, Luan Santana, Di Ferrero, Manu Gavassi e Lucy Alves juntos em uma campanha&lt;\/p&gt;\n\" data-medium-file=\"https:\/\/i0.wp.com\/agrund.com\/wp-content\/uploads\/sites\/6\/2017\/11\/327366_753055_7516830816_img_6654-e1512044369995.jpg?fit=300%2C200&amp;ssl=1\" data-large-file=\"https:\/\/i0.wp.com\/agrund.com\/wp-content\/uploads\/sites\/6\/2017\/11\/327366_753055_7516830816_img_6654-e1512044369995.jpg?fit=1024%2C683&amp;ssl=1\" decoding=\"async\" loading=\"lazy\" class=\"size-full wp-image-176167\" src=\"https:\/\/i0.wp.com\/www.agrund.com\/wp-content\/uploads\/sites\/6\/2017\/11\/327366_753055_7516830816_img_6654-e1512044369995.jpg?resize=550%2C367\" alt=\"\" width=\"550\" height=\"367\" data-recalc-dims=\"1\" \/><p id=\"caption-attachment-176167\" class=\"wp-caption-text\">Pabllo Vittar, Luan Santana, Di Ferrero, Manu Gavassi e Lucy Alves juntos em uma campanha<\/p><\/div>\n<div id=\"attachment_176168\" style=\"width: 560px\" class=\"wp-caption aligncenter\"><img aria-describedby=\"caption-attachment-176168\" data-attachment-id=\"176168\" data-permalink=\"https:\/\/agrund.com\/index.php\/pabllo-vittar-luan-santana-di-ferrero-manu-gavassi-e-lucy-alves-juntos-em-uma-campanha\/327366_753056_sem_ta_tulo\/\" data-orig-file=\"https:\/\/i0.wp.com\/agrund.com\/wp-content\/uploads\/sites\/6\/2017\/11\/327366_753056_sem_tA_tulo-e1512044386553.jpg?fit=550%2C510&amp;ssl=1\" data-orig-size=\"550,510\" data-comments-opened=\"1\" data-image-meta=\"{&quot;aperture&quot;:&quot;0&quot;,&quot;credit&quot;:&quot;&quot;,&quot;camera&quot;:&quot;&quot;,&quot;caption&quot;:&quot;&quot;,&quot;created_timestamp&quot;:&quot;0&quot;,&quot;copyright&quot;:&quot;&quot;,&quot;focal_length&quot;:&quot;0&quot;,&quot;iso&quot;:&quot;0&quot;,&quot;shutter_speed&quot;:&quot;0&quot;,&quot;title&quot;:&quot;&quot;,&quot;orientation&quot;:&quot;0&quot;}\" data-image-title=\"Pabllo Vittar, Luan Santana, Di Ferrero, Manu Gavassi e Lucy Alves juntos em uma campanha\" data-image-description=\"\" data-image-caption=\"&lt;p&gt;Pabllo Vittar, Luan Santana, Di Ferrero, Manu Gavassi e Lucy Alves juntos em uma campanha&lt;\/p&gt;\n\" data-medium-file=\"https:\/\/i0.wp.com\/agrund.com\/wp-content\/uploads\/sites\/6\/2017\/11\/327366_753056_sem_tA_tulo-e1512044386553.jpg?fit=300%2C278&amp;ssl=1\" data-large-file=\"https:\/\/i0.wp.com\/agrund.com\/wp-content\/uploads\/sites\/6\/2017\/11\/327366_753056_sem_tA_tulo-e1512044386553.jpg?fit=550%2C510&amp;ssl=1\" decoding=\"async\" loading=\"lazy\" class=\"size-full wp-image-176168\" src=\"https:\/\/i0.wp.com\/www.agrund.com\/wp-content\/uploads\/sites\/6\/2017\/11\/327366_753056_sem_tA_tulo-e1512044386553.jpg?resize=550%2C510\" alt=\"\" width=\"550\" height=\"510\" data-recalc-dims=\"1\" \/><p id=\"caption-attachment-176168\" class=\"wp-caption-text\">Pabllo Vittar, Luan Santana, Di Ferrero, Manu Gavassi e Lucy Alves juntos em uma campanha<\/p><\/div>\n<div id=\"attachment_176165\" style=\"width: 560px\" class=\"wp-caption aligncenter\"><img aria-describedby=\"caption-attachment-176165\" data-attachment-id=\"176165\" data-permalink=\"https:\/\/agrund.com\/index.php\/pabllo-vittar-luan-santana-di-ferrero-manu-gavassi-e-lucy-alves-juntos-em-uma-campanha\/327366_753058_7583954080_img_6579\/\" data-orig-file=\"https:\/\/i0.wp.com\/agrund.com\/wp-content\/uploads\/sites\/6\/2017\/11\/327366_753058_7583954080_img_6579-e1512044407727.jpg?fit=550%2C367&amp;ssl=1\" data-orig-size=\"550,367\" data-comments-opened=\"1\" data-image-meta=\"{&quot;aperture&quot;:&quot;2.8&quot;,&quot;credit&quot;:&quot;John Deivison Photographer&quot;,&quot;camera&quot;:&quot;Canon EOS 6D&quot;,&quot;caption&quot;:&quot;&quot;,&quot;created_timestamp&quot;:&quot;1511445283&quot;,&quot;copyright&quot;:&quot;JohnDeivison.com&quot;,&quot;focal_length&quot;:&quot;28&quot;,&quot;iso&quot;:&quot;250&quot;,&quot;shutter_speed&quot;:&quot;0.008&quot;,&quot;title&quot;:&quot;&quot;,&quot;orientation&quot;:&quot;1&quot;}\" data-image-title=\"Pabllo Vittar, Luan Santana, Di Ferrero, Manu Gavassi e Lucy Alves juntos em uma campanha\" data-image-description=\"\" data-image-caption=\"&lt;p&gt;Pabllo Vittar, Luan Santana, Di Ferrero, Manu Gavassi e Lucy Alves juntos em uma campanha&lt;\/p&gt;\n\" data-medium-file=\"https:\/\/i0.wp.com\/agrund.com\/wp-content\/uploads\/sites\/6\/2017\/11\/327366_753058_7583954080_img_6579-e1512044407727.jpg?fit=300%2C200&amp;ssl=1\" data-large-file=\"https:\/\/i0.wp.com\/agrund.com\/wp-content\/uploads\/sites\/6\/2017\/11\/327366_753058_7583954080_img_6579-e1512044407727.jpg?fit=1024%2C683&amp;ssl=1\" decoding=\"async\" loading=\"lazy\" class=\"size-full wp-image-176165\" src=\"https:\/\/i0.wp.com\/www.agrund.com\/wp-content\/uploads\/sites\/6\/2017\/11\/327366_753058_7583954080_img_6579-e1512044407727.jpg?resize=550%2C367\" alt=\"\" width=\"550\" height=\"367\" data-recalc-dims=\"1\" \/><p id=\"caption-attachment-176165\" class=\"wp-caption-text\">Pabllo Vittar, Luan Santana, Di Ferrero, Manu Gavassi e Lucy Alves juntos em uma campanha<\/p><\/div>\n<p>Fotos: Divulga\u00e7\u00e3o.<\/p>\n","protected":false},"excerpt":{"rendered":"<p>Que time! A Coca-Cola Jeans reuniu cinco artistas de peso para estrelar sua nova campanha outono\/inverno 2018. Pabllo Vittar, Luan Santana, Manu Gavassi e Lucy Alves se uniram \u00e0 Di Ferrero, que j\u00e1 \u00e9 rosto da marca h\u00e1 cinco anos. O resultado? O Studio Coke Jeans, que ir\u00e1 trazer muita moda e m\u00fasica! A cole\u00e7\u00e3o [&hellip;]<\/p>\n","protected":false},"author":8,"featured_media":176169,"comment_status":"open","ping_status":"open","sticky":false,"template":"","format":"standard","meta":{"jetpack_post_was_ever_published":false,"_jetpack_newsletter_access":"","jetpack_publicize_message":"","jetpack_is_tweetstorm":false,"jetpack_publicize_feature_enabled":true,"jetpack_social_post_already_shared":true,"jetpack_social_options":{"image_generator_settings":{"template":"highway","enabled":false}}},"categories":[2],"tags":[],"jetpack_publicize_connections":[],"jetpack_featured_media_url":"https:\/\/i0.wp.com\/agrund.com\/wp-content\/uploads\/sites\/6\/2017\/11\/s-106.jpg?fit=960%2C300&ssl=1","jetpack_sharing_enabled":true,"jetpack_shortlink":"https:\/\/wp.me\/p3Hz0n-JPm","jetpack_likes_enabled":true,"_links":{"self":[{"href":"https:\/\/agrund.com\/index.php\/wp-json\/wp\/v2\/posts\/176164"}],"collection":[{"href":"https:\/\/agrund.com\/index.php\/wp-json\/wp\/v2\/posts"}],"about":[{"href":"https:\/\/agrund.com\/index.php\/wp-json\/wp\/v2\/types\/post"}],"author":[{"embeddable":true,"href":"https:\/\/agrund.com\/index.php\/wp-json\/wp\/v2\/users\/8"}],"replies":[{"embeddable":true,"href":"https:\/\/agrund.com\/index.php\/wp-json\/wp\/v2\/comments?post=176164"}],"version-history":[{"count":0,"href":"https:\/\/agrund.com\/index.php\/wp-json\/wp\/v2\/posts\/176164\/revisions"}],"wp:featuredmedia":[{"embeddable":true,"href":"https:\/\/agrund.com\/index.php\/wp-json\/wp\/v2\/media\/176169"}],"wp:attachment":[{"href":"https:\/\/agrund.com\/index.php\/wp-json\/wp\/v2\/media?parent=176164"}],"wp:term":[{"taxonomy":"category","embeddable":true,"href":"https:\/\/agrund.com\/index.php\/wp-json\/wp\/v2\/categories?post=176164"},{"taxonomy":"post_tag","embeddable":true,"href":"https:\/\/agrund.com\/index.php\/wp-json\/wp\/v2\/tags?post=176164"}],"curies":[{"name":"wp","href":"https:\/\/api.w.org\/{rel}","templated":true}]}}