{"id":176118,"date":"2017-11-29T10:00:35","date_gmt":"2017-11-29T12:00:35","guid":{"rendered":"http:\/\/www.agrund.com\/?p=176118"},"modified":"2017-11-29T08:49:30","modified_gmt":"2017-11-29T10:49:30","slug":"o-natal-da-prada","status":"publish","type":"post","link":"https:\/\/agrund.com\/index.php\/o-natal-da-prada\/","title":{"rendered":"O Natal da Prada"},"content":{"rendered":"<p>Depois de rodar o mundo, a Prada traz ao Brasil a sua cole\u00e7\u00e3o especial de final de ano. A marca abre nesta sexta-feira (01) uma pop-up store no Shopping Iguatemi para vender com exclusividades as pe\u00e7as da linha.<\/p>\n<p>Procurando um presente de Natal? Dentre as pe\u00e7as est\u00e3o bolsas, mochilas, necessaires e chaveiros, feito em jeans, palha e com o nome da marca em parches coloridos. \u00c9 a cara do ver\u00e3o! A pop-up store fica aberta at\u00e9 o dia 23\/12.<\/p>\n<div id=\"attachment_176119\" style=\"width: 610px\" class=\"wp-caption aligncenter\"><img aria-describedby=\"caption-attachment-176119\" data-attachment-id=\"176119\" data-permalink=\"https:\/\/agrund.com\/index.php\/o-natal-da-prada\/prada-14\/\" data-orig-file=\"https:\/\/i0.wp.com\/agrund.com\/wp-content\/uploads\/sites\/6\/2017\/11\/prada-e1511952462405.jpg?fit=600%2C387&amp;ssl=1\" data-orig-size=\"600,387\" data-comments-opened=\"1\" data-image-meta=\"{&quot;aperture&quot;:&quot;0&quot;,&quot;credit&quot;:&quot;&quot;,&quot;camera&quot;:&quot;&quot;,&quot;caption&quot;:&quot;&quot;,&quot;created_timestamp&quot;:&quot;0&quot;,&quot;copyright&quot;:&quot;&quot;,&quot;focal_length&quot;:&quot;0&quot;,&quot;iso&quot;:&quot;0&quot;,&quot;shutter_speed&quot;:&quot;0&quot;,&quot;title&quot;:&quot;&quot;,&quot;orientation&quot;:&quot;0&quot;}\" data-image-title=\"O Natal da Prada\" data-image-description=\"\" data-image-caption=\"&lt;p&gt;O Natal da Prada&lt;\/p&gt;\n\" data-medium-file=\"https:\/\/i0.wp.com\/agrund.com\/wp-content\/uploads\/sites\/6\/2017\/11\/prada-e1511952462405.jpg?fit=300%2C194&amp;ssl=1\" data-large-file=\"https:\/\/i0.wp.com\/agrund.com\/wp-content\/uploads\/sites\/6\/2017\/11\/prada-e1511952462405.jpg?fit=600%2C387&amp;ssl=1\" decoding=\"async\" loading=\"lazy\" class=\"size-full wp-image-176119\" src=\"https:\/\/i0.wp.com\/www.agrund.com\/wp-content\/uploads\/sites\/6\/2017\/11\/prada-e1511952462405.jpg?resize=600%2C387\" alt=\"\" width=\"600\" height=\"387\" data-recalc-dims=\"1\" \/><p id=\"caption-attachment-176119\" class=\"wp-caption-text\">O Natal da Prada<\/p><\/div>\n<p>Foto: Reprodu\u00e7\u00e3o.<\/p>\n","protected":false},"excerpt":{"rendered":"<p>Depois de rodar o mundo, a Prada traz ao Brasil a sua cole\u00e7\u00e3o especial de final de ano. A marca abre nesta sexta-feira (01) uma pop-up store no Shopping Iguatemi para vender com exclusividades as pe\u00e7as da linha. Procurando um presente de Natal? Dentre as pe\u00e7as est\u00e3o bolsas, mochilas, necessaires e chaveiros, feito em jeans, [&hellip;]<\/p>\n","protected":false},"author":8,"featured_media":176120,"comment_status":"open","ping_status":"open","sticky":false,"template":"","format":"standard","meta":{"jetpack_post_was_ever_published":false,"_jetpack_newsletter_access":"","jetpack_publicize_message":"","jetpack_is_tweetstorm":false,"jetpack_publicize_feature_enabled":true,"jetpack_social_post_already_shared":true,"jetpack_social_options":{"image_generator_settings":{"template":"highway","enabled":false}}},"categories":[2],"tags":[],"jetpack_publicize_connections":[],"jetpack_featured_media_url":"https:\/\/i0.wp.com\/agrund.com\/wp-content\/uploads\/sites\/6\/2017\/11\/s-101.jpg?fit=960%2C300&ssl=1","jetpack_sharing_enabled":true,"jetpack_shortlink":"https:\/\/wp.me\/p3Hz0n-JOC","jetpack_likes_enabled":true,"_links":{"self":[{"href":"https:\/\/agrund.com\/index.php\/wp-json\/wp\/v2\/posts\/176118"}],"collection":[{"href":"https:\/\/agrund.com\/index.php\/wp-json\/wp\/v2\/posts"}],"about":[{"href":"https:\/\/agrund.com\/index.php\/wp-json\/wp\/v2\/types\/post"}],"author":[{"embeddable":true,"href":"https:\/\/agrund.com\/index.php\/wp-json\/wp\/v2\/users\/8"}],"replies":[{"embeddable":true,"href":"https:\/\/agrund.com\/index.php\/wp-json\/wp\/v2\/comments?post=176118"}],"version-history":[{"count":0,"href":"https:\/\/agrund.com\/index.php\/wp-json\/wp\/v2\/posts\/176118\/revisions"}],"wp:featuredmedia":[{"embeddable":true,"href":"https:\/\/agrund.com\/index.php\/wp-json\/wp\/v2\/media\/176120"}],"wp:attachment":[{"href":"https:\/\/agrund.com\/index.php\/wp-json\/wp\/v2\/media?parent=176118"}],"wp:term":[{"taxonomy":"category","embeddable":true,"href":"https:\/\/agrund.com\/index.php\/wp-json\/wp\/v2\/categories?post=176118"},{"taxonomy":"post_tag","embeddable":true,"href":"https:\/\/agrund.com\/index.php\/wp-json\/wp\/v2\/tags?post=176118"}],"curies":[{"name":"wp","href":"https:\/\/api.w.org\/{rel}","templated":true}]}}