{"id":176116,"date":"2017-11-29T13:00:50","date_gmt":"2017-11-29T15:00:50","guid":{"rendered":"http:\/\/www.agrund.com\/?p=176116"},"modified":"2017-11-29T08:31:22","modified_gmt":"2017-11-29T10:31:22","slug":"lancamento-as-armadilhas-da-moda-2","status":"publish","type":"post","link":"https:\/\/agrund.com\/index.php\/lancamento-as-armadilhas-da-moda-2\/","title":{"rendered":"Lan\u00e7amento :: \u2018As Armadilhas da Moda\u2019"},"content":{"rendered":"<p>\u00c9 hoje! Como eu j\u00e1 contei <a href=\"http:\/\/www.agrund.com\/vou-lancar-meu-segundo-livro\/\" target=\"_blank\" rel=\"noopener\">AQUI<\/a> que estou lan\u00e7ando meu novo livro, chamado \u2018As Armadilhas da Moda\u2019 Para comemorar este momento t\u00e3o importante, estarei hoje (29), em uma noite de aut\u00f3grafos na Livraria Cultura do Conjunto Nacional, em S\u00e3o Paulo. Vamos nos encontrar?<\/p>\n<p>Confira todas as informa\u00e7\u00f5es:<\/p>\n<div id=\"attachment_175909\" style=\"width: 610px\" class=\"wp-caption aligncenter\"><img aria-describedby=\"caption-attachment-175909\" data-attachment-id=\"175909\" data-permalink=\"https:\/\/agrund.com\/index.php\/lancamento-as-armadilhas-da-moda\/haha\/\" data-orig-file=\"https:\/\/i0.wp.com\/agrund.com\/wp-content\/uploads\/sites\/6\/2017\/11\/haha-e1511370190401.jpeg?fit=600%2C572&amp;ssl=1\" data-orig-size=\"600,572\" data-comments-opened=\"1\" data-image-meta=\"{&quot;aperture&quot;:&quot;0&quot;,&quot;credit&quot;:&quot;&quot;,&quot;camera&quot;:&quot;&quot;,&quot;caption&quot;:&quot;&quot;,&quot;created_timestamp&quot;:&quot;0&quot;,&quot;copyright&quot;:&quot;&quot;,&quot;focal_length&quot;:&quot;0&quot;,&quot;iso&quot;:&quot;0&quot;,&quot;shutter_speed&quot;:&quot;0&quot;,&quot;title&quot;:&quot;&quot;,&quot;orientation&quot;:&quot;0&quot;}\" data-image-title=\"Lan\u00e7amento :: \u2018As Armadilhas da Moda\u2019\" data-image-description=\"\" data-image-caption=\"&lt;p&gt;Lan\u00e7amento :: \u2018As Armadilhas da Moda\u2019&lt;\/p&gt;\n\" data-medium-file=\"https:\/\/i0.wp.com\/agrund.com\/wp-content\/uploads\/sites\/6\/2017\/11\/haha-e1511370190401.jpeg?fit=300%2C286&amp;ssl=1\" data-large-file=\"https:\/\/i0.wp.com\/agrund.com\/wp-content\/uploads\/sites\/6\/2017\/11\/haha-e1511370190401.jpeg?fit=600%2C572&amp;ssl=1\" decoding=\"async\" loading=\"lazy\" class=\"size-full wp-image-175909\" src=\"https:\/\/i0.wp.com\/www.agrund.com\/wp-content\/uploads\/sites\/6\/2017\/11\/haha-e1511370190401.jpeg?resize=600%2C572\" alt=\"\" width=\"600\" height=\"572\" data-recalc-dims=\"1\" \/><p id=\"caption-attachment-175909\" class=\"wp-caption-text\">Lan\u00e7amento :: \u2018As Armadilhas da Moda\u2019<\/p><\/div>\n<p>Fotos: Agrund.com<\/p>\n","protected":false},"excerpt":{"rendered":"<p>\u00c9 hoje! Como eu j\u00e1 contei AQUI que estou lan\u00e7ando meu novo livro, chamado \u2018As Armadilhas da Moda\u2019 Para comemorar este momento t\u00e3o importante, estarei hoje (29), em uma noite de aut\u00f3grafos na Livraria Cultura do Conjunto Nacional, em S\u00e3o Paulo. Vamos nos encontrar? Confira todas as informa\u00e7\u00f5es: Fotos: Agrund.com<\/p>\n","protected":false},"author":8,"featured_media":175908,"comment_status":"open","ping_status":"open","sticky":false,"template":"","format":"standard","meta":{"jetpack_post_was_ever_published":false,"_jetpack_newsletter_access":"","jetpack_publicize_message":"","jetpack_is_tweetstorm":false,"jetpack_publicize_feature_enabled":true,"jetpack_social_post_already_shared":true,"jetpack_social_options":{"image_generator_settings":{"template":"highway","enabled":false}}},"categories":[2],"tags":[],"jetpack_publicize_connections":[],"jetpack_featured_media_url":"https:\/\/i0.wp.com\/agrund.com\/wp-content\/uploads\/sites\/6\/2017\/11\/s-77.jpg?fit=960%2C300&ssl=1","jetpack_sharing_enabled":true,"jetpack_shortlink":"https:\/\/wp.me\/p3Hz0n-JOA","jetpack_likes_enabled":true,"_links":{"self":[{"href":"https:\/\/agrund.com\/index.php\/wp-json\/wp\/v2\/posts\/176116"}],"collection":[{"href":"https:\/\/agrund.com\/index.php\/wp-json\/wp\/v2\/posts"}],"about":[{"href":"https:\/\/agrund.com\/index.php\/wp-json\/wp\/v2\/types\/post"}],"author":[{"embeddable":true,"href":"https:\/\/agrund.com\/index.php\/wp-json\/wp\/v2\/users\/8"}],"replies":[{"embeddable":true,"href":"https:\/\/agrund.com\/index.php\/wp-json\/wp\/v2\/comments?post=176116"}],"version-history":[{"count":0,"href":"https:\/\/agrund.com\/index.php\/wp-json\/wp\/v2\/posts\/176116\/revisions"}],"wp:featuredmedia":[{"embeddable":true,"href":"https:\/\/agrund.com\/index.php\/wp-json\/wp\/v2\/media\/175908"}],"wp:attachment":[{"href":"https:\/\/agrund.com\/index.php\/wp-json\/wp\/v2\/media?parent=176116"}],"wp:term":[{"taxonomy":"category","embeddable":true,"href":"https:\/\/agrund.com\/index.php\/wp-json\/wp\/v2\/categories?post=176116"},{"taxonomy":"post_tag","embeddable":true,"href":"https:\/\/agrund.com\/index.php\/wp-json\/wp\/v2\/tags?post=176116"}],"curies":[{"name":"wp","href":"https:\/\/api.w.org\/{rel}","templated":true}]}}