{"id":176082,"date":"2017-11-28T13:00:51","date_gmt":"2017-11-28T15:00:51","guid":{"rendered":"http:\/\/www.agrund.com\/?p=176082"},"modified":"2017-11-28T10:46:32","modified_gmt":"2017-11-28T12:46:32","slug":"os-jardins-de-emilia-clarke","status":"publish","type":"post","link":"https:\/\/agrund.com\/index.php\/os-jardins-de-emilia-clarke\/","title":{"rendered":"Os jardins de Emilia Clarke"},"content":{"rendered":"<p>A \u2018Harper\u2019s Bazar\u2019 americana convocou Emilia Clarke para estrelar a sua \u00faltima edi\u00e7\u00e3o de 2017. Na capa, a atriz de \u2018Game Of Thrones\u2019 aparece deslumbrante em meio a muitas flores nos tons rosa e branco.<\/p>\n<p>Todo o editorial foi fotografado em meio a jardins verdes e floridos. Emilia aparece cuidando das plantas e at\u00e9 pintando quadros. Sempre com vestidos floridos ou em tons pastel, de marcas como Dolce &amp; Gabbana, Giambattista Valli, Valentino e Bottega Veneta.<\/p>\n<p>Veja os cliques na galeria abaixo:<\/p>\n<div id=\"attachment_176083\" style=\"width: 610px\" class=\"wp-caption aligncenter\"><img aria-describedby=\"caption-attachment-176083\" data-attachment-id=\"176083\" data-permalink=\"https:\/\/agrund.com\/index.php\/os-jardins-de-emilia-clarke\/emilia-clarke-actress01\/\" data-orig-file=\"https:\/\/i0.wp.com\/agrund.com\/wp-content\/uploads\/sites\/6\/2017\/11\/Emilia-Clarke-Actress01-e1511873042949.jpg?fit=600%2C725&amp;ssl=1\" data-orig-size=\"600,725\" data-comments-opened=\"1\" data-image-meta=\"{&quot;aperture&quot;:&quot;0&quot;,&quot;credit&quot;:&quot;&quot;,&quot;camera&quot;:&quot;&quot;,&quot;caption&quot;:&quot;&quot;,&quot;created_timestamp&quot;:&quot;0&quot;,&quot;copyright&quot;:&quot;&quot;,&quot;focal_length&quot;:&quot;0&quot;,&quot;iso&quot;:&quot;0&quot;,&quot;shutter_speed&quot;:&quot;0&quot;,&quot;title&quot;:&quot;&quot;,&quot;orientation&quot;:&quot;1&quot;}\" data-image-title=\"Os jardins de Emilia Clarke\" data-image-description=\"\" data-image-caption=\"&lt;p&gt;Os jardins de Emilia Clarke&lt;\/p&gt;\n\" data-medium-file=\"https:\/\/i0.wp.com\/agrund.com\/wp-content\/uploads\/sites\/6\/2017\/11\/Emilia-Clarke-Actress01-e1511873042949.jpg?fit=248%2C300&amp;ssl=1\" data-large-file=\"https:\/\/i0.wp.com\/agrund.com\/wp-content\/uploads\/sites\/6\/2017\/11\/Emilia-Clarke-Actress01-e1511873042949.jpg?fit=600%2C725&amp;ssl=1\" decoding=\"async\" loading=\"lazy\" class=\"size-full wp-image-176083\" src=\"https:\/\/i0.wp.com\/www.agrund.com\/wp-content\/uploads\/sites\/6\/2017\/11\/Emilia-Clarke-Actress01-e1511873042949.jpg?resize=600%2C725\" alt=\"\" width=\"600\" height=\"725\" data-recalc-dims=\"1\" \/><p id=\"caption-attachment-176083\" class=\"wp-caption-text\">Os jardins de Emilia Clarke<\/p><\/div>\n<div id=\"attachment_176084\" style=\"width: 610px\" class=\"wp-caption aligncenter\"><img aria-describedby=\"caption-attachment-176084\" data-attachment-id=\"176084\" data-permalink=\"https:\/\/agrund.com\/index.php\/os-jardins-de-emilia-clarke\/emilia-clarke-actress02\/\" data-orig-file=\"https:\/\/i0.wp.com\/agrund.com\/wp-content\/uploads\/sites\/6\/2017\/11\/Emilia-Clarke-Actress02-e1511873054577.jpg?fit=600%2C734&amp;ssl=1\" data-orig-size=\"600,734\" data-comments-opened=\"1\" data-image-meta=\"{&quot;aperture&quot;:&quot;0&quot;,&quot;credit&quot;:&quot;&quot;,&quot;camera&quot;:&quot;&quot;,&quot;caption&quot;:&quot;&quot;,&quot;created_timestamp&quot;:&quot;0&quot;,&quot;copyright&quot;:&quot;&quot;,&quot;focal_length&quot;:&quot;0&quot;,&quot;iso&quot;:&quot;0&quot;,&quot;shutter_speed&quot;:&quot;0&quot;,&quot;title&quot;:&quot;&quot;,&quot;orientation&quot;:&quot;1&quot;}\" data-image-title=\"Os jardins de Emilia Clarke\" data-image-description=\"\" data-image-caption=\"&lt;p&gt;Os jardins de Emilia Clarke&lt;\/p&gt;\n\" data-medium-file=\"https:\/\/i0.wp.com\/agrund.com\/wp-content\/uploads\/sites\/6\/2017\/11\/Emilia-Clarke-Actress02-e1511873054577.jpg?fit=245%2C300&amp;ssl=1\" data-large-file=\"https:\/\/i0.wp.com\/agrund.com\/wp-content\/uploads\/sites\/6\/2017\/11\/Emilia-Clarke-Actress02-e1511873054577.jpg?fit=600%2C734&amp;ssl=1\" decoding=\"async\" loading=\"lazy\" class=\"size-full wp-image-176084\" src=\"https:\/\/i0.wp.com\/www.agrund.com\/wp-content\/uploads\/sites\/6\/2017\/11\/Emilia-Clarke-Actress02-e1511873054577.jpg?resize=600%2C734\" alt=\"\" width=\"600\" height=\"734\" data-recalc-dims=\"1\" \/><p id=\"caption-attachment-176084\" class=\"wp-caption-text\">Os jardins de Emilia Clarke<\/p><\/div>\n<div id=\"attachment_176085\" style=\"width: 610px\" class=\"wp-caption aligncenter\"><img aria-describedby=\"caption-attachment-176085\" data-attachment-id=\"176085\" data-permalink=\"https:\/\/agrund.com\/index.php\/os-jardins-de-emilia-clarke\/emilia-clarke-actress03\/\" data-orig-file=\"https:\/\/i0.wp.com\/agrund.com\/wp-content\/uploads\/sites\/6\/2017\/11\/Emilia-Clarke-Actress03-e1511873067877.jpg?fit=600%2C794&amp;ssl=1\" data-orig-size=\"600,794\" data-comments-opened=\"1\" data-image-meta=\"{&quot;aperture&quot;:&quot;0&quot;,&quot;credit&quot;:&quot;&quot;,&quot;camera&quot;:&quot;&quot;,&quot;caption&quot;:&quot;&quot;,&quot;created_timestamp&quot;:&quot;0&quot;,&quot;copyright&quot;:&quot;&quot;,&quot;focal_length&quot;:&quot;0&quot;,&quot;iso&quot;:&quot;0&quot;,&quot;shutter_speed&quot;:&quot;0&quot;,&quot;title&quot;:&quot;&quot;,&quot;orientation&quot;:&quot;1&quot;}\" data-image-title=\"Os jardins de Emilia Clarke\" data-image-description=\"\" data-image-caption=\"&lt;p&gt;Os jardins de Emilia Clarke&lt;\/p&gt;\n\" data-medium-file=\"https:\/\/i0.wp.com\/agrund.com\/wp-content\/uploads\/sites\/6\/2017\/11\/Emilia-Clarke-Actress03-e1511873067877.jpg?fit=227%2C300&amp;ssl=1\" data-large-file=\"https:\/\/i0.wp.com\/agrund.com\/wp-content\/uploads\/sites\/6\/2017\/11\/Emilia-Clarke-Actress03-e1511873067877.jpg?fit=773%2C1024&amp;ssl=1\" decoding=\"async\" loading=\"lazy\" class=\"size-full wp-image-176085\" src=\"https:\/\/i0.wp.com\/www.agrund.com\/wp-content\/uploads\/sites\/6\/2017\/11\/Emilia-Clarke-Actress03-e1511873067877.jpg?resize=600%2C794\" alt=\"\" width=\"600\" height=\"794\" data-recalc-dims=\"1\" \/><p id=\"caption-attachment-176085\" class=\"wp-caption-text\">Os jardins de Emilia Clarke<\/p><\/div>\n<div id=\"attachment_176086\" style=\"width: 610px\" class=\"wp-caption aligncenter\"><img aria-describedby=\"caption-attachment-176086\" data-attachment-id=\"176086\" data-permalink=\"https:\/\/agrund.com\/index.php\/os-jardins-de-emilia-clarke\/emilia-clarke-actress04\/\" data-orig-file=\"https:\/\/i0.wp.com\/agrund.com\/wp-content\/uploads\/sites\/6\/2017\/11\/Emilia-Clarke-Actress04-e1511873080135.jpg?fit=600%2C731&amp;ssl=1\" data-orig-size=\"600,731\" data-comments-opened=\"1\" data-image-meta=\"{&quot;aperture&quot;:&quot;0&quot;,&quot;credit&quot;:&quot;&quot;,&quot;camera&quot;:&quot;&quot;,&quot;caption&quot;:&quot;&quot;,&quot;created_timestamp&quot;:&quot;0&quot;,&quot;copyright&quot;:&quot;&quot;,&quot;focal_length&quot;:&quot;0&quot;,&quot;iso&quot;:&quot;0&quot;,&quot;shutter_speed&quot;:&quot;0&quot;,&quot;title&quot;:&quot;&quot;,&quot;orientation&quot;:&quot;1&quot;}\" data-image-title=\"Os jardins de Emilia Clarke\" data-image-description=\"\" data-image-caption=\"&lt;p&gt;Os jardins de Emilia Clarke&lt;\/p&gt;\n\" data-medium-file=\"https:\/\/i0.wp.com\/agrund.com\/wp-content\/uploads\/sites\/6\/2017\/11\/Emilia-Clarke-Actress04-e1511873080135.jpg?fit=246%2C300&amp;ssl=1\" data-large-file=\"https:\/\/i0.wp.com\/agrund.com\/wp-content\/uploads\/sites\/6\/2017\/11\/Emilia-Clarke-Actress04-e1511873080135.jpg?fit=600%2C731&amp;ssl=1\" decoding=\"async\" loading=\"lazy\" class=\"size-full wp-image-176086\" src=\"https:\/\/i0.wp.com\/www.agrund.com\/wp-content\/uploads\/sites\/6\/2017\/11\/Emilia-Clarke-Actress04-e1511873080135.jpg?resize=600%2C731\" alt=\"\" width=\"600\" height=\"731\" data-recalc-dims=\"1\" \/><p id=\"caption-attachment-176086\" class=\"wp-caption-text\">Os jardins de Emilia Clarke<\/p><\/div>\n<div id=\"attachment_176087\" style=\"width: 610px\" class=\"wp-caption aligncenter\"><img aria-describedby=\"caption-attachment-176087\" data-attachment-id=\"176087\" data-permalink=\"https:\/\/agrund.com\/index.php\/os-jardins-de-emilia-clarke\/emilia-clarke-actress05\/\" data-orig-file=\"https:\/\/i0.wp.com\/agrund.com\/wp-content\/uploads\/sites\/6\/2017\/11\/Emilia-Clarke-Actress05-e1511873097529.jpg?fit=600%2C731&amp;ssl=1\" data-orig-size=\"600,731\" data-comments-opened=\"1\" data-image-meta=\"{&quot;aperture&quot;:&quot;0&quot;,&quot;credit&quot;:&quot;&quot;,&quot;camera&quot;:&quot;&quot;,&quot;caption&quot;:&quot;&quot;,&quot;created_timestamp&quot;:&quot;0&quot;,&quot;copyright&quot;:&quot;&quot;,&quot;focal_length&quot;:&quot;0&quot;,&quot;iso&quot;:&quot;0&quot;,&quot;shutter_speed&quot;:&quot;0&quot;,&quot;title&quot;:&quot;&quot;,&quot;orientation&quot;:&quot;1&quot;}\" data-image-title=\"Os jardins de Emilia Clarke\" data-image-description=\"\" data-image-caption=\"&lt;p&gt;Os jardins de Emilia Clarke&lt;\/p&gt;\n\" data-medium-file=\"https:\/\/i0.wp.com\/agrund.com\/wp-content\/uploads\/sites\/6\/2017\/11\/Emilia-Clarke-Actress05-e1511873097529.jpg?fit=246%2C300&amp;ssl=1\" data-large-file=\"https:\/\/i0.wp.com\/agrund.com\/wp-content\/uploads\/sites\/6\/2017\/11\/Emilia-Clarke-Actress05-e1511873097529.jpg?fit=600%2C731&amp;ssl=1\" decoding=\"async\" loading=\"lazy\" class=\"size-full wp-image-176087\" src=\"https:\/\/i0.wp.com\/www.agrund.com\/wp-content\/uploads\/sites\/6\/2017\/11\/Emilia-Clarke-Actress05-e1511873097529.jpg?resize=600%2C731\" alt=\"\" width=\"600\" height=\"731\" data-recalc-dims=\"1\" \/><p id=\"caption-attachment-176087\" class=\"wp-caption-text\">Os jardins de Emilia Clarke<\/p><\/div>\n<p>Fotos: Reprodu\u00e7\u00e3o.<\/p>\n","protected":false},"excerpt":{"rendered":"<p>A \u2018Harper\u2019s Bazar\u2019 americana convocou Emilia Clarke para estrelar a sua \u00faltima edi\u00e7\u00e3o de 2017. Na capa, a atriz de \u2018Game Of Thrones\u2019 aparece deslumbrante em meio a muitas flores nos tons rosa e branco. Todo o editorial foi fotografado em meio a jardins verdes e floridos. Emilia aparece cuidando das plantas e at\u00e9 pintando [&hellip;]<\/p>\n","protected":false},"author":8,"featured_media":176088,"comment_status":"open","ping_status":"open","sticky":false,"template":"","format":"standard","meta":{"jetpack_post_was_ever_published":false,"_jetpack_newsletter_access":"","jetpack_publicize_message":"","jetpack_is_tweetstorm":false,"jetpack_publicize_feature_enabled":true,"jetpack_social_post_already_shared":true,"jetpack_social_options":{"image_generator_settings":{"template":"highway","enabled":false}}},"categories":[2],"tags":[],"jetpack_publicize_connections":[],"jetpack_featured_media_url":"https:\/\/i0.wp.com\/agrund.com\/wp-content\/uploads\/sites\/6\/2017\/11\/s-97.jpg?fit=960%2C300&ssl=1","jetpack_sharing_enabled":true,"jetpack_shortlink":"https:\/\/wp.me\/p3Hz0n-JO2","jetpack_likes_enabled":true,"_links":{"self":[{"href":"https:\/\/agrund.com\/index.php\/wp-json\/wp\/v2\/posts\/176082"}],"collection":[{"href":"https:\/\/agrund.com\/index.php\/wp-json\/wp\/v2\/posts"}],"about":[{"href":"https:\/\/agrund.com\/index.php\/wp-json\/wp\/v2\/types\/post"}],"author":[{"embeddable":true,"href":"https:\/\/agrund.com\/index.php\/wp-json\/wp\/v2\/users\/8"}],"replies":[{"embeddable":true,"href":"https:\/\/agrund.com\/index.php\/wp-json\/wp\/v2\/comments?post=176082"}],"version-history":[{"count":0,"href":"https:\/\/agrund.com\/index.php\/wp-json\/wp\/v2\/posts\/176082\/revisions"}],"wp:featuredmedia":[{"embeddable":true,"href":"https:\/\/agrund.com\/index.php\/wp-json\/wp\/v2\/media\/176088"}],"wp:attachment":[{"href":"https:\/\/agrund.com\/index.php\/wp-json\/wp\/v2\/media?parent=176082"}],"wp:term":[{"taxonomy":"category","embeddable":true,"href":"https:\/\/agrund.com\/index.php\/wp-json\/wp\/v2\/categories?post=176082"},{"taxonomy":"post_tag","embeddable":true,"href":"https:\/\/agrund.com\/index.php\/wp-json\/wp\/v2\/tags?post=176082"}],"curies":[{"name":"wp","href":"https:\/\/api.w.org\/{rel}","templated":true}]}}