{"id":176053,"date":"2017-11-27T19:00:28","date_gmt":"2017-11-27T21:00:28","guid":{"rendered":"http:\/\/www.agrund.com\/?p=176053"},"modified":"2017-11-27T19:25:26","modified_gmt":"2017-11-27T21:25:26","slug":"e-de-plastico-sim-anitta-e-ludmilla-apostam-na-tendencia","status":"publish","type":"post","link":"https:\/\/agrund.com\/index.php\/e-de-plastico-sim-anitta-e-ludmilla-apostam-na-tendencia\/","title":{"rendered":"\u00c9 de pl\u00e1stico sim: Anitta e Ludmilla apostam na tend\u00eancia"},"content":{"rendered":"<p>Por Ros\u00e2ngela Espinossi, do <a href=\"http:\/\/www.elasnotapetevermelho.com.br\/portal\/\">Elas no Tapete Vermelho<\/a><\/p>\n<p>O pl\u00e1stico \u00e9 uma das principais tend\u00eancias da esta\u00e7\u00e3o. Voc\u00ea pode achar estranho que o material esteja t\u00e3o em alta, mas \u00e9 fato consumado. A Chanel usou a mat\u00e9ria-prima como principal foco em seu \u00faltimo desfile em Paris, como contamos aqui. O jovem estilista brasileiro Gustavo de Carvalho tamb\u00e9m fez uso do pl\u00e1stico em seu desfile-performance em homenagem a Helio Oiticica, em maio, no Museu do Amanh\u00e3. E a rede de loja inglesa Topshop teve um modelo de pl\u00e1stico inspirado nos jeans esgotado em poucas semanas, em maio.<\/p>\n<p>Por aqui, famosas j\u00e1 aderiram ao material, principalmente em casacos, jaquetas e capas. Anitta, Sophia Abrah\u00e3o e Ludmilla s\u00e3o algumas delas. A top Isabeli Fontana pousou para uma campanha da Mundial Cal\u00e7ados com um trench coat de pl\u00e1stico.<\/p>\n<p>A tend\u00eancia chega como refer\u00eancia e homenagem ao futurismo e a era espacial em alta nos anos 60. Na \u00e9poca, o material, assim como o vinil, foi muito usado nas ruas e em filmes, como em \u201cBarbarella\u201d, uma agente especial, estrelado por Jane Fonda.<\/p>\n<p><strong>Ludmilla<\/strong><br \/>\nA cantora Ludmilla usou a capa de pl\u00e1stico azul para um ensaio fotogr\u00e1fico, com styling de Rodrigo Polack. O look da funkeira trouxe ainda lingerie Valis\u00e8re e botas Amaro Fashion. \u201cNa minha nova cole\u00e7\u00e3o estou usando o pl\u00e1stico em alguns recortes da modelagem, sobrepondo o material de uma cor com um tecido de pl\u00e1stico criando efeito crom\u00e1tico\u201d, afirmou Gustavo de Carvalho.<\/p>\n<div id=\"attachment_176056\" style=\"width: 560px\" class=\"wp-caption aligncenter\"><img aria-describedby=\"caption-attachment-176056\" data-attachment-id=\"176056\" data-permalink=\"https:\/\/agrund.com\/index.php\/e-de-plastico-sim-anitta-e-ludmilla-apostam-na-tendencia\/lud\/\" data-orig-file=\"https:\/\/i0.wp.com\/agrund.com\/wp-content\/uploads\/sites\/6\/2017\/11\/lud.jpg?fit=550%2C686&amp;ssl=1\" data-orig-size=\"550,686\" data-comments-opened=\"1\" data-image-meta=\"{&quot;aperture&quot;:&quot;0&quot;,&quot;credit&quot;:&quot;&quot;,&quot;camera&quot;:&quot;&quot;,&quot;caption&quot;:&quot;&quot;,&quot;created_timestamp&quot;:&quot;0&quot;,&quot;copyright&quot;:&quot;&quot;,&quot;focal_length&quot;:&quot;0&quot;,&quot;iso&quot;:&quot;0&quot;,&quot;shutter_speed&quot;:&quot;0&quot;,&quot;title&quot;:&quot;&quot;,&quot;orientation&quot;:&quot;1&quot;}\" data-image-title=\"\u00c9 de pl\u00e1stico sim: Anitta e Ludmilla apostam na tend\u00eancia\" data-image-description=\"\" data-image-caption=\"&lt;p&gt;\u00c9 de pl\u00e1stico sim: Anitta e Ludmilla apostam na tend\u00eancia&lt;\/p&gt;\n\" data-medium-file=\"https:\/\/i0.wp.com\/agrund.com\/wp-content\/uploads\/sites\/6\/2017\/11\/lud.jpg?fit=241%2C300&amp;ssl=1\" data-large-file=\"https:\/\/i0.wp.com\/agrund.com\/wp-content\/uploads\/sites\/6\/2017\/11\/lud.jpg?fit=550%2C686&amp;ssl=1\" decoding=\"async\" loading=\"lazy\" class=\"size-full wp-image-176056\" src=\"https:\/\/i0.wp.com\/www.agrund.com\/wp-content\/uploads\/sites\/6\/2017\/11\/lud.jpg?resize=550%2C686\" alt=\"\" width=\"550\" height=\"686\" srcset=\"https:\/\/i0.wp.com\/agrund.com\/wp-content\/uploads\/sites\/6\/2017\/11\/lud.jpg?w=550&amp;ssl=1 550w, https:\/\/i0.wp.com\/agrund.com\/wp-content\/uploads\/sites\/6\/2017\/11\/lud.jpg?resize=241%2C300&amp;ssl=1 241w\" sizes=\"(max-width: 550px) 100vw, 550px\" data-recalc-dims=\"1\" \/><p id=\"caption-attachment-176056\" class=\"wp-caption-text\">\u00c9 de pl\u00e1stico sim: Anitta e Ludmilla apostam na tend\u00eancia<\/p><\/div>\n<p>&nbsp;<\/p>\n<p><strong>Sophia Abrah\u00e3o<\/strong><br \/>\nSophia Abrah\u00e3o tamb\u00e9m apostou no pl\u00e1stico para seu novo clipe. O look foi feito com exclusividade para ela pelo stylist Dudu Farias. A capa vermelha faz par com pe\u00e7as pretas e bota tamb\u00e9m vermelha com paet\u00eas aplicados.<\/p>\n<p><strong>#ficaadica1:<\/strong> Al\u00e9m do brilho, o pl\u00e1stico colorido pode compor com pe\u00e7as de outras cores, oferecendo uma cartela crom\u00e1tica mais criativa a um s\u00f3 look.<\/p>\n<div id=\"attachment_176058\" style=\"width: 560px\" class=\"wp-caption aligncenter\"><img aria-describedby=\"caption-attachment-176058\" data-attachment-id=\"176058\" data-permalink=\"https:\/\/agrund.com\/index.php\/e-de-plastico-sim-anitta-e-ludmilla-apostam-na-tendencia\/sopha\/\" data-orig-file=\"https:\/\/i0.wp.com\/agrund.com\/wp-content\/uploads\/sites\/6\/2017\/11\/sopha.jpg?fit=550%2C657&amp;ssl=1\" data-orig-size=\"550,657\" data-comments-opened=\"1\" data-image-meta=\"{&quot;aperture&quot;:&quot;0&quot;,&quot;credit&quot;:&quot;&quot;,&quot;camera&quot;:&quot;&quot;,&quot;caption&quot;:&quot;&quot;,&quot;created_timestamp&quot;:&quot;0&quot;,&quot;copyright&quot;:&quot;&quot;,&quot;focal_length&quot;:&quot;0&quot;,&quot;iso&quot;:&quot;0&quot;,&quot;shutter_speed&quot;:&quot;0&quot;,&quot;title&quot;:&quot;&quot;,&quot;orientation&quot;:&quot;1&quot;}\" data-image-title=\"\u00c9 de pl\u00e1stico sim: Anitta e Ludmilla apostam na tend\u00eancia\" data-image-description=\"\" data-image-caption=\"&lt;p&gt;\u00c9 de pl\u00e1stico sim: Anitta e Ludmilla apostam na tend\u00eancia&lt;\/p&gt;\n\" data-medium-file=\"https:\/\/i0.wp.com\/agrund.com\/wp-content\/uploads\/sites\/6\/2017\/11\/sopha.jpg?fit=251%2C300&amp;ssl=1\" data-large-file=\"https:\/\/i0.wp.com\/agrund.com\/wp-content\/uploads\/sites\/6\/2017\/11\/sopha.jpg?fit=550%2C657&amp;ssl=1\" decoding=\"async\" loading=\"lazy\" class=\"size-full wp-image-176058\" src=\"https:\/\/i0.wp.com\/www.agrund.com\/wp-content\/uploads\/sites\/6\/2017\/11\/sopha.jpg?resize=550%2C657\" alt=\"\" width=\"550\" height=\"657\" srcset=\"https:\/\/i0.wp.com\/agrund.com\/wp-content\/uploads\/sites\/6\/2017\/11\/sopha.jpg?w=550&amp;ssl=1 550w, https:\/\/i0.wp.com\/agrund.com\/wp-content\/uploads\/sites\/6\/2017\/11\/sopha.jpg?resize=251%2C300&amp;ssl=1 251w\" sizes=\"(max-width: 550px) 100vw, 550px\" data-recalc-dims=\"1\" \/><p id=\"caption-attachment-176058\" class=\"wp-caption-text\">\u00c9 de pl\u00e1stico sim: Anitta e Ludmilla apostam na tend\u00eancia<\/p><\/div>\n<p>&nbsp;<\/p>\n<p><strong>Isabeli Fontana<\/strong><br \/>\nA top Isabeli Fontana posou em junho para a campanha da Mundial Cal\u00e7ados com trench coat transparente produzido pela estilista Mayara Bozzato, que trabalha tamb\u00e9m com vinil.<\/p>\n<p><strong>#ficaadica2:<\/strong> Gustavo de Carvalho lembra que para que o material n\u00e3o remeta a capa de chuva apenas, \u00e9 poss\u00edvel us\u00e1-lo com cortes de casaco ou em pe\u00e7as b\u00e1sicas, como tiras e detalhes aplicados, conferindo um diferencial ao look.<\/p>\n<div id=\"attachment_176055\" style=\"width: 560px\" class=\"wp-caption aligncenter\"><img aria-describedby=\"caption-attachment-176055\" data-attachment-id=\"176055\" data-permalink=\"https:\/\/agrund.com\/index.php\/e-de-plastico-sim-anitta-e-ludmilla-apostam-na-tendencia\/isabeli\/\" data-orig-file=\"https:\/\/i0.wp.com\/agrund.com\/wp-content\/uploads\/sites\/6\/2017\/11\/isabeli.jpg?fit=550%2C811&amp;ssl=1\" data-orig-size=\"550,811\" data-comments-opened=\"1\" data-image-meta=\"{&quot;aperture&quot;:&quot;0&quot;,&quot;credit&quot;:&quot;&quot;,&quot;camera&quot;:&quot;&quot;,&quot;caption&quot;:&quot;&quot;,&quot;created_timestamp&quot;:&quot;0&quot;,&quot;copyright&quot;:&quot;&quot;,&quot;focal_length&quot;:&quot;0&quot;,&quot;iso&quot;:&quot;0&quot;,&quot;shutter_speed&quot;:&quot;0&quot;,&quot;title&quot;:&quot;&quot;,&quot;orientation&quot;:&quot;1&quot;}\" data-image-title=\"\u00c9 de pl\u00e1stico sim: Anitta e Ludmilla apostam na tend\u00eancia\" data-image-description=\"\" data-image-caption=\"&lt;p&gt;\u00c9 de pl\u00e1stico sim: Anitta e Ludmilla apostam na tend\u00eancia&lt;\/p&gt;\n\" data-medium-file=\"https:\/\/i0.wp.com\/agrund.com\/wp-content\/uploads\/sites\/6\/2017\/11\/isabeli.jpg?fit=203%2C300&amp;ssl=1\" data-large-file=\"https:\/\/i0.wp.com\/agrund.com\/wp-content\/uploads\/sites\/6\/2017\/11\/isabeli.jpg?fit=550%2C811&amp;ssl=1\" decoding=\"async\" loading=\"lazy\" class=\"size-full wp-image-176055\" src=\"https:\/\/i0.wp.com\/www.agrund.com\/wp-content\/uploads\/sites\/6\/2017\/11\/isabeli.jpg?resize=550%2C811\" alt=\"\" width=\"550\" height=\"811\" srcset=\"https:\/\/i0.wp.com\/agrund.com\/wp-content\/uploads\/sites\/6\/2017\/11\/isabeli.jpg?w=550&amp;ssl=1 550w, https:\/\/i0.wp.com\/agrund.com\/wp-content\/uploads\/sites\/6\/2017\/11\/isabeli.jpg?resize=203%2C300&amp;ssl=1 203w\" sizes=\"(max-width: 550px) 100vw, 550px\" data-recalc-dims=\"1\" \/><p id=\"caption-attachment-176055\" class=\"wp-caption-text\">\u00c9 de pl\u00e1stico sim: Anitta e Ludmilla apostam na tend\u00eancia<\/p><\/div>\n<p>&nbsp;<\/p>\n<p><strong>Anitta<\/strong><br \/>\nAl\u00e9m do pl\u00e1stico transparente, \u00e9 poss\u00edvel usar pe\u00e7as de n\u00e1ilon fosco, tend\u00eancia tamb\u00e9m em alta dentro da onda esportiva. Foi o que fez Anitta com essa maxicapa laranja combinando com top, hot pants, body arrast\u00e3o e botas de cano alto.<\/p>\n<p><strong>#ficaadica3:<\/strong> Uma cor viva acende o look, por isso a combina\u00e7\u00e3o com pe\u00e7as escuras \u00e9 escolha acertada, para um item s\u00f3 dominar a produ\u00e7\u00e3o. Na vida fora dos palcos, a maxicapa pode ser usada sobre macac\u00f5es, jeans, longos\u2026<\/p>\n<div id=\"attachment_176054\" style=\"width: 560px\" class=\"wp-caption aligncenter\"><img aria-describedby=\"caption-attachment-176054\" data-attachment-id=\"176054\" data-permalink=\"https:\/\/agrund.com\/index.php\/e-de-plastico-sim-anitta-e-ludmilla-apostam-na-tendencia\/anitta-4\/\" data-orig-file=\"https:\/\/i0.wp.com\/agrund.com\/wp-content\/uploads\/sites\/6\/2017\/11\/anitta.jpg?fit=550%2C827&amp;ssl=1\" data-orig-size=\"550,827\" data-comments-opened=\"1\" data-image-meta=\"{&quot;aperture&quot;:&quot;7.1&quot;,&quot;credit&quot;:&quot;&quot;,&quot;camera&quot;:&quot;NIKON D3200&quot;,&quot;caption&quot;:&quot;&quot;,&quot;created_timestamp&quot;:&quot;1509674367&quot;,&quot;copyright&quot;:&quot;&quot;,&quot;focal_length&quot;:&quot;18&quot;,&quot;iso&quot;:&quot;200&quot;,&quot;shutter_speed&quot;:&quot;0.00625&quot;,&quot;title&quot;:&quot;&quot;,&quot;orientation&quot;:&quot;1&quot;}\" data-image-title=\"\u00c9 de pl\u00e1stico sim: Anitta e Ludmilla apostam na tend\u00eancia\" data-image-description=\"\" data-image-caption=\"&lt;p&gt;\u00c9 de pl\u00e1stico sim: Anitta e Ludmilla apostam na tend\u00eancia&lt;\/p&gt;\n\" data-medium-file=\"https:\/\/i0.wp.com\/agrund.com\/wp-content\/uploads\/sites\/6\/2017\/11\/anitta.jpg?fit=200%2C300&amp;ssl=1\" data-large-file=\"https:\/\/i0.wp.com\/agrund.com\/wp-content\/uploads\/sites\/6\/2017\/11\/anitta.jpg?fit=550%2C827&amp;ssl=1\" decoding=\"async\" loading=\"lazy\" class=\"size-full wp-image-176054\" src=\"https:\/\/i0.wp.com\/www.agrund.com\/wp-content\/uploads\/sites\/6\/2017\/11\/anitta.jpg?resize=550%2C827\" alt=\"\" width=\"550\" height=\"827\" srcset=\"https:\/\/i0.wp.com\/agrund.com\/wp-content\/uploads\/sites\/6\/2017\/11\/anitta.jpg?w=550&amp;ssl=1 550w, https:\/\/i0.wp.com\/agrund.com\/wp-content\/uploads\/sites\/6\/2017\/11\/anitta.jpg?resize=200%2C300&amp;ssl=1 200w\" sizes=\"(max-width: 550px) 100vw, 550px\" data-recalc-dims=\"1\" \/><p id=\"caption-attachment-176054\" class=\"wp-caption-text\">\u00c9 de pl\u00e1stico sim: Anitta e Ludmilla apostam na tend\u00eancia<\/p><\/div>\n<p>Fotos: Reprodu\u00e7\u00e3o.<\/p>\n","protected":false},"excerpt":{"rendered":"<p>Por Ros\u00e2ngela Espinossi, do Elas no Tapete Vermelho O pl\u00e1stico \u00e9 uma das principais tend\u00eancias da esta\u00e7\u00e3o. Voc\u00ea pode achar estranho que o material esteja t\u00e3o em alta, mas \u00e9 fato consumado. A Chanel usou a mat\u00e9ria-prima como principal foco em seu \u00faltimo desfile em Paris, como contamos aqui. O jovem estilista brasileiro Gustavo de [&hellip;]<\/p>\n","protected":false},"author":8,"featured_media":176057,"comment_status":"open","ping_status":"open","sticky":false,"template":"","format":"standard","meta":{"jetpack_post_was_ever_published":false,"_jetpack_newsletter_access":"","jetpack_publicize_message":"","jetpack_is_tweetstorm":false,"jetpack_publicize_feature_enabled":true,"jetpack_social_post_already_shared":true,"jetpack_social_options":{"image_generator_settings":{"template":"highway","enabled":false}}},"categories":[2],"tags":[],"jetpack_publicize_connections":[],"jetpack_featured_media_url":"https:\/\/i0.wp.com\/agrund.com\/wp-content\/uploads\/sites\/6\/2017\/11\/s-95.jpg?fit=960%2C300&ssl=1","jetpack_sharing_enabled":true,"jetpack_shortlink":"https:\/\/wp.me\/p3Hz0n-JNz","jetpack_likes_enabled":true,"_links":{"self":[{"href":"https:\/\/agrund.com\/index.php\/wp-json\/wp\/v2\/posts\/176053"}],"collection":[{"href":"https:\/\/agrund.com\/index.php\/wp-json\/wp\/v2\/posts"}],"about":[{"href":"https:\/\/agrund.com\/index.php\/wp-json\/wp\/v2\/types\/post"}],"author":[{"embeddable":true,"href":"https:\/\/agrund.com\/index.php\/wp-json\/wp\/v2\/users\/8"}],"replies":[{"embeddable":true,"href":"https:\/\/agrund.com\/index.php\/wp-json\/wp\/v2\/comments?post=176053"}],"version-history":[{"count":0,"href":"https:\/\/agrund.com\/index.php\/wp-json\/wp\/v2\/posts\/176053\/revisions"}],"wp:featuredmedia":[{"embeddable":true,"href":"https:\/\/agrund.com\/index.php\/wp-json\/wp\/v2\/media\/176057"}],"wp:attachment":[{"href":"https:\/\/agrund.com\/index.php\/wp-json\/wp\/v2\/media?parent=176053"}],"wp:term":[{"taxonomy":"category","embeddable":true,"href":"https:\/\/agrund.com\/index.php\/wp-json\/wp\/v2\/categories?post=176053"},{"taxonomy":"post_tag","embeddable":true,"href":"https:\/\/agrund.com\/index.php\/wp-json\/wp\/v2\/tags?post=176053"}],"curies":[{"name":"wp","href":"https:\/\/api.w.org\/{rel}","templated":true}]}}