{"id":175994,"date":"2017-11-24T15:00:58","date_gmt":"2017-11-24T17:00:58","guid":{"rendered":"http:\/\/www.agrund.com\/?p=175994"},"modified":"2017-11-24T10:16:28","modified_gmt":"2017-11-24T12:16:28","slug":"agenda-mutirao-de-beleza-fazendo-o-bem","status":"publish","type":"post","link":"https:\/\/agrund.com\/index.php\/agenda-mutirao-de-beleza-fazendo-o-bem\/","title":{"rendered":"Agenda :: Mutir\u00e3o de beleza fazendo o bem"},"content":{"rendered":"<p>Que tal ajudar a resgatar a autoestima de idosas carentes? Esse foi o intuito de Jacques Janine e do Projeto Velho Amigo quando criaram o \u2018Mutir\u00e3o da Beleza\u2019.<\/p>\n<p>Agora, em sua 20\u00aa edi\u00e7\u00e3o, a a\u00e7\u00e3o social que conta com a participa\u00e7\u00e3o de profissionais volunt\u00e1rios, oferece gratuitamente servi\u00e7os de colora\u00e7\u00e3o, hidrata\u00e7\u00e3o, corte, escova e esmalta\u00e7\u00e3o. Desta vez ser\u00e3o atendidas 90 idosas carentes.<\/p>\n<p>\u201cA cada edi\u00e7\u00e3o nos sentimos ainda mais gratos por poder fazer parte de um projeto t\u00e3o importante como o Mutir\u00e3o da Beleza. Acompanhar a felicidade, a emo\u00e7\u00e3o e a transforma\u00e7\u00e3o delas durante todo o dia \u00e9 algo que nos motiva a continuar com essa a\u00e7\u00e3o ano ap\u00f3s ano\u201d, explica Diane Goossens, diretora da Acad\u00e9mie Jacques Janine.<\/p>\n<p>Resgatando a autoestima com uma a\u00e7\u00e3o do bem!<\/p>\n<div id=\"attachment_175996\" style=\"width: 610px\" class=\"wp-caption aligncenter\"><img aria-describedby=\"caption-attachment-175996\" data-attachment-id=\"175996\" data-permalink=\"https:\/\/agrund.com\/index.php\/agenda-mutirao-de-beleza-fazendo-o-bem\/imagem_release_1135300\/\" data-orig-file=\"https:\/\/i0.wp.com\/agrund.com\/wp-content\/uploads\/sites\/6\/2017\/11\/imagem_release_1135300.jpg?fit=600%2C400&amp;ssl=1\" data-orig-size=\"600,400\" data-comments-opened=\"1\" data-image-meta=\"{&quot;aperture&quot;:&quot;5&quot;,&quot;credit&quot;:&quot;&quot;,&quot;camera&quot;:&quot;NIKON D800&quot;,&quot;caption&quot;:&quot;&quot;,&quot;created_timestamp&quot;:&quot;1471865206&quot;,&quot;copyright&quot;:&quot;&quot;,&quot;focal_length&quot;:&quot;24&quot;,&quot;iso&quot;:&quot;2000&quot;,&quot;shutter_speed&quot;:&quot;0.01&quot;,&quot;title&quot;:&quot;&quot;,&quot;orientation&quot;:&quot;1&quot;}\" data-image-title=\"Agenda :: Mutir\u00e3o de beleza fazendo o bem\" data-image-description=\"\" data-image-caption=\"&lt;p&gt;Agenda :: Mutir\u00e3o de beleza fazendo o bem&lt;\/p&gt;\n\" data-medium-file=\"https:\/\/i0.wp.com\/agrund.com\/wp-content\/uploads\/sites\/6\/2017\/11\/imagem_release_1135300.jpg?fit=300%2C200&amp;ssl=1\" data-large-file=\"https:\/\/i0.wp.com\/agrund.com\/wp-content\/uploads\/sites\/6\/2017\/11\/imagem_release_1135300.jpg?fit=600%2C400&amp;ssl=1\" decoding=\"async\" loading=\"lazy\" class=\"size-full wp-image-175996\" src=\"https:\/\/i0.wp.com\/www.agrund.com\/wp-content\/uploads\/sites\/6\/2017\/11\/imagem_release_1135300.jpg?resize=600%2C400\" alt=\"\" width=\"600\" height=\"400\" srcset=\"https:\/\/i0.wp.com\/agrund.com\/wp-content\/uploads\/sites\/6\/2017\/11\/imagem_release_1135300.jpg?w=600&amp;ssl=1 600w, https:\/\/i0.wp.com\/agrund.com\/wp-content\/uploads\/sites\/6\/2017\/11\/imagem_release_1135300.jpg?resize=300%2C200&amp;ssl=1 300w\" sizes=\"(max-width: 600px) 100vw, 600px\" data-recalc-dims=\"1\" \/><p id=\"caption-attachment-175996\" class=\"wp-caption-text\">Agenda :: Mutir\u00e3o de beleza fazendo o bem<\/p><\/div>\n<p><strong>Servi\u00e7o:<\/strong><br \/>\nQuando: 27 de novembro, segunda-feira<br \/>\nHor\u00e1rio: das 9h \u00e0s 17h<br \/>\nOnde: Centro T\u00e9cnico Jacques Janine \u2013 Rua Augusta, 2.799 \u2013 Jardins, em S\u00e3o Paulo<\/p>\n<p>Foto: Divulga\u00e7\u00e3o.<\/p>\n","protected":false},"excerpt":{"rendered":"<p>Que tal ajudar a resgatar a autoestima de idosas carentes? Esse foi o intuito de Jacques Janine e do Projeto Velho Amigo quando criaram o \u2018Mutir\u00e3o da Beleza\u2019. Agora, em sua 20\u00aa edi\u00e7\u00e3o, a a\u00e7\u00e3o social que conta com a participa\u00e7\u00e3o de profissionais volunt\u00e1rios, oferece gratuitamente servi\u00e7os de colora\u00e7\u00e3o, hidrata\u00e7\u00e3o, corte, escova e esmalta\u00e7\u00e3o. Desta [&hellip;]<\/p>\n","protected":false},"author":8,"featured_media":175995,"comment_status":"open","ping_status":"open","sticky":false,"template":"","format":"standard","meta":{"jetpack_post_was_ever_published":false,"_jetpack_newsletter_access":"","jetpack_publicize_message":"","jetpack_is_tweetstorm":false,"jetpack_publicize_feature_enabled":true,"jetpack_social_post_already_shared":true,"jetpack_social_options":{"image_generator_settings":{"template":"highway","enabled":false}}},"categories":[2],"tags":[],"jetpack_publicize_connections":[],"jetpack_featured_media_url":"https:\/\/i0.wp.com\/agrund.com\/wp-content\/uploads\/sites\/6\/2017\/11\/ss-6.jpg?fit=960%2C300&ssl=1","jetpack_sharing_enabled":true,"jetpack_shortlink":"https:\/\/wp.me\/p3Hz0n-JMC","jetpack_likes_enabled":true,"_links":{"self":[{"href":"https:\/\/agrund.com\/index.php\/wp-json\/wp\/v2\/posts\/175994"}],"collection":[{"href":"https:\/\/agrund.com\/index.php\/wp-json\/wp\/v2\/posts"}],"about":[{"href":"https:\/\/agrund.com\/index.php\/wp-json\/wp\/v2\/types\/post"}],"author":[{"embeddable":true,"href":"https:\/\/agrund.com\/index.php\/wp-json\/wp\/v2\/users\/8"}],"replies":[{"embeddable":true,"href":"https:\/\/agrund.com\/index.php\/wp-json\/wp\/v2\/comments?post=175994"}],"version-history":[{"count":0,"href":"https:\/\/agrund.com\/index.php\/wp-json\/wp\/v2\/posts\/175994\/revisions"}],"wp:featuredmedia":[{"embeddable":true,"href":"https:\/\/agrund.com\/index.php\/wp-json\/wp\/v2\/media\/175995"}],"wp:attachment":[{"href":"https:\/\/agrund.com\/index.php\/wp-json\/wp\/v2\/media?parent=175994"}],"wp:term":[{"taxonomy":"category","embeddable":true,"href":"https:\/\/agrund.com\/index.php\/wp-json\/wp\/v2\/categories?post=175994"},{"taxonomy":"post_tag","embeddable":true,"href":"https:\/\/agrund.com\/index.php\/wp-json\/wp\/v2\/tags?post=175994"}],"curies":[{"name":"wp","href":"https:\/\/api.w.org\/{rel}","templated":true}]}}