{"id":175972,"date":"2017-11-23T19:00:45","date_gmt":"2017-11-23T21:00:45","guid":{"rendered":"http:\/\/www.agrund.com\/?p=175972"},"modified":"2017-11-23T16:26:09","modified_gmt":"2017-11-23T18:26:09","slug":"agenda-um-final-de-semana-para-voce-e-seu-pet","status":"publish","type":"post","link":"https:\/\/agrund.com\/index.php\/agenda-um-final-de-semana-para-voce-e-seu-pet\/","title":{"rendered":"Agenda :: Um final de semana para voc\u00ea e seu pet"},"content":{"rendered":"<p>Procurando um programa bacana para o seu final e semana?Ent\u00e3o aten\u00e7\u00e3o, porque a Pra\u00e7a do Cartel 011 est\u00e1 com uma \u00f3tima programa\u00e7\u00e3o. No s\u00e1bado (25), a Pra\u00e7a ir\u00e1 receber a \u2018Feira Pet\u2019, com presen\u00e7a de diversos expositores com produtos para o seu bichinho, desde coleiras a brinquedos e caminhas. Al\u00e9m disso, Luiz Zuccolo ir\u00e1 palestrar sobre o comportamento animal e o adestramento, \u00e0s 15h.<\/p>\n<p>Se voc\u00ea n\u00e3o ainda n\u00e3o tem um animalzinho, que tal adotar um? A Feira de Ado\u00e7\u00e3o \u201cEncontre um Amigo\u201d tamb\u00e9m estar\u00e1 por l\u00e1 te esperando. Para terminar o dia, \u00e0s 20h ser\u00e1 exibido o curta-metragem \u201cPara Salvar Beth\u201d, de Theo Cochrane e Alan Medina.<\/p>\n<p>J\u00e1 no domingo (26), na Pra\u00e7a come\u00e7a o dia com caf\u00e9 da manh\u00e3\/ brunch, servido das 10h \u00e0s 15h pela Casa Organique-se. Mais tarde, \u00e0s 15h, o espa\u00e7o ter\u00e1 uma palestra de mindfulness (medita\u00e7\u00e3o) e duas pr\u00e1ticas de aten\u00e7\u00e3o plena ministrada pela \u2018Moved By Mindfulness\u2019.<\/p>\n<p>Para finalizar o final de semana, a espa\u00e7o recebe a Festa Jazzy\/ Jazzy-it-up com vinil set de Thiago Duar (Afrobombas), show Guizado toca Miles e DJ set by Dj Trusty SP. Quem gosta de uma boa m\u00fasica n\u00e3o pode ficar de fora!<\/p>\n<p>Que tal? Anote na sua agenda!<\/p>\n<div id=\"attachment_175973\" style=\"width: 610px\" class=\"wp-caption aligncenter\"><img aria-describedby=\"caption-attachment-175973\" data-attachment-id=\"175973\" data-permalink=\"https:\/\/agrund.com\/index.php\/agenda-um-final-de-semana-para-voce-e-seu-pet\/prac%cc%a7a-cartel-011-3\/\" data-orig-file=\"https:\/\/i0.wp.com\/agrund.com\/wp-content\/uploads\/sites\/6\/2017\/11\/Prac\u0327a-Cartel-011-3.jpg?fit=600%2C400&amp;ssl=1\" data-orig-size=\"600,400\" data-comments-opened=\"1\" data-image-meta=\"{&quot;aperture&quot;:&quot;0&quot;,&quot;credit&quot;:&quot;&quot;,&quot;camera&quot;:&quot;NIKON D610&quot;,&quot;caption&quot;:&quot;&quot;,&quot;created_timestamp&quot;:&quot;1509623622&quot;,&quot;copyright&quot;:&quot;&quot;,&quot;focal_length&quot;:&quot;0&quot;,&quot;iso&quot;:&quot;800&quot;,&quot;shutter_speed&quot;:&quot;0.005&quot;,&quot;title&quot;:&quot;&quot;,&quot;orientation&quot;:&quot;1&quot;}\" data-image-title=\"Agenda :: Um final de semana para voc\u00ea e seu pet\" data-image-description=\"\" data-image-caption=\"&lt;p&gt;Agenda :: Um final de semana para voc\u00ea e seu pet&lt;\/p&gt;\n\" data-medium-file=\"https:\/\/i0.wp.com\/agrund.com\/wp-content\/uploads\/sites\/6\/2017\/11\/Prac\u0327a-Cartel-011-3.jpg?fit=300%2C200&amp;ssl=1\" data-large-file=\"https:\/\/i0.wp.com\/agrund.com\/wp-content\/uploads\/sites\/6\/2017\/11\/Prac\u0327a-Cartel-011-3.jpg?fit=600%2C400&amp;ssl=1\" decoding=\"async\" loading=\"lazy\" class=\"size-full wp-image-175973\" src=\"https:\/\/i0.wp.com\/www.agrund.com\/wp-content\/uploads\/sites\/6\/2017\/11\/Prac\u0327a-Cartel-011-3.jpg?resize=600%2C400\" alt=\"\" width=\"600\" height=\"400\" srcset=\"https:\/\/i0.wp.com\/agrund.com\/wp-content\/uploads\/sites\/6\/2017\/11\/Prac\u0327a-Cartel-011-3.jpg?w=600&amp;ssl=1 600w, https:\/\/i0.wp.com\/agrund.com\/wp-content\/uploads\/sites\/6\/2017\/11\/Prac\u0327a-Cartel-011-3.jpg?resize=300%2C200&amp;ssl=1 300w\" sizes=\"(max-width: 600px) 100vw, 600px\" data-recalc-dims=\"1\" \/><p id=\"caption-attachment-175973\" class=\"wp-caption-text\">Agenda :: Um final de semana para voc\u00ea e seu pet<\/p><\/div>\n<p><strong>Servi\u00e7o:<\/strong><br \/>\nS\u00e1bado (25) &#8211; 12h \u2013 21h<br \/>\nDomingo (26) \u2013 10h \u00e0s 21h<br \/>\nRua Arthur de Azevedo, 511 \u2013 Pinheiros.<\/p>\n<p>Fotos: Divulga\u00e7\u00e3o.<\/p>\n","protected":false},"excerpt":{"rendered":"<p>Procurando um programa bacana para o seu final e semana?Ent\u00e3o aten\u00e7\u00e3o, porque a Pra\u00e7a do Cartel 011 est\u00e1 com uma \u00f3tima programa\u00e7\u00e3o. No s\u00e1bado (25), a Pra\u00e7a ir\u00e1 receber a \u2018Feira Pet\u2019, com presen\u00e7a de diversos expositores com produtos para o seu bichinho, desde coleiras a brinquedos e caminhas. Al\u00e9m disso, Luiz Zuccolo ir\u00e1 palestrar [&hellip;]<\/p>\n","protected":false},"author":8,"featured_media":175975,"comment_status":"open","ping_status":"open","sticky":false,"template":"","format":"standard","meta":{"jetpack_post_was_ever_published":false,"_jetpack_newsletter_access":"","jetpack_publicize_message":"","jetpack_is_tweetstorm":false,"jetpack_publicize_feature_enabled":true,"jetpack_social_post_already_shared":true,"jetpack_social_options":{"image_generator_settings":{"template":"highway","enabled":false}}},"categories":[2],"tags":[],"jetpack_publicize_connections":[],"jetpack_featured_media_url":"https:\/\/i0.wp.com\/agrund.com\/wp-content\/uploads\/sites\/6\/2017\/11\/s-83.jpg?fit=960%2C300&ssl=1","jetpack_sharing_enabled":true,"jetpack_shortlink":"https:\/\/wp.me\/p3Hz0n-JMg","jetpack_likes_enabled":true,"_links":{"self":[{"href":"https:\/\/agrund.com\/index.php\/wp-json\/wp\/v2\/posts\/175972"}],"collection":[{"href":"https:\/\/agrund.com\/index.php\/wp-json\/wp\/v2\/posts"}],"about":[{"href":"https:\/\/agrund.com\/index.php\/wp-json\/wp\/v2\/types\/post"}],"author":[{"embeddable":true,"href":"https:\/\/agrund.com\/index.php\/wp-json\/wp\/v2\/users\/8"}],"replies":[{"embeddable":true,"href":"https:\/\/agrund.com\/index.php\/wp-json\/wp\/v2\/comments?post=175972"}],"version-history":[{"count":0,"href":"https:\/\/agrund.com\/index.php\/wp-json\/wp\/v2\/posts\/175972\/revisions"}],"wp:featuredmedia":[{"embeddable":true,"href":"https:\/\/agrund.com\/index.php\/wp-json\/wp\/v2\/media\/175975"}],"wp:attachment":[{"href":"https:\/\/agrund.com\/index.php\/wp-json\/wp\/v2\/media?parent=175972"}],"wp:term":[{"taxonomy":"category","embeddable":true,"href":"https:\/\/agrund.com\/index.php\/wp-json\/wp\/v2\/categories?post=175972"},{"taxonomy":"post_tag","embeddable":true,"href":"https:\/\/agrund.com\/index.php\/wp-json\/wp\/v2\/tags?post=175972"}],"curies":[{"name":"wp","href":"https:\/\/api.w.org\/{rel}","templated":true}]}}