{"id":175960,"date":"2017-11-23T18:00:25","date_gmt":"2017-11-23T20:00:25","guid":{"rendered":"http:\/\/www.agrund.com\/?p=175960"},"modified":"2017-11-23T15:49:39","modified_gmt":"2017-11-23T17:49:39","slug":"saint-laurent-lanca-colecao-exclusiva-para-a-colette","status":"publish","type":"post","link":"https:\/\/agrund.com\/index.php\/saint-laurent-lanca-colecao-exclusiva-para-a-colette\/","title":{"rendered":"Saint Laurent lan\u00e7a cole\u00e7\u00e3o exclusiva para a Colette"},"content":{"rendered":"<p>Como voc\u00eas j\u00e1 sabem, dezembro \u00e9 o \u00faltimo m\u00eas de funcionamento da Colette, mas tem muitas cole\u00e7\u00f5es especiais por l\u00e1. Depois da Chanel, agora \u00e9 a vez da Saint Laurent lan\u00e7ar uma cole\u00e7\u00e3o-c\u00e1psula exclusiva para a loja de departamento.<\/p>\n<p>O primeiro andar do ic\u00f4nico endere\u00e7o receber\u00e1 verdadeiros itens de colecionador como capacetes assinados por Ruby, cora\u00e7\u00e3o de cristal de Baccarat, uma Vespa da Total Black, skates da Arkaic Concept, um calend\u00e1rio com fotos de David Sims para a grife, entre tantas outras coisas.<\/p>\n<p>E a\u00ed, o que voc\u00ea gostaria de ter na sua casa? A linha da Saint Laurent chega \u00e0 Colette no dia 27 de novembro. Veja algumas pe\u00e7as na galeria abaixo:<\/p>\n<div id=\"attachment_175961\" style=\"width: 610px\" class=\"wp-caption aligncenter\"><img aria-describedby=\"caption-attachment-175961\" data-attachment-id=\"175961\" data-permalink=\"https:\/\/agrund.com\/index.php\/saint-laurent-lanca-colecao-exclusiva-para-a-colette\/saint-laurent-colette-collaboration-spring-summer-2018-10\/\" data-orig-file=\"https:\/\/i0.wp.com\/agrund.com\/wp-content\/uploads\/sites\/6\/2017\/11\/saint-laurent-colette-collaboration-spring-summer-2018-10-e1511459115531.jpg?fit=600%2C400&amp;ssl=1\" data-orig-size=\"600,400\" data-comments-opened=\"1\" data-image-meta=\"{&quot;aperture&quot;:&quot;0&quot;,&quot;credit&quot;:&quot;&quot;,&quot;camera&quot;:&quot;&quot;,&quot;caption&quot;:&quot;&quot;,&quot;created_timestamp&quot;:&quot;0&quot;,&quot;copyright&quot;:&quot;&quot;,&quot;focal_length&quot;:&quot;0&quot;,&quot;iso&quot;:&quot;0&quot;,&quot;shutter_speed&quot;:&quot;0&quot;,&quot;title&quot;:&quot;&quot;,&quot;orientation&quot;:&quot;0&quot;}\" data-image-title=\"Saint Laurent lan\u00e7a cole\u00e7\u00e3o exclusiva para a Colette\" data-image-description=\"\" data-image-caption=\"&lt;p&gt;Saint Laurent lan\u00e7a cole\u00e7\u00e3o exclusiva para a Colette&lt;\/p&gt;\n\" data-medium-file=\"https:\/\/i0.wp.com\/agrund.com\/wp-content\/uploads\/sites\/6\/2017\/11\/saint-laurent-colette-collaboration-spring-summer-2018-10-e1511459115531.jpg?fit=300%2C200&amp;ssl=1\" data-large-file=\"https:\/\/i0.wp.com\/agrund.com\/wp-content\/uploads\/sites\/6\/2017\/11\/saint-laurent-colette-collaboration-spring-summer-2018-10-e1511459115531.jpg?fit=1024%2C683&amp;ssl=1\" decoding=\"async\" loading=\"lazy\" class=\"size-full wp-image-175961\" src=\"https:\/\/i0.wp.com\/www.agrund.com\/wp-content\/uploads\/sites\/6\/2017\/11\/saint-laurent-colette-collaboration-spring-summer-2018-10-e1511459115531.jpg?resize=600%2C400\" alt=\"\" width=\"600\" height=\"400\" data-recalc-dims=\"1\" \/><p id=\"caption-attachment-175961\" class=\"wp-caption-text\">Saint Laurent lan\u00e7a cole\u00e7\u00e3o exclusiva para a Colette<\/p><\/div>\n<div id=\"attachment_175964\" style=\"width: 610px\" class=\"wp-caption aligncenter\"><img aria-describedby=\"caption-attachment-175964\" data-attachment-id=\"175964\" data-permalink=\"https:\/\/agrund.com\/index.php\/saint-laurent-lanca-colecao-exclusiva-para-a-colette\/saint-laurent-colette-collaboration-spring-summer-2018-21\/\" data-orig-file=\"https:\/\/i0.wp.com\/agrund.com\/wp-content\/uploads\/sites\/6\/2017\/11\/saint-laurent-colette-collaboration-spring-summer-2018-21-e1511459128645.jpg?fit=600%2C400&amp;ssl=1\" data-orig-size=\"600,400\" data-comments-opened=\"1\" data-image-meta=\"{&quot;aperture&quot;:&quot;0&quot;,&quot;credit&quot;:&quot;&quot;,&quot;camera&quot;:&quot;&quot;,&quot;caption&quot;:&quot;&quot;,&quot;created_timestamp&quot;:&quot;0&quot;,&quot;copyright&quot;:&quot;&quot;,&quot;focal_length&quot;:&quot;0&quot;,&quot;iso&quot;:&quot;0&quot;,&quot;shutter_speed&quot;:&quot;0&quot;,&quot;title&quot;:&quot;&quot;,&quot;orientation&quot;:&quot;0&quot;}\" data-image-title=\"Saint Laurent lan\u00e7a cole\u00e7\u00e3o exclusiva para a Colette\" data-image-description=\"\" data-image-caption=\"&lt;p&gt;Saint Laurent lan\u00e7a cole\u00e7\u00e3o exclusiva para a Colette&lt;\/p&gt;\n\" data-medium-file=\"https:\/\/i0.wp.com\/agrund.com\/wp-content\/uploads\/sites\/6\/2017\/11\/saint-laurent-colette-collaboration-spring-summer-2018-21-e1511459128645.jpg?fit=300%2C200&amp;ssl=1\" data-large-file=\"https:\/\/i0.wp.com\/agrund.com\/wp-content\/uploads\/sites\/6\/2017\/11\/saint-laurent-colette-collaboration-spring-summer-2018-21-e1511459128645.jpg?fit=1024%2C683&amp;ssl=1\" decoding=\"async\" loading=\"lazy\" class=\"size-full wp-image-175964\" src=\"https:\/\/i0.wp.com\/www.agrund.com\/wp-content\/uploads\/sites\/6\/2017\/11\/saint-laurent-colette-collaboration-spring-summer-2018-21-e1511459128645.jpg?resize=600%2C400\" alt=\"\" width=\"600\" height=\"400\" data-recalc-dims=\"1\" \/><p id=\"caption-attachment-175964\" class=\"wp-caption-text\">Saint Laurent lan\u00e7a cole\u00e7\u00e3o exclusiva para a Colette<\/p><\/div>\n<div id=\"attachment_175963\" style=\"width: 610px\" class=\"wp-caption aligncenter\"><img aria-describedby=\"caption-attachment-175963\" data-attachment-id=\"175963\" data-permalink=\"https:\/\/agrund.com\/index.php\/saint-laurent-lanca-colecao-exclusiva-para-a-colette\/saint-laurent-colette-collaboration-spring-summer-2018-17\/\" data-orig-file=\"https:\/\/i0.wp.com\/agrund.com\/wp-content\/uploads\/sites\/6\/2017\/11\/saint-laurent-colette-collaboration-spring-summer-2018-17-e1511459143318.jpg?fit=600%2C400&amp;ssl=1\" data-orig-size=\"600,400\" data-comments-opened=\"1\" data-image-meta=\"{&quot;aperture&quot;:&quot;0&quot;,&quot;credit&quot;:&quot;&quot;,&quot;camera&quot;:&quot;&quot;,&quot;caption&quot;:&quot;&quot;,&quot;created_timestamp&quot;:&quot;0&quot;,&quot;copyright&quot;:&quot;&quot;,&quot;focal_length&quot;:&quot;0&quot;,&quot;iso&quot;:&quot;0&quot;,&quot;shutter_speed&quot;:&quot;0&quot;,&quot;title&quot;:&quot;&quot;,&quot;orientation&quot;:&quot;0&quot;}\" data-image-title=\"Saint Laurent lan\u00e7a cole\u00e7\u00e3o exclusiva para a Colette\" data-image-description=\"\" data-image-caption=\"&lt;p&gt;Saint Laurent lan\u00e7a cole\u00e7\u00e3o exclusiva para a Colette&lt;\/p&gt;\n\" data-medium-file=\"https:\/\/i0.wp.com\/agrund.com\/wp-content\/uploads\/sites\/6\/2017\/11\/saint-laurent-colette-collaboration-spring-summer-2018-17-e1511459143318.jpg?fit=300%2C200&amp;ssl=1\" data-large-file=\"https:\/\/i0.wp.com\/agrund.com\/wp-content\/uploads\/sites\/6\/2017\/11\/saint-laurent-colette-collaboration-spring-summer-2018-17-e1511459143318.jpg?fit=1024%2C683&amp;ssl=1\" decoding=\"async\" loading=\"lazy\" class=\"size-full wp-image-175963\" src=\"https:\/\/i0.wp.com\/www.agrund.com\/wp-content\/uploads\/sites\/6\/2017\/11\/saint-laurent-colette-collaboration-spring-summer-2018-17-e1511459143318.jpg?resize=600%2C400\" alt=\"\" width=\"600\" height=\"400\" data-recalc-dims=\"1\" \/><p id=\"caption-attachment-175963\" class=\"wp-caption-text\">Saint Laurent lan\u00e7a cole\u00e7\u00e3o exclusiva para a Colette<\/p><\/div>\n<div id=\"attachment_175962\" style=\"width: 610px\" class=\"wp-caption aligncenter\"><img aria-describedby=\"caption-attachment-175962\" data-attachment-id=\"175962\" data-permalink=\"https:\/\/agrund.com\/index.php\/saint-laurent-lanca-colecao-exclusiva-para-a-colette\/saint-laurent-colette-collaboration-spring-summer-2018-14\/\" data-orig-file=\"https:\/\/i0.wp.com\/agrund.com\/wp-content\/uploads\/sites\/6\/2017\/11\/saint-laurent-colette-collaboration-spring-summer-2018-14-e1511459164284.jpg?fit=600%2C400&amp;ssl=1\" data-orig-size=\"600,400\" data-comments-opened=\"1\" data-image-meta=\"{&quot;aperture&quot;:&quot;0&quot;,&quot;credit&quot;:&quot;&quot;,&quot;camera&quot;:&quot;&quot;,&quot;caption&quot;:&quot;&quot;,&quot;created_timestamp&quot;:&quot;0&quot;,&quot;copyright&quot;:&quot;&quot;,&quot;focal_length&quot;:&quot;0&quot;,&quot;iso&quot;:&quot;0&quot;,&quot;shutter_speed&quot;:&quot;0&quot;,&quot;title&quot;:&quot;&quot;,&quot;orientation&quot;:&quot;0&quot;}\" data-image-title=\"Saint Laurent lan\u00e7a cole\u00e7\u00e3o exclusiva para a Colette\" data-image-description=\"\" data-image-caption=\"&lt;p&gt;Saint Laurent lan\u00e7a cole\u00e7\u00e3o exclusiva para a Colette&lt;\/p&gt;\n\" data-medium-file=\"https:\/\/i0.wp.com\/agrund.com\/wp-content\/uploads\/sites\/6\/2017\/11\/saint-laurent-colette-collaboration-spring-summer-2018-14-e1511459164284.jpg?fit=300%2C200&amp;ssl=1\" data-large-file=\"https:\/\/i0.wp.com\/agrund.com\/wp-content\/uploads\/sites\/6\/2017\/11\/saint-laurent-colette-collaboration-spring-summer-2018-14-e1511459164284.jpg?fit=1024%2C683&amp;ssl=1\" decoding=\"async\" loading=\"lazy\" class=\"size-full wp-image-175962\" src=\"https:\/\/i0.wp.com\/www.agrund.com\/wp-content\/uploads\/sites\/6\/2017\/11\/saint-laurent-colette-collaboration-spring-summer-2018-14-e1511459164284.jpg?resize=600%2C400\" alt=\"\" width=\"600\" height=\"400\" data-recalc-dims=\"1\" \/><p id=\"caption-attachment-175962\" class=\"wp-caption-text\">Saint Laurent lan\u00e7a cole\u00e7\u00e3o exclusiva para a Colette<\/p><\/div>\n<div id=\"attachment_175967\" style=\"width: 610px\" class=\"wp-caption aligncenter\"><img aria-describedby=\"caption-attachment-175967\" data-attachment-id=\"175967\" data-permalink=\"https:\/\/agrund.com\/index.php\/saint-laurent-lanca-colecao-exclusiva-para-a-colette\/saint-laurent-colette-collaboration-spring-summer-2018-4\/\" data-orig-file=\"https:\/\/i0.wp.com\/agrund.com\/wp-content\/uploads\/sites\/6\/2017\/11\/saint-laurent-colette-collaboration-spring-summer-2018-4-e1511459225446.jpg?fit=600%2C400&amp;ssl=1\" data-orig-size=\"600,400\" data-comments-opened=\"1\" data-image-meta=\"{&quot;aperture&quot;:&quot;0&quot;,&quot;credit&quot;:&quot;&quot;,&quot;camera&quot;:&quot;&quot;,&quot;caption&quot;:&quot;&quot;,&quot;created_timestamp&quot;:&quot;0&quot;,&quot;copyright&quot;:&quot;&quot;,&quot;focal_length&quot;:&quot;0&quot;,&quot;iso&quot;:&quot;0&quot;,&quot;shutter_speed&quot;:&quot;0&quot;,&quot;title&quot;:&quot;&quot;,&quot;orientation&quot;:&quot;0&quot;}\" data-image-title=\"Saint Laurent lan\u00e7a cole\u00e7\u00e3o exclusiva para a Colette\" data-image-description=\"\" data-image-caption=\"&lt;p&gt;Saint Laurent lan\u00e7a cole\u00e7\u00e3o exclusiva para a Colette&lt;\/p&gt;\n\" data-medium-file=\"https:\/\/i0.wp.com\/agrund.com\/wp-content\/uploads\/sites\/6\/2017\/11\/saint-laurent-colette-collaboration-spring-summer-2018-4-e1511459225446.jpg?fit=300%2C200&amp;ssl=1\" data-large-file=\"https:\/\/i0.wp.com\/agrund.com\/wp-content\/uploads\/sites\/6\/2017\/11\/saint-laurent-colette-collaboration-spring-summer-2018-4-e1511459225446.jpg?fit=1024%2C683&amp;ssl=1\" decoding=\"async\" loading=\"lazy\" class=\"size-full wp-image-175967\" src=\"https:\/\/i0.wp.com\/www.agrund.com\/wp-content\/uploads\/sites\/6\/2017\/11\/saint-laurent-colette-collaboration-spring-summer-2018-4-e1511459225446.jpg?resize=600%2C400\" alt=\"\" width=\"600\" height=\"400\" data-recalc-dims=\"1\" \/><p id=\"caption-attachment-175967\" class=\"wp-caption-text\">Saint Laurent lan\u00e7a cole\u00e7\u00e3o exclusiva para a Colette<\/p><\/div>\n<div id=\"attachment_175968\" style=\"width: 610px\" class=\"wp-caption aligncenter\"><img aria-describedby=\"caption-attachment-175968\" data-attachment-id=\"175968\" data-permalink=\"https:\/\/agrund.com\/index.php\/saint-laurent-lanca-colecao-exclusiva-para-a-colette\/saint-laurent-colette-collaboration-spring-summer-2018-24\/\" data-orig-file=\"https:\/\/i0.wp.com\/agrund.com\/wp-content\/uploads\/sites\/6\/2017\/11\/saint-laurent-colette-collaboration-spring-summer-2018-24-e1511459240165.jpg?fit=600%2C400&amp;ssl=1\" data-orig-size=\"600,400\" data-comments-opened=\"1\" data-image-meta=\"{&quot;aperture&quot;:&quot;0&quot;,&quot;credit&quot;:&quot;&quot;,&quot;camera&quot;:&quot;&quot;,&quot;caption&quot;:&quot;&quot;,&quot;created_timestamp&quot;:&quot;0&quot;,&quot;copyright&quot;:&quot;&quot;,&quot;focal_length&quot;:&quot;0&quot;,&quot;iso&quot;:&quot;0&quot;,&quot;shutter_speed&quot;:&quot;0&quot;,&quot;title&quot;:&quot;&quot;,&quot;orientation&quot;:&quot;0&quot;}\" data-image-title=\"Saint Laurent lan\u00e7a cole\u00e7\u00e3o exclusiva para a Colette\" data-image-description=\"\" data-image-caption=\"&lt;p&gt;Saint Laurent lan\u00e7a cole\u00e7\u00e3o exclusiva para a Colette&lt;\/p&gt;\n\" data-medium-file=\"https:\/\/i0.wp.com\/agrund.com\/wp-content\/uploads\/sites\/6\/2017\/11\/saint-laurent-colette-collaboration-spring-summer-2018-24-e1511459240165.jpg?fit=300%2C200&amp;ssl=1\" data-large-file=\"https:\/\/i0.wp.com\/agrund.com\/wp-content\/uploads\/sites\/6\/2017\/11\/saint-laurent-colette-collaboration-spring-summer-2018-24-e1511459240165.jpg?fit=1024%2C683&amp;ssl=1\" decoding=\"async\" loading=\"lazy\" class=\"size-full wp-image-175968\" src=\"https:\/\/i0.wp.com\/www.agrund.com\/wp-content\/uploads\/sites\/6\/2017\/11\/saint-laurent-colette-collaboration-spring-summer-2018-24-e1511459240165.jpg?resize=600%2C400\" alt=\"\" width=\"600\" height=\"400\" data-recalc-dims=\"1\" \/><p id=\"caption-attachment-175968\" class=\"wp-caption-text\">Saint Laurent lan\u00e7a cole\u00e7\u00e3o exclusiva para a Colette<\/p><\/div>\n<div id=\"attachment_175969\" style=\"width: 610px\" class=\"wp-caption aligncenter\"><img aria-describedby=\"caption-attachment-175969\" data-attachment-id=\"175969\" data-permalink=\"https:\/\/agrund.com\/index.php\/saint-laurent-lanca-colecao-exclusiva-para-a-colette\/saint-laurent-colette-collaboration-spring-summer-2018-26\/\" data-orig-file=\"https:\/\/i0.wp.com\/agrund.com\/wp-content\/uploads\/sites\/6\/2017\/11\/saint-laurent-colette-collaboration-spring-summer-2018-26-e1511459260375.jpg?fit=600%2C400&amp;ssl=1\" data-orig-size=\"600,400\" data-comments-opened=\"1\" data-image-meta=\"{&quot;aperture&quot;:&quot;0&quot;,&quot;credit&quot;:&quot;&quot;,&quot;camera&quot;:&quot;&quot;,&quot;caption&quot;:&quot;&quot;,&quot;created_timestamp&quot;:&quot;0&quot;,&quot;copyright&quot;:&quot;&quot;,&quot;focal_length&quot;:&quot;0&quot;,&quot;iso&quot;:&quot;0&quot;,&quot;shutter_speed&quot;:&quot;0&quot;,&quot;title&quot;:&quot;&quot;,&quot;orientation&quot;:&quot;0&quot;}\" data-image-title=\"Saint Laurent lan\u00e7a cole\u00e7\u00e3o exclusiva para a Colette\" data-image-description=\"\" data-image-caption=\"&lt;p&gt;Saint Laurent lan\u00e7a cole\u00e7\u00e3o exclusiva para a Colette&lt;\/p&gt;\n\" data-medium-file=\"https:\/\/i0.wp.com\/agrund.com\/wp-content\/uploads\/sites\/6\/2017\/11\/saint-laurent-colette-collaboration-spring-summer-2018-26-e1511459260375.jpg?fit=300%2C200&amp;ssl=1\" data-large-file=\"https:\/\/i0.wp.com\/agrund.com\/wp-content\/uploads\/sites\/6\/2017\/11\/saint-laurent-colette-collaboration-spring-summer-2018-26-e1511459260375.jpg?fit=1024%2C683&amp;ssl=1\" decoding=\"async\" loading=\"lazy\" class=\"size-full wp-image-175969\" src=\"https:\/\/i0.wp.com\/www.agrund.com\/wp-content\/uploads\/sites\/6\/2017\/11\/saint-laurent-colette-collaboration-spring-summer-2018-26-e1511459260375.jpg?resize=600%2C400\" alt=\"\" width=\"600\" height=\"400\" data-recalc-dims=\"1\" \/><p id=\"caption-attachment-175969\" class=\"wp-caption-text\">Saint Laurent lan\u00e7a cole\u00e7\u00e3o exclusiva para a Colette<\/p><\/div>\n<p>Fotos: Reprodu\u00e7\u00e3o.<\/p>\n","protected":false},"excerpt":{"rendered":"<p>Como voc\u00eas j\u00e1 sabem, dezembro \u00e9 o \u00faltimo m\u00eas de funcionamento da Colette, mas tem muitas cole\u00e7\u00f5es especiais por l\u00e1. Depois da Chanel, agora \u00e9 a vez da Saint Laurent lan\u00e7ar uma cole\u00e7\u00e3o-c\u00e1psula exclusiva para a loja de departamento. O primeiro andar do ic\u00f4nico endere\u00e7o receber\u00e1 verdadeiros itens de colecionador como capacetes assinados por Ruby, [&hellip;]<\/p>\n","protected":false},"author":8,"featured_media":175970,"comment_status":"open","ping_status":"open","sticky":false,"template":"","format":"standard","meta":{"jetpack_post_was_ever_published":false,"_jetpack_newsletter_access":"","jetpack_publicize_message":"","jetpack_is_tweetstorm":false,"jetpack_publicize_feature_enabled":true,"jetpack_social_post_already_shared":true,"jetpack_social_options":{"image_generator_settings":{"template":"highway","enabled":false}}},"categories":[2],"tags":[],"jetpack_publicize_connections":[],"jetpack_featured_media_url":"https:\/\/i0.wp.com\/agrund.com\/wp-content\/uploads\/sites\/6\/2017\/11\/s-81.jpg?fit=960%2C300&ssl=1","jetpack_sharing_enabled":true,"jetpack_shortlink":"https:\/\/wp.me\/p3Hz0n-JM4","jetpack_likes_enabled":true,"_links":{"self":[{"href":"https:\/\/agrund.com\/index.php\/wp-json\/wp\/v2\/posts\/175960"}],"collection":[{"href":"https:\/\/agrund.com\/index.php\/wp-json\/wp\/v2\/posts"}],"about":[{"href":"https:\/\/agrund.com\/index.php\/wp-json\/wp\/v2\/types\/post"}],"author":[{"embeddable":true,"href":"https:\/\/agrund.com\/index.php\/wp-json\/wp\/v2\/users\/8"}],"replies":[{"embeddable":true,"href":"https:\/\/agrund.com\/index.php\/wp-json\/wp\/v2\/comments?post=175960"}],"version-history":[{"count":0,"href":"https:\/\/agrund.com\/index.php\/wp-json\/wp\/v2\/posts\/175960\/revisions"}],"wp:featuredmedia":[{"embeddable":true,"href":"https:\/\/agrund.com\/index.php\/wp-json\/wp\/v2\/media\/175970"}],"wp:attachment":[{"href":"https:\/\/agrund.com\/index.php\/wp-json\/wp\/v2\/media?parent=175960"}],"wp:term":[{"taxonomy":"category","embeddable":true,"href":"https:\/\/agrund.com\/index.php\/wp-json\/wp\/v2\/categories?post=175960"},{"taxonomy":"post_tag","embeddable":true,"href":"https:\/\/agrund.com\/index.php\/wp-json\/wp\/v2\/tags?post=175960"}],"curies":[{"name":"wp","href":"https:\/\/api.w.org\/{rel}","templated":true}]}}