{"id":175929,"date":"2017-11-23T11:00:16","date_gmt":"2017-11-23T13:00:16","guid":{"rendered":"http:\/\/www.agrund.com\/?p=175929"},"modified":"2017-11-23T10:01:25","modified_gmt":"2017-11-23T12:01:25","slug":"calvin-klein-amazon-e-karlie-kloss-juntos","status":"publish","type":"post","link":"https:\/\/agrund.com\/index.php\/calvin-klein-amazon-e-karlie-kloss-juntos\/","title":{"rendered":"Calvin Klein, Amazon e Karlie Kloss juntos"},"content":{"rendered":"<p>No come\u00e7o de novembro, a Calvin Klein anunciou uma parceria com a Amazon Fashion que resultou em lojas pop-iOS em Nova York e Los Angeles, al\u00e9m das pe\u00e7as da marca sendo vendidas no e-commerce.<\/p>\n<p>Agora, essa colabora\u00e7\u00e3o ganhou uma campanha estrelada por Karlie Kloss. A modelo posou em um est\u00fadio branco, vestindo tanto as pe\u00e7as de jeanswear como as de underwear.<\/p>\n<p>O resultado voc\u00ea confere na galeria abaixo:<\/p>\n<div id=\"attachment_175930\" style=\"width: 610px\" class=\"wp-caption aligncenter\"><img aria-describedby=\"caption-attachment-175930\" data-attachment-id=\"175930\" data-permalink=\"https:\/\/agrund.com\/index.php\/calvin-klein-amazon-e-karlie-kloss-juntos\/karlie-kloss-calvin-klein-amazon-fashion\/\" data-orig-file=\"https:\/\/i0.wp.com\/agrund.com\/wp-content\/uploads\/sites\/6\/2017\/11\/Karlie-Kloss-Calvin-Klein-Amazon-Fashion-e1511438351290.jpg?fit=600%2C750&amp;ssl=1\" data-orig-size=\"600,750\" data-comments-opened=\"1\" data-image-meta=\"{&quot;aperture&quot;:&quot;0&quot;,&quot;credit&quot;:&quot;&quot;,&quot;camera&quot;:&quot;&quot;,&quot;caption&quot;:&quot;&quot;,&quot;created_timestamp&quot;:&quot;0&quot;,&quot;copyright&quot;:&quot;&quot;,&quot;focal_length&quot;:&quot;0&quot;,&quot;iso&quot;:&quot;0&quot;,&quot;shutter_speed&quot;:&quot;0&quot;,&quot;title&quot;:&quot;&quot;,&quot;orientation&quot;:&quot;1&quot;}\" data-image-title=\"Calvin Klein, Amazon e Karlie Kloss juntos\" data-image-description=\"\" data-image-caption=\"&lt;p&gt;Calvin Klein, Amazon e Karlie Kloss juntos&lt;\/p&gt;\n\" data-medium-file=\"https:\/\/i0.wp.com\/agrund.com\/wp-content\/uploads\/sites\/6\/2017\/11\/Karlie-Kloss-Calvin-Klein-Amazon-Fashion-e1511438351290.jpg?fit=240%2C300&amp;ssl=1\" data-large-file=\"https:\/\/i0.wp.com\/agrund.com\/wp-content\/uploads\/sites\/6\/2017\/11\/Karlie-Kloss-Calvin-Klein-Amazon-Fashion-e1511438351290.jpg?fit=600%2C750&amp;ssl=1\" decoding=\"async\" loading=\"lazy\" class=\"size-full wp-image-175930\" src=\"https:\/\/i0.wp.com\/www.agrund.com\/wp-content\/uploads\/sites\/6\/2017\/11\/Karlie-Kloss-Calvin-Klein-Amazon-Fashion-e1511438351290.jpg?resize=600%2C750\" alt=\"\" width=\"600\" height=\"750\" data-recalc-dims=\"1\" \/><p id=\"caption-attachment-175930\" class=\"wp-caption-text\">Calvin Klein, Amazon e Karlie Kloss juntos<\/p><\/div>\n<div id=\"attachment_175931\" style=\"width: 610px\" class=\"wp-caption aligncenter\"><img aria-describedby=\"caption-attachment-175931\" data-attachment-id=\"175931\" data-permalink=\"https:\/\/agrund.com\/index.php\/calvin-klein-amazon-e-karlie-kloss-juntos\/karlie-kloss-calvin-klein-amazon-fashion10098\/\" data-orig-file=\"https:\/\/i0.wp.com\/agrund.com\/wp-content\/uploads\/sites\/6\/2017\/11\/Karlie-Kloss-Calvin-Klein-Amazon-Fashion10098-e1511438366413.jpg?fit=600%2C435&amp;ssl=1\" data-orig-size=\"600,435\" data-comments-opened=\"1\" data-image-meta=\"{&quot;aperture&quot;:&quot;0&quot;,&quot;credit&quot;:&quot;&quot;,&quot;camera&quot;:&quot;&quot;,&quot;caption&quot;:&quot;&quot;,&quot;created_timestamp&quot;:&quot;0&quot;,&quot;copyright&quot;:&quot;&quot;,&quot;focal_length&quot;:&quot;0&quot;,&quot;iso&quot;:&quot;0&quot;,&quot;shutter_speed&quot;:&quot;0&quot;,&quot;title&quot;:&quot;&quot;,&quot;orientation&quot;:&quot;1&quot;}\" data-image-title=\"Calvin Klein, Amazon e Karlie Kloss juntos\" data-image-description=\"\" data-image-caption=\"&lt;p&gt;Calvin Klein, Amazon e Karlie Kloss juntos&lt;\/p&gt;\n\" data-medium-file=\"https:\/\/i0.wp.com\/agrund.com\/wp-content\/uploads\/sites\/6\/2017\/11\/Karlie-Kloss-Calvin-Klein-Amazon-Fashion10098-e1511438366413.jpg?fit=300%2C218&amp;ssl=1\" data-large-file=\"https:\/\/i0.wp.com\/agrund.com\/wp-content\/uploads\/sites\/6\/2017\/11\/Karlie-Kloss-Calvin-Klein-Amazon-Fashion10098-e1511438366413.jpg?fit=600%2C435&amp;ssl=1\" decoding=\"async\" loading=\"lazy\" class=\"size-full wp-image-175931\" src=\"https:\/\/i0.wp.com\/www.agrund.com\/wp-content\/uploads\/sites\/6\/2017\/11\/Karlie-Kloss-Calvin-Klein-Amazon-Fashion10098-e1511438366413.jpg?resize=600%2C435\" alt=\"\" width=\"600\" height=\"435\" data-recalc-dims=\"1\" \/><p id=\"caption-attachment-175931\" class=\"wp-caption-text\">Calvin Klein, Amazon e Karlie Kloss juntos<\/p><\/div>\n<div id=\"attachment_175935\" style=\"width: 610px\" class=\"wp-caption aligncenter\"><img aria-describedby=\"caption-attachment-175935\" data-attachment-id=\"175935\" data-permalink=\"https:\/\/agrund.com\/index.php\/calvin-klein-amazon-e-karlie-kloss-juntos\/karlie-kloss-calvin-klein-amazon-fashion62001\/\" data-orig-file=\"https:\/\/i0.wp.com\/agrund.com\/wp-content\/uploads\/sites\/6\/2017\/11\/Karlie-Kloss-Calvin-Klein-Amazon-Fashion62001-e1511438379779.jpg?fit=600%2C450&amp;ssl=1\" data-orig-size=\"600,450\" data-comments-opened=\"1\" data-image-meta=\"{&quot;aperture&quot;:&quot;0&quot;,&quot;credit&quot;:&quot;&quot;,&quot;camera&quot;:&quot;&quot;,&quot;caption&quot;:&quot;&quot;,&quot;created_timestamp&quot;:&quot;0&quot;,&quot;copyright&quot;:&quot;&quot;,&quot;focal_length&quot;:&quot;0&quot;,&quot;iso&quot;:&quot;0&quot;,&quot;shutter_speed&quot;:&quot;0&quot;,&quot;title&quot;:&quot;&quot;,&quot;orientation&quot;:&quot;1&quot;}\" data-image-title=\"Calvin Klein, Amazon e Karlie Kloss juntos\" data-image-description=\"\" data-image-caption=\"&lt;p&gt;Calvin Klein, Amazon e Karlie Kloss juntos&lt;\/p&gt;\n\" data-medium-file=\"https:\/\/i0.wp.com\/agrund.com\/wp-content\/uploads\/sites\/6\/2017\/11\/Karlie-Kloss-Calvin-Klein-Amazon-Fashion62001-e1511438379779.jpg?fit=300%2C225&amp;ssl=1\" data-large-file=\"https:\/\/i0.wp.com\/agrund.com\/wp-content\/uploads\/sites\/6\/2017\/11\/Karlie-Kloss-Calvin-Klein-Amazon-Fashion62001-e1511438379779.jpg?fit=600%2C450&amp;ssl=1\" decoding=\"async\" loading=\"lazy\" class=\"size-full wp-image-175935\" src=\"https:\/\/i0.wp.com\/www.agrund.com\/wp-content\/uploads\/sites\/6\/2017\/11\/Karlie-Kloss-Calvin-Klein-Amazon-Fashion62001-e1511438379779.jpg?resize=600%2C450\" alt=\"\" width=\"600\" height=\"450\" data-recalc-dims=\"1\" \/><p id=\"caption-attachment-175935\" class=\"wp-caption-text\">Calvin Klein, Amazon e Karlie Kloss juntos<\/p><\/div>\n<div id=\"attachment_175932\" style=\"width: 610px\" class=\"wp-caption aligncenter\"><img aria-describedby=\"caption-attachment-175932\" data-attachment-id=\"175932\" data-permalink=\"https:\/\/agrund.com\/index.php\/calvin-klein-amazon-e-karlie-kloss-juntos\/karlie-kloss-calvin-klein-amazon-fashion21212\/\" data-orig-file=\"https:\/\/i0.wp.com\/agrund.com\/wp-content\/uploads\/sites\/6\/2017\/11\/Karlie-Kloss-Calvin-Klein-Amazon-Fashion21212-e1511438393817.jpg?fit=600%2C766&amp;ssl=1\" data-orig-size=\"600,766\" data-comments-opened=\"1\" data-image-meta=\"{&quot;aperture&quot;:&quot;0&quot;,&quot;credit&quot;:&quot;&quot;,&quot;camera&quot;:&quot;&quot;,&quot;caption&quot;:&quot;&quot;,&quot;created_timestamp&quot;:&quot;0&quot;,&quot;copyright&quot;:&quot;&quot;,&quot;focal_length&quot;:&quot;0&quot;,&quot;iso&quot;:&quot;0&quot;,&quot;shutter_speed&quot;:&quot;0&quot;,&quot;title&quot;:&quot;&quot;,&quot;orientation&quot;:&quot;1&quot;}\" data-image-title=\"Calvin Klein, Amazon e Karlie Kloss juntos\" data-image-description=\"\" data-image-caption=\"&lt;p&gt;Calvin Klein, Amazon e Karlie Kloss juntos&lt;\/p&gt;\n\" data-medium-file=\"https:\/\/i0.wp.com\/agrund.com\/wp-content\/uploads\/sites\/6\/2017\/11\/Karlie-Kloss-Calvin-Klein-Amazon-Fashion21212-e1511438393817.jpg?fit=235%2C300&amp;ssl=1\" data-large-file=\"https:\/\/i0.wp.com\/agrund.com\/wp-content\/uploads\/sites\/6\/2017\/11\/Karlie-Kloss-Calvin-Klein-Amazon-Fashion21212-e1511438393817.jpg?fit=600%2C766&amp;ssl=1\" decoding=\"async\" loading=\"lazy\" class=\"size-full wp-image-175932\" src=\"https:\/\/i0.wp.com\/www.agrund.com\/wp-content\/uploads\/sites\/6\/2017\/11\/Karlie-Kloss-Calvin-Klein-Amazon-Fashion21212-e1511438393817.jpg?resize=600%2C766\" alt=\"\" width=\"600\" height=\"766\" data-recalc-dims=\"1\" \/><p id=\"caption-attachment-175932\" class=\"wp-caption-text\">Calvin Klein, Amazon e Karlie Kloss juntos<\/p><\/div>\n<div id=\"attachment_175934\" style=\"width: 610px\" class=\"wp-caption aligncenter\"><img aria-describedby=\"caption-attachment-175934\" data-attachment-id=\"175934\" data-permalink=\"https:\/\/agrund.com\/index.php\/calvin-klein-amazon-e-karlie-kloss-juntos\/karlie-kloss-calvin-klein-amazon-fashion57446\/\" data-orig-file=\"https:\/\/i0.wp.com\/agrund.com\/wp-content\/uploads\/sites\/6\/2017\/11\/Karlie-Kloss-Calvin-Klein-Amazon-Fashion57446-e1511438406622.jpg?fit=600%2C450&amp;ssl=1\" data-orig-size=\"600,450\" data-comments-opened=\"1\" data-image-meta=\"{&quot;aperture&quot;:&quot;0&quot;,&quot;credit&quot;:&quot;&quot;,&quot;camera&quot;:&quot;&quot;,&quot;caption&quot;:&quot;&quot;,&quot;created_timestamp&quot;:&quot;0&quot;,&quot;copyright&quot;:&quot;&quot;,&quot;focal_length&quot;:&quot;0&quot;,&quot;iso&quot;:&quot;0&quot;,&quot;shutter_speed&quot;:&quot;0&quot;,&quot;title&quot;:&quot;&quot;,&quot;orientation&quot;:&quot;1&quot;}\" data-image-title=\"Calvin Klein, Amazon e Karlie Kloss juntos\" data-image-description=\"\" data-image-caption=\"&lt;p&gt;Calvin Klein, Amazon e Karlie Kloss juntos&lt;\/p&gt;\n\" data-medium-file=\"https:\/\/i0.wp.com\/agrund.com\/wp-content\/uploads\/sites\/6\/2017\/11\/Karlie-Kloss-Calvin-Klein-Amazon-Fashion57446-e1511438406622.jpg?fit=300%2C225&amp;ssl=1\" data-large-file=\"https:\/\/i0.wp.com\/agrund.com\/wp-content\/uploads\/sites\/6\/2017\/11\/Karlie-Kloss-Calvin-Klein-Amazon-Fashion57446-e1511438406622.jpg?fit=600%2C450&amp;ssl=1\" decoding=\"async\" loading=\"lazy\" class=\"size-full wp-image-175934\" src=\"https:\/\/i0.wp.com\/www.agrund.com\/wp-content\/uploads\/sites\/6\/2017\/11\/Karlie-Kloss-Calvin-Klein-Amazon-Fashion57446-e1511438406622.jpg?resize=600%2C450\" alt=\"\" width=\"600\" height=\"450\" data-recalc-dims=\"1\" \/><p id=\"caption-attachment-175934\" class=\"wp-caption-text\">Calvin Klein, Amazon e Karlie Kloss juntos<\/p><\/div>\n<p>Foto: Reprodu\u00e7\u00e3o.<\/p>\n","protected":false},"excerpt":{"rendered":"<p>No come\u00e7o de novembro, a Calvin Klein anunciou uma parceria com a Amazon Fashion que resultou em lojas pop-iOS em Nova York e Los Angeles, al\u00e9m das pe\u00e7as da marca sendo vendidas no e-commerce. Agora, essa colabora\u00e7\u00e3o ganhou uma campanha estrelada por Karlie Kloss. A modelo posou em um est\u00fadio branco, vestindo tanto as pe\u00e7as [&hellip;]<\/p>\n","protected":false},"author":8,"featured_media":175936,"comment_status":"open","ping_status":"open","sticky":false,"template":"","format":"standard","meta":{"jetpack_post_was_ever_published":false,"_jetpack_newsletter_access":"","jetpack_publicize_message":"","jetpack_is_tweetstorm":false,"jetpack_publicize_feature_enabled":true,"jetpack_social_post_already_shared":true,"jetpack_social_options":{"image_generator_settings":{"template":"highway","enabled":false}}},"categories":[2],"tags":[],"jetpack_publicize_connections":[],"jetpack_featured_media_url":"https:\/\/i0.wp.com\/agrund.com\/wp-content\/uploads\/sites\/6\/2017\/11\/s-78.jpg?fit=960%2C300&ssl=1","jetpack_sharing_enabled":true,"jetpack_shortlink":"https:\/\/wp.me\/p3Hz0n-JLz","jetpack_likes_enabled":true,"_links":{"self":[{"href":"https:\/\/agrund.com\/index.php\/wp-json\/wp\/v2\/posts\/175929"}],"collection":[{"href":"https:\/\/agrund.com\/index.php\/wp-json\/wp\/v2\/posts"}],"about":[{"href":"https:\/\/agrund.com\/index.php\/wp-json\/wp\/v2\/types\/post"}],"author":[{"embeddable":true,"href":"https:\/\/agrund.com\/index.php\/wp-json\/wp\/v2\/users\/8"}],"replies":[{"embeddable":true,"href":"https:\/\/agrund.com\/index.php\/wp-json\/wp\/v2\/comments?post=175929"}],"version-history":[{"count":0,"href":"https:\/\/agrund.com\/index.php\/wp-json\/wp\/v2\/posts\/175929\/revisions"}],"wp:featuredmedia":[{"embeddable":true,"href":"https:\/\/agrund.com\/index.php\/wp-json\/wp\/v2\/media\/175936"}],"wp:attachment":[{"href":"https:\/\/agrund.com\/index.php\/wp-json\/wp\/v2\/media?parent=175929"}],"wp:term":[{"taxonomy":"category","embeddable":true,"href":"https:\/\/agrund.com\/index.php\/wp-json\/wp\/v2\/categories?post=175929"},{"taxonomy":"post_tag","embeddable":true,"href":"https:\/\/agrund.com\/index.php\/wp-json\/wp\/v2\/tags?post=175929"}],"curies":[{"name":"wp","href":"https:\/\/api.w.org\/{rel}","templated":true}]}}