{"id":175907,"date":"2017-11-22T16:00:10","date_gmt":"2017-11-22T18:00:10","guid":{"rendered":"http:\/\/www.agrund.com\/?p=175907"},"modified":"2017-12-08T12:17:54","modified_gmt":"2017-12-08T14:17:54","slug":"lancamento-as-armadilhas-da-moda","status":"publish","type":"post","link":"https:\/\/agrund.com\/index.php\/lancamento-as-armadilhas-da-moda\/","title":{"rendered":"Lan\u00e7amento :: \u2018As Armadilhas da Moda\u2019"},"content":{"rendered":"<p>Como eu j\u00e1 contei <a href=\"http:\/\/www.agrund.com\/vou-lancar-meu-segundo-livro\/\">AQUI<\/a> que estou lan\u00e7ando meu novo livro, chamado \u2018As Armadilhas da Moda\u2019 Para comemorar este momento t\u00e3o importante, estarei em uma noite de aut\u00f3grafos no pr\u00f3ximo dia 29 de novembro (quarta-feira), em S\u00e3o Paulo. Vamos nos encontrar?<\/p>\n<p>Ent\u00e3o anote na sua agenda:<\/p>\n<div id=\"attachment_175909\" style=\"width: 610px\" class=\"wp-caption aligncenter\"><img aria-describedby=\"caption-attachment-175909\" data-attachment-id=\"175909\" data-permalink=\"https:\/\/agrund.com\/index.php\/lancamento-as-armadilhas-da-moda\/haha\/\" data-orig-file=\"https:\/\/i0.wp.com\/agrund.com\/wp-content\/uploads\/sites\/6\/2017\/11\/haha-e1511370190401.jpeg?fit=600%2C572&amp;ssl=1\" data-orig-size=\"600,572\" data-comments-opened=\"1\" data-image-meta=\"{&quot;aperture&quot;:&quot;0&quot;,&quot;credit&quot;:&quot;&quot;,&quot;camera&quot;:&quot;&quot;,&quot;caption&quot;:&quot;&quot;,&quot;created_timestamp&quot;:&quot;0&quot;,&quot;copyright&quot;:&quot;&quot;,&quot;focal_length&quot;:&quot;0&quot;,&quot;iso&quot;:&quot;0&quot;,&quot;shutter_speed&quot;:&quot;0&quot;,&quot;title&quot;:&quot;&quot;,&quot;orientation&quot;:&quot;0&quot;}\" data-image-title=\"Lan\u00e7amento :: \u2018As Armadilhas da Moda\u2019\" data-image-description=\"\" data-image-caption=\"&lt;p&gt;Lan\u00e7amento :: \u2018As Armadilhas da Moda\u2019&lt;\/p&gt;\n\" data-medium-file=\"https:\/\/i0.wp.com\/agrund.com\/wp-content\/uploads\/sites\/6\/2017\/11\/haha-e1511370190401.jpeg?fit=300%2C286&amp;ssl=1\" data-large-file=\"https:\/\/i0.wp.com\/agrund.com\/wp-content\/uploads\/sites\/6\/2017\/11\/haha-e1511370190401.jpeg?fit=600%2C572&amp;ssl=1\" decoding=\"async\" loading=\"lazy\" class=\"size-full wp-image-175909\" src=\"https:\/\/i0.wp.com\/www.agrund.com\/wp-content\/uploads\/sites\/6\/2017\/11\/haha-e1511370190401.jpeg?resize=600%2C572\" alt=\"\" width=\"600\" height=\"572\" data-recalc-dims=\"1\" \/><p id=\"caption-attachment-175909\" class=\"wp-caption-text\">Lan\u00e7amento :: \u2018As Armadilhas da Moda\u2019<\/p><\/div>\n<p><strong>Lan\u00e7amento \u2018As Armadilhas da Moda\u2019<\/strong><br \/>\nData: 29 de novembro<br \/>\nHor\u00e1rio: A partir das 19h<br \/>\nLocal: Livraria Cultura, do Conjunto Nacional<\/p>\n<p>&nbsp;<\/p>\n<p>Foto: Agrund.com<\/p>\n<p>&nbsp;<\/p>\n","protected":false},"excerpt":{"rendered":"<p>Como eu j\u00e1 contei AQUI que estou lan\u00e7ando meu novo livro, chamado \u2018As Armadilhas da Moda\u2019 Para comemorar este momento t\u00e3o importante, estarei em uma noite de aut\u00f3grafos no pr\u00f3ximo dia 29 de novembro (quarta-feira), em S\u00e3o Paulo. Vamos nos encontrar? Ent\u00e3o anote na sua agenda: Lan\u00e7amento \u2018As Armadilhas da Moda\u2019 Data: 29 de novembro [&hellip;]<\/p>\n","protected":false},"author":8,"featured_media":175908,"comment_status":"open","ping_status":"open","sticky":false,"template":"","format":"standard","meta":{"jetpack_post_was_ever_published":false,"_jetpack_newsletter_access":"","jetpack_publicize_message":"","jetpack_is_tweetstorm":false,"jetpack_publicize_feature_enabled":true,"jetpack_social_post_already_shared":true,"jetpack_social_options":{"image_generator_settings":{"template":"highway","enabled":false}}},"categories":[2],"tags":[],"jetpack_publicize_connections":[],"jetpack_featured_media_url":"https:\/\/i0.wp.com\/agrund.com\/wp-content\/uploads\/sites\/6\/2017\/11\/s-77.jpg?fit=960%2C300&ssl=1","jetpack_sharing_enabled":true,"jetpack_shortlink":"https:\/\/wp.me\/p3Hz0n-JLd","jetpack_likes_enabled":true,"_links":{"self":[{"href":"https:\/\/agrund.com\/index.php\/wp-json\/wp\/v2\/posts\/175907"}],"collection":[{"href":"https:\/\/agrund.com\/index.php\/wp-json\/wp\/v2\/posts"}],"about":[{"href":"https:\/\/agrund.com\/index.php\/wp-json\/wp\/v2\/types\/post"}],"author":[{"embeddable":true,"href":"https:\/\/agrund.com\/index.php\/wp-json\/wp\/v2\/users\/8"}],"replies":[{"embeddable":true,"href":"https:\/\/agrund.com\/index.php\/wp-json\/wp\/v2\/comments?post=175907"}],"version-history":[{"count":0,"href":"https:\/\/agrund.com\/index.php\/wp-json\/wp\/v2\/posts\/175907\/revisions"}],"wp:featuredmedia":[{"embeddable":true,"href":"https:\/\/agrund.com\/index.php\/wp-json\/wp\/v2\/media\/175908"}],"wp:attachment":[{"href":"https:\/\/agrund.com\/index.php\/wp-json\/wp\/v2\/media?parent=175907"}],"wp:term":[{"taxonomy":"category","embeddable":true,"href":"https:\/\/agrund.com\/index.php\/wp-json\/wp\/v2\/categories?post=175907"},{"taxonomy":"post_tag","embeddable":true,"href":"https:\/\/agrund.com\/index.php\/wp-json\/wp\/v2\/tags?post=175907"}],"curies":[{"name":"wp","href":"https:\/\/api.w.org\/{rel}","templated":true}]}}