{"id":175888,"date":"2017-11-22T12:00:08","date_gmt":"2017-11-22T14:00:08","guid":{"rendered":"http:\/\/www.agrund.com\/?p=175888"},"modified":"2017-11-22T10:54:09","modified_gmt":"2017-11-22T12:54:09","slug":"video-como-usar-camisa-branca","status":"publish","type":"post","link":"https:\/\/agrund.com\/index.php\/video-como-usar-camisa-branca\/","title":{"rendered":"V\u00eddeo :: Como usar camisa branca"},"content":{"rendered":"<div id=\"attachment_175890\" style=\"width: 570px\" class=\"wp-caption aligncenter\"><img aria-describedby=\"caption-attachment-175890\" data-attachment-id=\"175890\" data-permalink=\"https:\/\/agrund.com\/index.php\/video-como-usar-camisa-branca\/a-213\/\" data-orig-file=\"https:\/\/i0.wp.com\/agrund.com\/wp-content\/uploads\/sites\/6\/2017\/11\/a-23.jpg?fit=560%2C312&amp;ssl=1\" data-orig-size=\"560,312\" data-comments-opened=\"1\" data-image-meta=\"{&quot;aperture&quot;:&quot;0&quot;,&quot;credit&quot;:&quot;&quot;,&quot;camera&quot;:&quot;&quot;,&quot;caption&quot;:&quot;&quot;,&quot;created_timestamp&quot;:&quot;0&quot;,&quot;copyright&quot;:&quot;&quot;,&quot;focal_length&quot;:&quot;0&quot;,&quot;iso&quot;:&quot;0&quot;,&quot;shutter_speed&quot;:&quot;0&quot;,&quot;title&quot;:&quot;&quot;,&quot;orientation&quot;:&quot;1&quot;}\" data-image-title=\"V\u00eddeo :: Como usar camisa branca\" data-image-description=\"\" data-image-caption=\"&lt;p&gt;V\u00eddeo :: Como usar camisa branca&lt;\/p&gt;\n\" data-medium-file=\"https:\/\/i0.wp.com\/agrund.com\/wp-content\/uploads\/sites\/6\/2017\/11\/a-23.jpg?fit=300%2C167&amp;ssl=1\" data-large-file=\"https:\/\/i0.wp.com\/agrund.com\/wp-content\/uploads\/sites\/6\/2017\/11\/a-23.jpg?fit=560%2C312&amp;ssl=1\" decoding=\"async\" loading=\"lazy\" class=\"size-full wp-image-175890\" src=\"https:\/\/i0.wp.com\/www.agrund.com\/wp-content\/uploads\/sites\/6\/2017\/11\/a-23.jpg?resize=560%2C312\" alt=\"\" width=\"560\" height=\"312\" srcset=\"https:\/\/i0.wp.com\/agrund.com\/wp-content\/uploads\/sites\/6\/2017\/11\/a-23.jpg?w=560&amp;ssl=1 560w, https:\/\/i0.wp.com\/agrund.com\/wp-content\/uploads\/sites\/6\/2017\/11\/a-23.jpg?resize=300%2C167&amp;ssl=1 300w\" sizes=\"(max-width: 560px) 100vw, 560px\" data-recalc-dims=\"1\" \/><p id=\"caption-attachment-175890\" class=\"wp-caption-text\">V\u00eddeo :: Como usar camisa branca<\/p><\/div>\n<p>Todo mundo sabe que a camisa branca \u00e9 uma pe\u00e7a indispens\u00e1vel no guarda-roupa feminino, n\u00e9? Mas voc\u00ea sabe como us\u00e1-la?<\/p>\n<p>No v\u00eddeo desta semana do nosso canal, reuni algumas dicas para te ajudar a usar a camisa branca, tanto no trabalho quanto no lazer. Vamos l\u00e1? Aperte o play \ud83d\ude09<\/p>\n<span class=\"embed-youtube\" style=\"text-align:center; display: block;\"><iframe class=\"youtube-player\" width=\"560\" height=\"315\" src=\"https:\/\/www.youtube.com\/embed\/5YltijEBicc?version=3&#038;rel=1&#038;showsearch=0&#038;showinfo=1&#038;iv_load_policy=1&#038;fs=1&#038;hl=pt-BR&#038;autohide=2&#038;wmode=transparent\" allowfullscreen=\"true\" style=\"border:0;\" sandbox=\"allow-scripts allow-same-origin allow-popups allow-presentation\"><\/iframe><\/span>\n<p>V\u00eddeo: Duas Lentes.<\/p>\n","protected":false},"excerpt":{"rendered":"<p>Todo mundo sabe que a camisa branca \u00e9 uma pe\u00e7a indispens\u00e1vel no guarda-roupa feminino, n\u00e9? Mas voc\u00ea sabe como us\u00e1-la? No v\u00eddeo desta semana do nosso canal, reuni algumas dicas para te ajudar a usar a camisa branca, tanto no trabalho quanto no lazer. Vamos l\u00e1? Aperte o play \ud83d\ude09 V\u00eddeo: Duas Lentes.<\/p>\n","protected":false},"author":8,"featured_media":175889,"comment_status":"open","ping_status":"open","sticky":false,"template":"","format":"standard","meta":{"jetpack_post_was_ever_published":false,"_jetpack_newsletter_access":"","jetpack_publicize_message":"","jetpack_is_tweetstorm":false,"jetpack_publicize_feature_enabled":true,"jetpack_social_post_already_shared":true,"jetpack_social_options":{"image_generator_settings":{"template":"highway","enabled":false}}},"categories":[2],"tags":[],"jetpack_publicize_connections":[],"jetpack_featured_media_url":"https:\/\/i0.wp.com\/agrund.com\/wp-content\/uploads\/sites\/6\/2017\/11\/s-74.jpg?fit=960%2C300&ssl=1","jetpack_sharing_enabled":true,"jetpack_shortlink":"https:\/\/wp.me\/p3Hz0n-JKU","jetpack_likes_enabled":true,"_links":{"self":[{"href":"https:\/\/agrund.com\/index.php\/wp-json\/wp\/v2\/posts\/175888"}],"collection":[{"href":"https:\/\/agrund.com\/index.php\/wp-json\/wp\/v2\/posts"}],"about":[{"href":"https:\/\/agrund.com\/index.php\/wp-json\/wp\/v2\/types\/post"}],"author":[{"embeddable":true,"href":"https:\/\/agrund.com\/index.php\/wp-json\/wp\/v2\/users\/8"}],"replies":[{"embeddable":true,"href":"https:\/\/agrund.com\/index.php\/wp-json\/wp\/v2\/comments?post=175888"}],"version-history":[{"count":0,"href":"https:\/\/agrund.com\/index.php\/wp-json\/wp\/v2\/posts\/175888\/revisions"}],"wp:featuredmedia":[{"embeddable":true,"href":"https:\/\/agrund.com\/index.php\/wp-json\/wp\/v2\/media\/175889"}],"wp:attachment":[{"href":"https:\/\/agrund.com\/index.php\/wp-json\/wp\/v2\/media?parent=175888"}],"wp:term":[{"taxonomy":"category","embeddable":true,"href":"https:\/\/agrund.com\/index.php\/wp-json\/wp\/v2\/categories?post=175888"},{"taxonomy":"post_tag","embeddable":true,"href":"https:\/\/agrund.com\/index.php\/wp-json\/wp\/v2\/tags?post=175888"}],"curies":[{"name":"wp","href":"https:\/\/api.w.org\/{rel}","templated":true}]}}