{"id":175865,"date":"2017-11-21T19:00:48","date_gmt":"2017-11-21T21:00:48","guid":{"rendered":"http:\/\/www.agrund.com\/?p=175865"},"modified":"2017-11-21T16:44:03","modified_gmt":"2017-11-21T18:44:03","slug":"solange-knowles-estrela-campanha-da-calvin-klein","status":"publish","type":"post","link":"https:\/\/agrund.com\/index.php\/solange-knowles-estrela-campanha-da-calvin-klein\/","title":{"rendered":"Solange Knowles estrela campanha da Calvin Klein"},"content":{"rendered":"<p>A Calvin Klein convocou Solange Knowles para estrelar a sua nova campanha, mas ela n\u00e3o est\u00e1 sozinha. Para os cliques que fazem parte do novo projeto da marca, chamado \u201cOur Music #MYCALVINS\u201d, a pr\u00f3pria Solange foi a respons\u00e1vel por escolher o casting que estaria ao seu lado.<\/p>\n<p>A cantora convocou os m\u00fasicos Kelela, Dev Hynes, Caroline Polachek e Adam Bainbridge e o resultado \u00e9 como uma verdadeira fam\u00edlias de artistas. A campanha tem o intuito de mostrar a personalidade \u00fanica de cada um, mas que s\u00e3o complementares quando est\u00e3o juntas. Os cliques s\u00e3o de Willy Vanderperre. Confira!<\/p>\n<div id=\"attachment_175866\" style=\"width: 610px\" class=\"wp-caption aligncenter\"><img aria-describedby=\"caption-attachment-175866\" data-attachment-id=\"175866\" data-permalink=\"https:\/\/agrund.com\/index.php\/solange-knowles-estrela-campanha-da-calvin-klein\/1-1163\/\" data-orig-file=\"https:\/\/i0.wp.com\/agrund.com\/wp-content\/uploads\/sites\/6\/2017\/11\/1-24-e1511289764622.jpg?fit=600%2C424&amp;ssl=1\" data-orig-size=\"600,424\" data-comments-opened=\"1\" data-image-meta=\"{&quot;aperture&quot;:&quot;0&quot;,&quot;credit&quot;:&quot;&quot;,&quot;camera&quot;:&quot;&quot;,&quot;caption&quot;:&quot;&quot;,&quot;created_timestamp&quot;:&quot;0&quot;,&quot;copyright&quot;:&quot;&quot;,&quot;focal_length&quot;:&quot;0&quot;,&quot;iso&quot;:&quot;0&quot;,&quot;shutter_speed&quot;:&quot;0&quot;,&quot;title&quot;:&quot;&quot;,&quot;orientation&quot;:&quot;0&quot;}\" data-image-title=\"Solange Knowles estrela campanha da Calvin Klein\" data-image-description=\"\" data-image-caption=\"&lt;p&gt;Solange Knowles estrela campanha da Calvin Klein&lt;\/p&gt;\n\" data-medium-file=\"https:\/\/i0.wp.com\/agrund.com\/wp-content\/uploads\/sites\/6\/2017\/11\/1-24-e1511289764622.jpg?fit=300%2C212&amp;ssl=1\" data-large-file=\"https:\/\/i0.wp.com\/agrund.com\/wp-content\/uploads\/sites\/6\/2017\/11\/1-24-e1511289764622.jpg?fit=600%2C424&amp;ssl=1\" decoding=\"async\" loading=\"lazy\" class=\"size-full wp-image-175866\" src=\"https:\/\/i0.wp.com\/www.agrund.com\/wp-content\/uploads\/sites\/6\/2017\/11\/1-24-e1511289764622.jpg?resize=600%2C424\" alt=\"\" width=\"600\" height=\"424\" data-recalc-dims=\"1\" \/><p id=\"caption-attachment-175866\" class=\"wp-caption-text\">Solange Knowles estrela campanha da Calvin Klein<\/p><\/div>\n<div id=\"attachment_175870\" style=\"width: 610px\" class=\"wp-caption aligncenter\"><img aria-describedby=\"caption-attachment-175870\" data-attachment-id=\"175870\" data-permalink=\"https:\/\/agrund.com\/index.php\/solange-knowles-estrela-campanha-da-calvin-klein\/5-896\/\" data-orig-file=\"https:\/\/i0.wp.com\/agrund.com\/wp-content\/uploads\/sites\/6\/2017\/11\/5-3-e1511289777335.jpg?fit=600%2C429&amp;ssl=1\" data-orig-size=\"600,429\" data-comments-opened=\"1\" data-image-meta=\"{&quot;aperture&quot;:&quot;0&quot;,&quot;credit&quot;:&quot;&quot;,&quot;camera&quot;:&quot;&quot;,&quot;caption&quot;:&quot;&quot;,&quot;created_timestamp&quot;:&quot;0&quot;,&quot;copyright&quot;:&quot;&quot;,&quot;focal_length&quot;:&quot;0&quot;,&quot;iso&quot;:&quot;0&quot;,&quot;shutter_speed&quot;:&quot;0&quot;,&quot;title&quot;:&quot;&quot;,&quot;orientation&quot;:&quot;0&quot;}\" data-image-title=\"Solange Knowles estrela campanha da Calvin Klein\" data-image-description=\"\" data-image-caption=\"&lt;p&gt;Solange Knowles estrela campanha da Calvin Klein&lt;\/p&gt;\n\" data-medium-file=\"https:\/\/i0.wp.com\/agrund.com\/wp-content\/uploads\/sites\/6\/2017\/11\/5-3-e1511289777335.jpg?fit=300%2C214&amp;ssl=1\" data-large-file=\"https:\/\/i0.wp.com\/agrund.com\/wp-content\/uploads\/sites\/6\/2017\/11\/5-3-e1511289777335.jpg?fit=1024%2C731&amp;ssl=1\" decoding=\"async\" loading=\"lazy\" class=\"size-full wp-image-175870\" src=\"https:\/\/i0.wp.com\/www.agrund.com\/wp-content\/uploads\/sites\/6\/2017\/11\/5-3-e1511289777335.jpg?resize=600%2C429\" alt=\"\" width=\"600\" height=\"429\" data-recalc-dims=\"1\" \/><p id=\"caption-attachment-175870\" class=\"wp-caption-text\">Solange Knowles estrela campanha da Calvin Klein<\/p><\/div>\n<div id=\"attachment_175872\" style=\"width: 610px\" class=\"wp-caption aligncenter\"><img aria-describedby=\"caption-attachment-175872\" data-attachment-id=\"175872\" data-permalink=\"https:\/\/agrund.com\/index.php\/solange-knowles-estrela-campanha-da-calvin-klein\/7-764\/\" data-orig-file=\"https:\/\/i0.wp.com\/agrund.com\/wp-content\/uploads\/sites\/6\/2017\/11\/7-e1511289803659.jpg?fit=600%2C429&amp;ssl=1\" data-orig-size=\"600,429\" data-comments-opened=\"1\" data-image-meta=\"{&quot;aperture&quot;:&quot;0&quot;,&quot;credit&quot;:&quot;&quot;,&quot;camera&quot;:&quot;&quot;,&quot;caption&quot;:&quot;&quot;,&quot;created_timestamp&quot;:&quot;0&quot;,&quot;copyright&quot;:&quot;&quot;,&quot;focal_length&quot;:&quot;0&quot;,&quot;iso&quot;:&quot;0&quot;,&quot;shutter_speed&quot;:&quot;0&quot;,&quot;title&quot;:&quot;&quot;,&quot;orientation&quot;:&quot;0&quot;}\" data-image-title=\"Solange Knowles estrela campanha da Calvin Klein\" data-image-description=\"\" data-image-caption=\"&lt;p&gt;Solange Knowles estrela campanha da Calvin Klein&lt;\/p&gt;\n\" data-medium-file=\"https:\/\/i0.wp.com\/agrund.com\/wp-content\/uploads\/sites\/6\/2017\/11\/7-e1511289803659.jpg?fit=300%2C214&amp;ssl=1\" data-large-file=\"https:\/\/i0.wp.com\/agrund.com\/wp-content\/uploads\/sites\/6\/2017\/11\/7-e1511289803659.jpg?fit=1024%2C731&amp;ssl=1\" decoding=\"async\" loading=\"lazy\" class=\"size-full wp-image-175872\" src=\"https:\/\/i0.wp.com\/www.agrund.com\/wp-content\/uploads\/sites\/6\/2017\/11\/7-e1511289803659.jpg?resize=600%2C429\" alt=\"\" width=\"600\" height=\"429\" data-recalc-dims=\"1\" \/><p id=\"caption-attachment-175872\" class=\"wp-caption-text\">Solange Knowles estrela campanha da Calvin Klein<\/p><\/div>\n<div id=\"attachment_175871\" style=\"width: 610px\" class=\"wp-caption aligncenter\"><img aria-describedby=\"caption-attachment-175871\" data-attachment-id=\"175871\" data-permalink=\"https:\/\/agrund.com\/index.php\/solange-knowles-estrela-campanha-da-calvin-klein\/6-857\/\" data-orig-file=\"https:\/\/i0.wp.com\/agrund.com\/wp-content\/uploads\/sites\/6\/2017\/11\/6-2-e1511289791420.jpg?fit=600%2C429&amp;ssl=1\" data-orig-size=\"600,429\" data-comments-opened=\"1\" data-image-meta=\"{&quot;aperture&quot;:&quot;0&quot;,&quot;credit&quot;:&quot;&quot;,&quot;camera&quot;:&quot;&quot;,&quot;caption&quot;:&quot;&quot;,&quot;created_timestamp&quot;:&quot;0&quot;,&quot;copyright&quot;:&quot;&quot;,&quot;focal_length&quot;:&quot;0&quot;,&quot;iso&quot;:&quot;0&quot;,&quot;shutter_speed&quot;:&quot;0&quot;,&quot;title&quot;:&quot;&quot;,&quot;orientation&quot;:&quot;0&quot;}\" data-image-title=\"Solange Knowles estrela campanha da Calvin Klein\" data-image-description=\"\" data-image-caption=\"&lt;p&gt;Solange Knowles estrela campanha da Calvin Klein&lt;\/p&gt;\n\" data-medium-file=\"https:\/\/i0.wp.com\/agrund.com\/wp-content\/uploads\/sites\/6\/2017\/11\/6-2-e1511289791420.jpg?fit=300%2C214&amp;ssl=1\" data-large-file=\"https:\/\/i0.wp.com\/agrund.com\/wp-content\/uploads\/sites\/6\/2017\/11\/6-2-e1511289791420.jpg?fit=1024%2C731&amp;ssl=1\" decoding=\"async\" loading=\"lazy\" class=\"size-full wp-image-175871\" src=\"https:\/\/i0.wp.com\/www.agrund.com\/wp-content\/uploads\/sites\/6\/2017\/11\/6-2-e1511289791420.jpg?resize=600%2C429\" alt=\"\" width=\"600\" height=\"429\" data-recalc-dims=\"1\" \/><p id=\"caption-attachment-175871\" class=\"wp-caption-text\">Solange Knowles estrela campanha da Calvin Klein<\/p><\/div>\n<p>Fotos: Reprodu\u00e7\u00e3o.<\/p>\n","protected":false},"excerpt":{"rendered":"<p>A Calvin Klein convocou Solange Knowles para estrelar a sua nova campanha, mas ela n\u00e3o est\u00e1 sozinha. Para os cliques que fazem parte do novo projeto da marca, chamado \u201cOur Music #MYCALVINS\u201d, a pr\u00f3pria Solange foi a respons\u00e1vel por escolher o casting que estaria ao seu lado. A cantora convocou os m\u00fasicos Kelela, Dev Hynes, [&hellip;]<\/p>\n","protected":false},"author":8,"featured_media":175873,"comment_status":"open","ping_status":"open","sticky":false,"template":"","format":"standard","meta":{"jetpack_post_was_ever_published":false,"_jetpack_newsletter_access":"","jetpack_publicize_message":"","jetpack_is_tweetstorm":false,"jetpack_publicize_feature_enabled":true,"jetpack_social_post_already_shared":true,"jetpack_social_options":{"image_generator_settings":{"template":"highway","enabled":false}}},"categories":[2],"tags":[],"jetpack_publicize_connections":[],"jetpack_featured_media_url":"https:\/\/i0.wp.com\/agrund.com\/wp-content\/uploads\/sites\/6\/2017\/11\/s-70.jpg?fit=960%2C300&ssl=1","jetpack_sharing_enabled":true,"jetpack_shortlink":"https:\/\/wp.me\/p3Hz0n-JKx","jetpack_likes_enabled":true,"_links":{"self":[{"href":"https:\/\/agrund.com\/index.php\/wp-json\/wp\/v2\/posts\/175865"}],"collection":[{"href":"https:\/\/agrund.com\/index.php\/wp-json\/wp\/v2\/posts"}],"about":[{"href":"https:\/\/agrund.com\/index.php\/wp-json\/wp\/v2\/types\/post"}],"author":[{"embeddable":true,"href":"https:\/\/agrund.com\/index.php\/wp-json\/wp\/v2\/users\/8"}],"replies":[{"embeddable":true,"href":"https:\/\/agrund.com\/index.php\/wp-json\/wp\/v2\/comments?post=175865"}],"version-history":[{"count":0,"href":"https:\/\/agrund.com\/index.php\/wp-json\/wp\/v2\/posts\/175865\/revisions"}],"wp:featuredmedia":[{"embeddable":true,"href":"https:\/\/agrund.com\/index.php\/wp-json\/wp\/v2\/media\/175873"}],"wp:attachment":[{"href":"https:\/\/agrund.com\/index.php\/wp-json\/wp\/v2\/media?parent=175865"}],"wp:term":[{"taxonomy":"category","embeddable":true,"href":"https:\/\/agrund.com\/index.php\/wp-json\/wp\/v2\/categories?post=175865"},{"taxonomy":"post_tag","embeddable":true,"href":"https:\/\/agrund.com\/index.php\/wp-json\/wp\/v2\/tags?post=175865"}],"curies":[{"name":"wp","href":"https:\/\/api.w.org\/{rel}","templated":true}]}}