{"id":175850,"date":"2017-11-21T17:00:07","date_gmt":"2017-11-21T19:00:07","guid":{"rendered":"http:\/\/www.agrund.com\/?p=175850"},"modified":"2017-11-21T15:09:40","modified_gmt":"2017-11-21T17:09:40","slug":"o-ultimo-desfile-de-alessandra-ambrosio-para-a-victorias-secret","status":"publish","type":"post","link":"https:\/\/agrund.com\/index.php\/o-ultimo-desfile-de-alessandra-ambrosio-para-a-victorias-secret\/","title":{"rendered":"O \u00faltimo desfile de Alessandra Ambrosio para a Victoria\u2019s Secret"},"content":{"rendered":"<p>Ontem (20) foi gravado em Xangai o t\u00e3o aguardado Victoria\u2019s Secret Fashion Show. Durante este dia, uma not\u00edcia pegou a todos de surpresa: Alessandra Ambrosio anunciou que este seria seu ultimo desfile para a marca. A brasileira trabalha para a Victoria\u2019s Secret h\u00e1 18 anos e \u00e9 uma das Angela veteranas, tendo desfilado 17 vezes. D\u00e1 para acreditar?<\/p>\n<p>Confira os \u00faltimos looks usados por Alessandra:<\/p>\n<div id=\"attachment_175851\" style=\"width: 610px\" class=\"wp-caption aligncenter\"><img aria-describedby=\"caption-attachment-175851\" data-attachment-id=\"175851\" data-permalink=\"https:\/\/agrund.com\/index.php\/o-ultimo-desfile-de-alessandra-ambrosio-para-a-victorias-secret\/alessandra-ambrosio-2017-victorias-secret-fashion-show\/\" data-orig-file=\"https:\/\/i0.wp.com\/agrund.com\/wp-content\/uploads\/sites\/6\/2017\/11\/Alessandra-Ambrosio-2017-Victorias-Secret-Fashion-Show-e1511284018878.jpg?fit=600%2C901&amp;ssl=1\" data-orig-size=\"600,901\" data-comments-opened=\"1\" data-image-meta=\"{&quot;aperture&quot;:&quot;0&quot;,&quot;credit&quot;:&quot;&quot;,&quot;camera&quot;:&quot;&quot;,&quot;caption&quot;:&quot;&quot;,&quot;created_timestamp&quot;:&quot;0&quot;,&quot;copyright&quot;:&quot;&quot;,&quot;focal_length&quot;:&quot;0&quot;,&quot;iso&quot;:&quot;0&quot;,&quot;shutter_speed&quot;:&quot;0&quot;,&quot;title&quot;:&quot;&quot;,&quot;orientation&quot;:&quot;1&quot;}\" data-image-title=\"O \u00faltimo desfile de Alessandra Ambrosio para a Victoria\u2019s Secret\" data-image-description=\"\" data-image-caption=\"&lt;p&gt;O \u00faltimo desfile de Alessandra Ambrosio para a Victoria\u2019s Secret&lt;\/p&gt;\n\" data-medium-file=\"https:\/\/i0.wp.com\/agrund.com\/wp-content\/uploads\/sites\/6\/2017\/11\/Alessandra-Ambrosio-2017-Victorias-Secret-Fashion-Show-e1511284018878.jpg?fit=200%2C300&amp;ssl=1\" data-large-file=\"https:\/\/i0.wp.com\/agrund.com\/wp-content\/uploads\/sites\/6\/2017\/11\/Alessandra-Ambrosio-2017-Victorias-Secret-Fashion-Show-e1511284018878.jpg?fit=682%2C1024&amp;ssl=1\" decoding=\"async\" loading=\"lazy\" class=\"size-full wp-image-175851\" src=\"https:\/\/i0.wp.com\/www.agrund.com\/wp-content\/uploads\/sites\/6\/2017\/11\/Alessandra-Ambrosio-2017-Victorias-Secret-Fashion-Show-e1511284018878.jpg?resize=600%2C901\" alt=\"\" width=\"600\" height=\"901\" data-recalc-dims=\"1\" \/><p id=\"caption-attachment-175851\" class=\"wp-caption-text\">O \u00faltimo desfile de Alessandra Ambrosio para a Victoria\u2019s Secret<\/p><\/div>\n<div id=\"attachment_175852\" style=\"width: 610px\" class=\"wp-caption aligncenter\"><img aria-describedby=\"caption-attachment-175852\" data-attachment-id=\"175852\" data-permalink=\"https:\/\/agrund.com\/index.php\/o-ultimo-desfile-de-alessandra-ambrosio-para-a-victorias-secret\/alessandra-ambrosio-2017-victorias-secret-fashion-show2\/\" data-orig-file=\"https:\/\/i0.wp.com\/agrund.com\/wp-content\/uploads\/sites\/6\/2017\/11\/Alessandra-Ambrosio-2017-Victorias-Secret-Fashion-Show2-e1511284033430.jpg?fit=600%2C901&amp;ssl=1\" data-orig-size=\"600,901\" data-comments-opened=\"1\" data-image-meta=\"{&quot;aperture&quot;:&quot;0&quot;,&quot;credit&quot;:&quot;&quot;,&quot;camera&quot;:&quot;&quot;,&quot;caption&quot;:&quot;&quot;,&quot;created_timestamp&quot;:&quot;0&quot;,&quot;copyright&quot;:&quot;&quot;,&quot;focal_length&quot;:&quot;0&quot;,&quot;iso&quot;:&quot;0&quot;,&quot;shutter_speed&quot;:&quot;0&quot;,&quot;title&quot;:&quot;&quot;,&quot;orientation&quot;:&quot;1&quot;}\" data-image-title=\"O \u00faltimo desfile de Alessandra Ambrosio para a Victoria\u2019s Secret\" data-image-description=\"\" data-image-caption=\"&lt;p&gt;O \u00faltimo desfile de Alessandra Ambrosio para a Victoria\u2019s Secret&lt;\/p&gt;\n\" data-medium-file=\"https:\/\/i0.wp.com\/agrund.com\/wp-content\/uploads\/sites\/6\/2017\/11\/Alessandra-Ambrosio-2017-Victorias-Secret-Fashion-Show2-e1511284033430.jpg?fit=200%2C300&amp;ssl=1\" data-large-file=\"https:\/\/i0.wp.com\/agrund.com\/wp-content\/uploads\/sites\/6\/2017\/11\/Alessandra-Ambrosio-2017-Victorias-Secret-Fashion-Show2-e1511284033430.jpg?fit=682%2C1024&amp;ssl=1\" decoding=\"async\" loading=\"lazy\" class=\"size-full wp-image-175852\" src=\"https:\/\/i0.wp.com\/www.agrund.com\/wp-content\/uploads\/sites\/6\/2017\/11\/Alessandra-Ambrosio-2017-Victorias-Secret-Fashion-Show2-e1511284033430.jpg?resize=600%2C901\" alt=\"\" width=\"600\" height=\"901\" data-recalc-dims=\"1\" \/><p id=\"caption-attachment-175852\" class=\"wp-caption-text\">O \u00faltimo desfile de Alessandra Ambrosio para a Victoria\u2019s Secret<\/p><\/div>\n<p>Fotos: Reprodu\u00e7\u00e3o.<\/p>\n","protected":false},"excerpt":{"rendered":"<p>Ontem (20) foi gravado em Xangai o t\u00e3o aguardado Victoria\u2019s Secret Fashion Show. Durante este dia, uma not\u00edcia pegou a todos de surpresa: Alessandra Ambrosio anunciou que este seria seu ultimo desfile para a marca. A brasileira trabalha para a Victoria\u2019s Secret h\u00e1 18 anos e \u00e9 uma das Angela veteranas, tendo desfilado 17 vezes. [&hellip;]<\/p>\n","protected":false},"author":8,"featured_media":175853,"comment_status":"open","ping_status":"open","sticky":false,"template":"","format":"standard","meta":{"jetpack_post_was_ever_published":false,"_jetpack_newsletter_access":"","jetpack_publicize_message":"","jetpack_is_tweetstorm":false,"jetpack_publicize_feature_enabled":true,"jetpack_social_post_already_shared":true,"jetpack_social_options":{"image_generator_settings":{"template":"highway","enabled":false}}},"categories":[2],"tags":[],"jetpack_publicize_connections":[],"jetpack_featured_media_url":"https:\/\/i0.wp.com\/agrund.com\/wp-content\/uploads\/sites\/6\/2017\/11\/s-68.jpg?fit=960%2C300&ssl=1","jetpack_sharing_enabled":true,"jetpack_shortlink":"https:\/\/wp.me\/p3Hz0n-JKi","jetpack_likes_enabled":true,"_links":{"self":[{"href":"https:\/\/agrund.com\/index.php\/wp-json\/wp\/v2\/posts\/175850"}],"collection":[{"href":"https:\/\/agrund.com\/index.php\/wp-json\/wp\/v2\/posts"}],"about":[{"href":"https:\/\/agrund.com\/index.php\/wp-json\/wp\/v2\/types\/post"}],"author":[{"embeddable":true,"href":"https:\/\/agrund.com\/index.php\/wp-json\/wp\/v2\/users\/8"}],"replies":[{"embeddable":true,"href":"https:\/\/agrund.com\/index.php\/wp-json\/wp\/v2\/comments?post=175850"}],"version-history":[{"count":0,"href":"https:\/\/agrund.com\/index.php\/wp-json\/wp\/v2\/posts\/175850\/revisions"}],"wp:featuredmedia":[{"embeddable":true,"href":"https:\/\/agrund.com\/index.php\/wp-json\/wp\/v2\/media\/175853"}],"wp:attachment":[{"href":"https:\/\/agrund.com\/index.php\/wp-json\/wp\/v2\/media?parent=175850"}],"wp:term":[{"taxonomy":"category","embeddable":true,"href":"https:\/\/agrund.com\/index.php\/wp-json\/wp\/v2\/categories?post=175850"},{"taxonomy":"post_tag","embeddable":true,"href":"https:\/\/agrund.com\/index.php\/wp-json\/wp\/v2\/tags?post=175850"}],"curies":[{"name":"wp","href":"https:\/\/api.w.org\/{rel}","templated":true}]}}