{"id":175824,"date":"2017-11-21T11:00:08","date_gmt":"2017-11-21T13:00:08","guid":{"rendered":"http:\/\/www.agrund.com\/?p=175824"},"modified":"2017-11-21T11:02:02","modified_gmt":"2017-11-21T13:02:02","slug":"rihanna-estrela-tres-capas-da-vogue-paris","status":"publish","type":"post","link":"https:\/\/agrund.com\/index.php\/rihanna-estrela-tres-capas-da-vogue-paris\/","title":{"rendered":"Rihanna estrela tr\u00eas capas da \u2018Vogue\u2019 Paris"},"content":{"rendered":"<p>A \u2018Vogue\u2019 Paris convocou Rihanna para estrela a sua \u00faltima edi\u00e7\u00e3o de 2017. Ao inv\u00e9s de uma, Riri aparece em tr\u00eas capas da revista, cada uma delas fotografada por um fot\u00f3grafo diferente &#8211; Juergen Teller, Inez &amp; Vinoodh e Jean-Paul Goude.<\/p>\n<p>No primeiro clique, a cantora usa um casaco de pelo fake amarelo e uma esp\u00e9cie de turbante na cabe\u00e7a. J\u00e1 no segundo, que \u00e9 um close, Rihanna est\u00e1 com uma boina preta de couro. E por fim, no \u00faltimo mas n\u00e3o menos importante, Riri aparece em um close em p&amp;b vestindo um top da Dior.<\/p>\n<p>Veja o resultado na galeria abaixo:<\/p>\n<div id=\"attachment_175825\" style=\"width: 610px\" class=\"wp-caption aligncenter\"><img aria-describedby=\"caption-attachment-175825\" data-attachment-id=\"175825\" data-permalink=\"https:\/\/agrund.com\/index.php\/rihanna-estrela-tres-capas-da-vogue-paris\/rihanna-vogue-paris-december-2017-january-2018-cover\/\" data-orig-file=\"https:\/\/i0.wp.com\/agrund.com\/wp-content\/uploads\/sites\/6\/2017\/11\/Rihanna-Vogue-Paris-December-2017-January-2018-Cover-e1511269136585.jpg?fit=600%2C750&amp;ssl=1\" data-orig-size=\"600,750\" data-comments-opened=\"1\" data-image-meta=\"{&quot;aperture&quot;:&quot;0&quot;,&quot;credit&quot;:&quot;&quot;,&quot;camera&quot;:&quot;&quot;,&quot;caption&quot;:&quot;&quot;,&quot;created_timestamp&quot;:&quot;0&quot;,&quot;copyright&quot;:&quot;&quot;,&quot;focal_length&quot;:&quot;0&quot;,&quot;iso&quot;:&quot;0&quot;,&quot;shutter_speed&quot;:&quot;0&quot;,&quot;title&quot;:&quot;&quot;,&quot;orientation&quot;:&quot;1&quot;}\" data-image-title=\"Rihanna estrela tr\u00eas capas da \u2018Vogue\u2019 Paris\" data-image-description=\"\" data-image-caption=\"&lt;p&gt;Rihanna estrela tr\u00eas capas da \u2018Vogue\u2019 Paris&lt;\/p&gt;\n\" data-medium-file=\"https:\/\/i0.wp.com\/agrund.com\/wp-content\/uploads\/sites\/6\/2017\/11\/Rihanna-Vogue-Paris-December-2017-January-2018-Cover-e1511269136585.jpg?fit=240%2C300&amp;ssl=1\" data-large-file=\"https:\/\/i0.wp.com\/agrund.com\/wp-content\/uploads\/sites\/6\/2017\/11\/Rihanna-Vogue-Paris-December-2017-January-2018-Cover-e1511269136585.jpg?fit=600%2C750&amp;ssl=1\" decoding=\"async\" loading=\"lazy\" class=\"size-full wp-image-175825\" src=\"https:\/\/i0.wp.com\/www.agrund.com\/wp-content\/uploads\/sites\/6\/2017\/11\/Rihanna-Vogue-Paris-December-2017-January-2018-Cover-e1511269136585.jpg?resize=600%2C750\" alt=\"\" width=\"600\" height=\"750\" data-recalc-dims=\"1\" \/><p id=\"caption-attachment-175825\" class=\"wp-caption-text\">Rihanna estrela tr\u00eas capas da \u2018Vogue\u2019 Paris<\/p><\/div>\n<div id=\"attachment_175827\" style=\"width: 610px\" class=\"wp-caption aligncenter\"><img aria-describedby=\"caption-attachment-175827\" data-attachment-id=\"175827\" data-permalink=\"https:\/\/agrund.com\/index.php\/rihanna-estrela-tres-capas-da-vogue-paris\/rihanna-vogue-paris-december-2017-january-2018-cover2\/\" data-orig-file=\"https:\/\/i0.wp.com\/agrund.com\/wp-content\/uploads\/sites\/6\/2017\/11\/Rihanna-Vogue-Paris-December-2017-January-2018-Cover2-e1511269150690.jpg?fit=600%2C750&amp;ssl=1\" data-orig-size=\"600,750\" data-comments-opened=\"1\" data-image-meta=\"{&quot;aperture&quot;:&quot;0&quot;,&quot;credit&quot;:&quot;&quot;,&quot;camera&quot;:&quot;&quot;,&quot;caption&quot;:&quot;&quot;,&quot;created_timestamp&quot;:&quot;0&quot;,&quot;copyright&quot;:&quot;&quot;,&quot;focal_length&quot;:&quot;0&quot;,&quot;iso&quot;:&quot;0&quot;,&quot;shutter_speed&quot;:&quot;0&quot;,&quot;title&quot;:&quot;&quot;,&quot;orientation&quot;:&quot;1&quot;}\" data-image-title=\"Rihanna estrela tr\u00eas capas da \u2018Vogue\u2019 Paris\" data-image-description=\"\" data-image-caption=\"&lt;p&gt;Rihanna estrela tr\u00eas capas da \u2018Vogue\u2019 Paris&lt;\/p&gt;\n\" data-medium-file=\"https:\/\/i0.wp.com\/agrund.com\/wp-content\/uploads\/sites\/6\/2017\/11\/Rihanna-Vogue-Paris-December-2017-January-2018-Cover2-e1511269150690.jpg?fit=240%2C300&amp;ssl=1\" data-large-file=\"https:\/\/i0.wp.com\/agrund.com\/wp-content\/uploads\/sites\/6\/2017\/11\/Rihanna-Vogue-Paris-December-2017-January-2018-Cover2-e1511269150690.jpg?fit=600%2C750&amp;ssl=1\" decoding=\"async\" loading=\"lazy\" class=\"size-full wp-image-175827\" src=\"https:\/\/i0.wp.com\/www.agrund.com\/wp-content\/uploads\/sites\/6\/2017\/11\/Rihanna-Vogue-Paris-December-2017-January-2018-Cover2-e1511269150690.jpg?resize=600%2C750\" alt=\"\" width=\"600\" height=\"750\" data-recalc-dims=\"1\" \/><p id=\"caption-attachment-175827\" class=\"wp-caption-text\">Rihanna estrela tr\u00eas capas da \u2018Vogue\u2019 Paris<\/p><\/div>\n<div id=\"attachment_175826\" style=\"width: 610px\" class=\"wp-caption aligncenter\"><img aria-describedby=\"caption-attachment-175826\" data-attachment-id=\"175826\" data-permalink=\"https:\/\/agrund.com\/index.php\/rihanna-estrela-tres-capas-da-vogue-paris\/rihanna-vogue-paris-december-2017-january-2018-cover1\/\" data-orig-file=\"https:\/\/i0.wp.com\/agrund.com\/wp-content\/uploads\/sites\/6\/2017\/11\/Rihanna-Vogue-Paris-December-2017-January-2018-Cover1-e1511269167323.jpg?fit=600%2C750&amp;ssl=1\" data-orig-size=\"600,750\" data-comments-opened=\"1\" data-image-meta=\"{&quot;aperture&quot;:&quot;0&quot;,&quot;credit&quot;:&quot;&quot;,&quot;camera&quot;:&quot;&quot;,&quot;caption&quot;:&quot;&quot;,&quot;created_timestamp&quot;:&quot;0&quot;,&quot;copyright&quot;:&quot;&quot;,&quot;focal_length&quot;:&quot;0&quot;,&quot;iso&quot;:&quot;0&quot;,&quot;shutter_speed&quot;:&quot;0&quot;,&quot;title&quot;:&quot;&quot;,&quot;orientation&quot;:&quot;1&quot;}\" data-image-title=\"Rihanna estrela tr\u00eas capas da \u2018Vogue\u2019 Paris\" data-image-description=\"\" data-image-caption=\"&lt;p&gt;Rihanna estrela tr\u00eas capas da \u2018Vogue\u2019 Paris&lt;\/p&gt;\n\" data-medium-file=\"https:\/\/i0.wp.com\/agrund.com\/wp-content\/uploads\/sites\/6\/2017\/11\/Rihanna-Vogue-Paris-December-2017-January-2018-Cover1-e1511269167323.jpg?fit=240%2C300&amp;ssl=1\" data-large-file=\"https:\/\/i0.wp.com\/agrund.com\/wp-content\/uploads\/sites\/6\/2017\/11\/Rihanna-Vogue-Paris-December-2017-January-2018-Cover1-e1511269167323.jpg?fit=600%2C750&amp;ssl=1\" decoding=\"async\" loading=\"lazy\" class=\"size-full wp-image-175826\" src=\"https:\/\/i0.wp.com\/www.agrund.com\/wp-content\/uploads\/sites\/6\/2017\/11\/Rihanna-Vogue-Paris-December-2017-January-2018-Cover1-e1511269167323.jpg?resize=600%2C750\" alt=\"\" width=\"600\" height=\"750\" data-recalc-dims=\"1\" \/><p id=\"caption-attachment-175826\" class=\"wp-caption-text\">Rihanna estrela tr\u00eas capas da \u2018Vogue\u2019 Paris<\/p><\/div>\n<p>Fotos; Reprodu\u00e7\u00e3o.<\/p>\n","protected":false},"excerpt":{"rendered":"<p>A \u2018Vogue\u2019 Paris convocou Rihanna para estrela a sua \u00faltima edi\u00e7\u00e3o de 2017. Ao inv\u00e9s de uma, Riri aparece em tr\u00eas capas da revista, cada uma delas fotografada por um fot\u00f3grafo diferente &#8211; Juergen Teller, Inez &amp; Vinoodh e Jean-Paul Goude. No primeiro clique, a cantora usa um casaco de pelo fake amarelo e uma [&hellip;]<\/p>\n","protected":false},"author":8,"featured_media":175828,"comment_status":"open","ping_status":"open","sticky":false,"template":"","format":"standard","meta":{"jetpack_post_was_ever_published":false,"_jetpack_newsletter_access":"","jetpack_publicize_message":"","jetpack_is_tweetstorm":false,"jetpack_publicize_feature_enabled":true,"jetpack_social_post_already_shared":true,"jetpack_social_options":{"image_generator_settings":{"template":"highway","enabled":false}}},"categories":[2],"tags":[],"jetpack_publicize_connections":[],"jetpack_featured_media_url":"https:\/\/i0.wp.com\/agrund.com\/wp-content\/uploads\/sites\/6\/2017\/11\/s-65.jpg?fit=960%2C300&ssl=1","jetpack_sharing_enabled":true,"jetpack_shortlink":"https:\/\/wp.me\/p3Hz0n-JJS","jetpack_likes_enabled":true,"_links":{"self":[{"href":"https:\/\/agrund.com\/index.php\/wp-json\/wp\/v2\/posts\/175824"}],"collection":[{"href":"https:\/\/agrund.com\/index.php\/wp-json\/wp\/v2\/posts"}],"about":[{"href":"https:\/\/agrund.com\/index.php\/wp-json\/wp\/v2\/types\/post"}],"author":[{"embeddable":true,"href":"https:\/\/agrund.com\/index.php\/wp-json\/wp\/v2\/users\/8"}],"replies":[{"embeddable":true,"href":"https:\/\/agrund.com\/index.php\/wp-json\/wp\/v2\/comments?post=175824"}],"version-history":[{"count":0,"href":"https:\/\/agrund.com\/index.php\/wp-json\/wp\/v2\/posts\/175824\/revisions"}],"wp:featuredmedia":[{"embeddable":true,"href":"https:\/\/agrund.com\/index.php\/wp-json\/wp\/v2\/media\/175828"}],"wp:attachment":[{"href":"https:\/\/agrund.com\/index.php\/wp-json\/wp\/v2\/media?parent=175824"}],"wp:term":[{"taxonomy":"category","embeddable":true,"href":"https:\/\/agrund.com\/index.php\/wp-json\/wp\/v2\/categories?post=175824"},{"taxonomy":"post_tag","embeddable":true,"href":"https:\/\/agrund.com\/index.php\/wp-json\/wp\/v2\/tags?post=175824"}],"curies":[{"name":"wp","href":"https:\/\/api.w.org\/{rel}","templated":true}]}}