{"id":175792,"date":"2017-11-17T19:00:35","date_gmt":"2017-11-17T21:00:35","guid":{"rendered":"http:\/\/www.agrund.com\/?p=175792"},"modified":"2017-11-17T15:52:05","modified_gmt":"2017-11-17T17:52:05","slug":"blazers-e-jaquetas-inspire-se-nos-looks-de-anitta-e-mais-famosas","status":"publish","type":"post","link":"https:\/\/agrund.com\/index.php\/blazers-e-jaquetas-inspire-se-nos-looks-de-anitta-e-mais-famosas\/","title":{"rendered":"Blazers e jaquetas: inspire-se nos looks de Anitta e mais famosas"},"content":{"rendered":"<p>Por Ros\u00e2ngela Espinossi<\/p>\n<p>N\u00e3o \u00e9 novidade para ningu\u00e9m que ter um blazer ou uma jaqueta no arm\u00e1rio \u00e9 sinal de intelig\u00eancia fashion. Os blazers podem ser avulsos ou fazer conjunto com cal\u00e7as compridas e nos tamb\u00e9m necess\u00e1rios terninhos. E as jaquetas s\u00e3o pau para toda obra, seja com corte esportivo, seja no modelo perfecto, de couro preto, usadas at\u00e9 em festas de casamento, como j\u00e1 fez Bruna Marquezine. Nesta semana, seis famosas apostaram nas pe\u00e7as, em eventos e no dia a dia. Isso s\u00f3 comprova o fato de que s\u00e3o curingas para todas as horas. Anitta, Luiza Possi, Renata Kuerten, Mariana Goldfarb, Fernanda Paes Leme e Debora Nascimento mostram como usar blazer e jaquetas sem caretice. Veja como as famosas usaram e depois clique <a href=\"http:\/\/www.elasnotapetevermelho.com.br\/portal\/blazer-e-jaqueta-veja-as-apostas-de-anitta-e-mais-famosas\/\">AQUI<\/a> para ver mais dicas.<\/p>\n<p><strong>Anitta\u00a0<\/strong><br \/>\nAnitta usa um conjunto de cal\u00e7a e blazer brancos da grife Ricardo Almeida. Ela combinou com top preto, deixando o look mais sensual. O comprimento da pe\u00e7a confere um ar de despojamento \u00e0 produ\u00e7\u00e3o.<\/p>\n<div id=\"attachment_175794\" style=\"width: 560px\" class=\"wp-caption aligncenter\"><img aria-describedby=\"caption-attachment-175794\" data-attachment-id=\"175794\" data-permalink=\"https:\/\/agrund.com\/index.php\/blazers-e-jaquetas-inspire-se-nos-looks-de-anitta-e-mais-famosas\/anitta-isntagram\/\" data-orig-file=\"https:\/\/i0.wp.com\/agrund.com\/wp-content\/uploads\/sites\/6\/2017\/11\/anitta-isntagram.jpg?fit=550%2C998&amp;ssl=1\" data-orig-size=\"550,998\" data-comments-opened=\"1\" data-image-meta=\"{&quot;aperture&quot;:&quot;0&quot;,&quot;credit&quot;:&quot;&quot;,&quot;camera&quot;:&quot;&quot;,&quot;caption&quot;:&quot;&quot;,&quot;created_timestamp&quot;:&quot;0&quot;,&quot;copyright&quot;:&quot;&quot;,&quot;focal_length&quot;:&quot;0&quot;,&quot;iso&quot;:&quot;0&quot;,&quot;shutter_speed&quot;:&quot;0&quot;,&quot;title&quot;:&quot;&quot;,&quot;orientation&quot;:&quot;1&quot;}\" data-image-title=\"Blazers e jaquetas: inspire-se nos looks de Anitta e mais famosas\" data-image-description=\"\" data-image-caption=\"&lt;p&gt;Blazers e jaquetas: inspire-se nos looks de Anitta e mais famosas&lt;\/p&gt;\n\" data-medium-file=\"https:\/\/i0.wp.com\/agrund.com\/wp-content\/uploads\/sites\/6\/2017\/11\/anitta-isntagram.jpg?fit=165%2C300&amp;ssl=1\" data-large-file=\"https:\/\/i0.wp.com\/agrund.com\/wp-content\/uploads\/sites\/6\/2017\/11\/anitta-isntagram.jpg?fit=550%2C998&amp;ssl=1\" decoding=\"async\" loading=\"lazy\" class=\"size-full wp-image-175794\" src=\"https:\/\/i0.wp.com\/www.agrund.com\/wp-content\/uploads\/sites\/6\/2017\/11\/anitta-isntagram.jpg?resize=550%2C998\" alt=\"\" width=\"550\" height=\"998\" srcset=\"https:\/\/i0.wp.com\/agrund.com\/wp-content\/uploads\/sites\/6\/2017\/11\/anitta-isntagram.jpg?w=550&amp;ssl=1 550w, https:\/\/i0.wp.com\/agrund.com\/wp-content\/uploads\/sites\/6\/2017\/11\/anitta-isntagram.jpg?resize=165%2C300&amp;ssl=1 165w\" sizes=\"(max-width: 550px) 100vw, 550px\" data-recalc-dims=\"1\" \/><p id=\"caption-attachment-175794\" class=\"wp-caption-text\">Blazers e jaquetas: inspire-se nos looks de Anitta e mais famosas<\/p><\/div>\n<p>&nbsp;<\/p>\n<p><strong>Renata Kuerten<\/strong><br \/>\nRenata Kuerten usou conjunto de jaqueta e cal\u00e7a, com pegada esportiva, de lurex, para evento de beleza. Por baixo, top cropped. O brilho confere luxo \u00e0 modelagem despojada do look, que ficou perfeito nela.<\/p>\n<div id=\"attachment_175799\" style=\"width: 560px\" class=\"wp-caption aligncenter\"><img aria-describedby=\"caption-attachment-175799\" data-attachment-id=\"175799\" data-permalink=\"https:\/\/agrund.com\/index.php\/blazers-e-jaquetas-inspire-se-nos-looks-de-anitta-e-mais-famosas\/renata-kuerten-leo-franco-2\/\" data-orig-file=\"https:\/\/i0.wp.com\/agrund.com\/wp-content\/uploads\/sites\/6\/2017\/11\/renata-kuerten-Leo-Franco-2.jpg?fit=550%2C1054&amp;ssl=1\" data-orig-size=\"550,1054\" data-comments-opened=\"1\" data-image-meta=\"{&quot;aperture&quot;:&quot;0&quot;,&quot;credit&quot;:&quot;&quot;,&quot;camera&quot;:&quot;&quot;,&quot;caption&quot;:&quot;&quot;,&quot;created_timestamp&quot;:&quot;0&quot;,&quot;copyright&quot;:&quot;&quot;,&quot;focal_length&quot;:&quot;0&quot;,&quot;iso&quot;:&quot;0&quot;,&quot;shutter_speed&quot;:&quot;0&quot;,&quot;title&quot;:&quot;&quot;,&quot;orientation&quot;:&quot;1&quot;}\" data-image-title=\"Blazers e jaquetas: inspire-se nos looks de Anitta e mais famosas\" data-image-description=\"\" data-image-caption=\"&lt;p&gt;Blazers e jaquetas: inspire-se nos looks de Anitta e mais famosas&lt;\/p&gt;\n\" data-medium-file=\"https:\/\/i0.wp.com\/agrund.com\/wp-content\/uploads\/sites\/6\/2017\/11\/renata-kuerten-Leo-Franco-2.jpg?fit=157%2C300&amp;ssl=1\" data-large-file=\"https:\/\/i0.wp.com\/agrund.com\/wp-content\/uploads\/sites\/6\/2017\/11\/renata-kuerten-Leo-Franco-2.jpg?fit=534%2C1024&amp;ssl=1\" decoding=\"async\" loading=\"lazy\" class=\"size-full wp-image-175799\" src=\"https:\/\/i0.wp.com\/www.agrund.com\/wp-content\/uploads\/sites\/6\/2017\/11\/renata-kuerten-Leo-Franco-2.jpg?resize=550%2C1054\" alt=\"\" width=\"550\" height=\"1054\" srcset=\"https:\/\/i0.wp.com\/agrund.com\/wp-content\/uploads\/sites\/6\/2017\/11\/renata-kuerten-Leo-Franco-2.jpg?w=550&amp;ssl=1 550w, https:\/\/i0.wp.com\/agrund.com\/wp-content\/uploads\/sites\/6\/2017\/11\/renata-kuerten-Leo-Franco-2.jpg?resize=157%2C300&amp;ssl=1 157w, https:\/\/i0.wp.com\/agrund.com\/wp-content\/uploads\/sites\/6\/2017\/11\/renata-kuerten-Leo-Franco-2.jpg?resize=534%2C1024&amp;ssl=1 534w\" sizes=\"(max-width: 550px) 100vw, 550px\" data-recalc-dims=\"1\" \/><p id=\"caption-attachment-175799\" class=\"wp-caption-text\">Blazers e jaquetas: inspire-se nos looks de Anitta e mais famosas<\/p><\/div>\n<p>&nbsp;<\/p>\n<p><strong>Mariana Goldfarb\u00a0<\/strong><br \/>\nO blazer preto, curinga em qualquer guarda-roupa feminino, vem acompanhado de body com decote profundo e saia com textura de couro, com ilhoses e tiras soltas. Mariana Goldfarb prova que a pe\u00e7a pode ganhar ares provocantes dependendo dos complementos.<\/p>\n<div id=\"attachment_175798\" style=\"width: 560px\" class=\"wp-caption aligncenter\"><img aria-describedby=\"caption-attachment-175798\" data-attachment-id=\"175798\" data-permalink=\"https:\/\/agrund.com\/index.php\/blazers-e-jaquetas-inspire-se-nos-looks-de-anitta-e-mais-famosas\/mariana-goldfarb-leo-franco-2\/\" data-orig-file=\"https:\/\/i0.wp.com\/agrund.com\/wp-content\/uploads\/sites\/6\/2017\/11\/mariana-goldfarb-Leo-Franco-2.jpg?fit=550%2C982&amp;ssl=1\" data-orig-size=\"550,982\" data-comments-opened=\"1\" data-image-meta=\"{&quot;aperture&quot;:&quot;0&quot;,&quot;credit&quot;:&quot;&quot;,&quot;camera&quot;:&quot;&quot;,&quot;caption&quot;:&quot;&quot;,&quot;created_timestamp&quot;:&quot;0&quot;,&quot;copyright&quot;:&quot;&quot;,&quot;focal_length&quot;:&quot;0&quot;,&quot;iso&quot;:&quot;0&quot;,&quot;shutter_speed&quot;:&quot;0&quot;,&quot;title&quot;:&quot;&quot;,&quot;orientation&quot;:&quot;1&quot;}\" data-image-title=\"Blazers e jaquetas: inspire-se nos looks de Anitta e mais famosas\" data-image-description=\"\" data-image-caption=\"&lt;p&gt;Blazers e jaquetas: inspire-se nos looks de Anitta e mais famosas&lt;\/p&gt;\n\" data-medium-file=\"https:\/\/i0.wp.com\/agrund.com\/wp-content\/uploads\/sites\/6\/2017\/11\/mariana-goldfarb-Leo-Franco-2.jpg?fit=168%2C300&amp;ssl=1\" data-large-file=\"https:\/\/i0.wp.com\/agrund.com\/wp-content\/uploads\/sites\/6\/2017\/11\/mariana-goldfarb-Leo-Franco-2.jpg?fit=550%2C982&amp;ssl=1\" decoding=\"async\" loading=\"lazy\" class=\"size-full wp-image-175798\" src=\"https:\/\/i0.wp.com\/www.agrund.com\/wp-content\/uploads\/sites\/6\/2017\/11\/mariana-goldfarb-Leo-Franco-2.jpg?resize=550%2C982\" alt=\"\" width=\"550\" height=\"982\" srcset=\"https:\/\/i0.wp.com\/agrund.com\/wp-content\/uploads\/sites\/6\/2017\/11\/mariana-goldfarb-Leo-Franco-2.jpg?w=550&amp;ssl=1 550w, https:\/\/i0.wp.com\/agrund.com\/wp-content\/uploads\/sites\/6\/2017\/11\/mariana-goldfarb-Leo-Franco-2.jpg?resize=168%2C300&amp;ssl=1 168w\" sizes=\"(max-width: 550px) 100vw, 550px\" data-recalc-dims=\"1\" \/><p id=\"caption-attachment-175798\" class=\"wp-caption-text\">Blazers e jaquetas: inspire-se nos looks de Anitta e mais famosas<\/p><\/div>\n<p>&nbsp;<\/p>\n<p><strong>Luiza Possi\u00a0<\/strong><br \/>\nA cantora Luiza Possi apostou no conjunto rosa-clarinho. O comprimento do blazer, mais curto, \u00e9 perfeito para a cal\u00e7a cropped. Se fosse mais comprido, produziria um efeito de cortar a silhueta e encurtar as pernas.<\/p>\n<div id=\"attachment_175797\" style=\"width: 560px\" class=\"wp-caption aligncenter\"><img aria-describedby=\"caption-attachment-175797\" data-attachment-id=\"175797\" data-permalink=\"https:\/\/agrund.com\/index.php\/blazers-e-jaquetas-inspire-se-nos-looks-de-anitta-e-mais-famosas\/luiza-possi-leo-franco-2\/\" data-orig-file=\"https:\/\/i0.wp.com\/agrund.com\/wp-content\/uploads\/sites\/6\/2017\/11\/luiza-possi-Leo-Franco-2.jpg?fit=550%2C964&amp;ssl=1\" data-orig-size=\"550,964\" data-comments-opened=\"1\" data-image-meta=\"{&quot;aperture&quot;:&quot;0&quot;,&quot;credit&quot;:&quot;&quot;,&quot;camera&quot;:&quot;&quot;,&quot;caption&quot;:&quot;&quot;,&quot;created_timestamp&quot;:&quot;0&quot;,&quot;copyright&quot;:&quot;&quot;,&quot;focal_length&quot;:&quot;0&quot;,&quot;iso&quot;:&quot;0&quot;,&quot;shutter_speed&quot;:&quot;0&quot;,&quot;title&quot;:&quot;&quot;,&quot;orientation&quot;:&quot;1&quot;}\" data-image-title=\"Blazers e jaquetas: inspire-se nos looks de Anitta e mais famosas\" data-image-description=\"\" data-image-caption=\"&lt;p&gt;Blazers e jaquetas: inspire-se nos looks de Anitta e mais famosas&lt;\/p&gt;\n\" data-medium-file=\"https:\/\/i0.wp.com\/agrund.com\/wp-content\/uploads\/sites\/6\/2017\/11\/luiza-possi-Leo-Franco-2.jpg?fit=171%2C300&amp;ssl=1\" data-large-file=\"https:\/\/i0.wp.com\/agrund.com\/wp-content\/uploads\/sites\/6\/2017\/11\/luiza-possi-Leo-Franco-2.jpg?fit=550%2C964&amp;ssl=1\" decoding=\"async\" loading=\"lazy\" class=\"size-full wp-image-175797\" src=\"https:\/\/i0.wp.com\/www.agrund.com\/wp-content\/uploads\/sites\/6\/2017\/11\/luiza-possi-Leo-Franco-2.jpg?resize=550%2C964\" alt=\"\" width=\"550\" height=\"964\" srcset=\"https:\/\/i0.wp.com\/agrund.com\/wp-content\/uploads\/sites\/6\/2017\/11\/luiza-possi-Leo-Franco-2.jpg?w=550&amp;ssl=1 550w, https:\/\/i0.wp.com\/agrund.com\/wp-content\/uploads\/sites\/6\/2017\/11\/luiza-possi-Leo-Franco-2.jpg?resize=171%2C300&amp;ssl=1 171w\" sizes=\"(max-width: 550px) 100vw, 550px\" data-recalc-dims=\"1\" \/><p id=\"caption-attachment-175797\" class=\"wp-caption-text\">Blazers e jaquetas: inspire-se nos looks de Anitta e mais famosas<\/p><\/div>\n<p>&nbsp;<\/p>\n<p><strong>D\u00e9bora Nascimento<\/strong><br \/>\nA gravidinha D\u00e9bora Nascimento escolheu o blazer branco para compor com a cal\u00e7a listrada e com o body branco. Nos p\u00e9s, mule da mesma cor. As mangas arrega\u00e7adas conferem um perfume informal ao look. A produ\u00e7\u00e3o fica \u00f3tima no dia a dia e no escrit\u00f3rio, porque \u00e9 informal na medida certa.<\/p>\n<div id=\"attachment_175795\" style=\"width: 560px\" class=\"wp-caption aligncenter\"><img aria-describedby=\"caption-attachment-175795\" data-attachment-id=\"175795\" data-permalink=\"https:\/\/agrund.com\/index.php\/blazers-e-jaquetas-inspire-se-nos-looks-de-anitta-e-mais-famosas\/debora-nascimento-webert-belicio\/\" data-orig-file=\"https:\/\/i0.wp.com\/agrund.com\/wp-content\/uploads\/sites\/6\/2017\/11\/de\u0301bora-nascimento-Webert-Belicio.jpg?fit=550%2C1013&amp;ssl=1\" data-orig-size=\"550,1013\" data-comments-opened=\"1\" data-image-meta=\"{&quot;aperture&quot;:&quot;0&quot;,&quot;credit&quot;:&quot;&quot;,&quot;camera&quot;:&quot;&quot;,&quot;caption&quot;:&quot;&quot;,&quot;created_timestamp&quot;:&quot;0&quot;,&quot;copyright&quot;:&quot;&quot;,&quot;focal_length&quot;:&quot;0&quot;,&quot;iso&quot;:&quot;0&quot;,&quot;shutter_speed&quot;:&quot;0&quot;,&quot;title&quot;:&quot;&quot;,&quot;orientation&quot;:&quot;1&quot;}\" data-image-title=\"Blazers e jaquetas: inspire-se nos looks de Anitta e mais famosas\" data-image-description=\"\" data-image-caption=\"&lt;p&gt;Blazers e jaquetas: inspire-se nos looks de Anitta e mais famosas&lt;\/p&gt;\n\" data-medium-file=\"https:\/\/i0.wp.com\/agrund.com\/wp-content\/uploads\/sites\/6\/2017\/11\/de\u0301bora-nascimento-Webert-Belicio.jpg?fit=163%2C300&amp;ssl=1\" data-large-file=\"https:\/\/i0.wp.com\/agrund.com\/wp-content\/uploads\/sites\/6\/2017\/11\/de\u0301bora-nascimento-Webert-Belicio.jpg?fit=550%2C1013&amp;ssl=1\" decoding=\"async\" loading=\"lazy\" class=\"size-full wp-image-175795\" src=\"https:\/\/i0.wp.com\/www.agrund.com\/wp-content\/uploads\/sites\/6\/2017\/11\/de\u0301bora-nascimento-Webert-Belicio.jpg?resize=550%2C1013\" alt=\"\" width=\"550\" height=\"1013\" srcset=\"https:\/\/i0.wp.com\/agrund.com\/wp-content\/uploads\/sites\/6\/2017\/11\/de\u0301bora-nascimento-Webert-Belicio.jpg?w=550&amp;ssl=1 550w, https:\/\/i0.wp.com\/agrund.com\/wp-content\/uploads\/sites\/6\/2017\/11\/de\u0301bora-nascimento-Webert-Belicio.jpg?resize=163%2C300&amp;ssl=1 163w\" sizes=\"(max-width: 550px) 100vw, 550px\" data-recalc-dims=\"1\" \/><p id=\"caption-attachment-175795\" class=\"wp-caption-text\">Blazers e jaquetas: inspire-se nos looks de Anitta e mais famosas<\/p><\/div>\n<p>&nbsp;<\/p>\n<p><strong>Fernanda Paes Leme\u00a0<\/strong><br \/>\nAssim como os blazers, ter uma jaqueta de couro preta no guarda-roupa \u00e9 fundamental. Entra em v\u00e1rias produ\u00e7\u00f5es. Fernanda Paes Lemes usou a pe\u00e7a junto com body listrado, cal\u00e7a jeans b\u00e1sica e sapato preto com solado bicolor. Todas as pe\u00e7as em harmonia.<\/p>\n<div id=\"attachment_175796\" style=\"width: 560px\" class=\"wp-caption aligncenter\"><img aria-describedby=\"caption-attachment-175796\" data-attachment-id=\"175796\" data-permalink=\"https:\/\/agrund.com\/index.php\/blazers-e-jaquetas-inspire-se-nos-looks-de-anitta-e-mais-famosas\/fernanda-paes-leme-denilson-santos-deividi-correa\/\" data-orig-file=\"https:\/\/i0.wp.com\/agrund.com\/wp-content\/uploads\/sites\/6\/2017\/11\/fernanda-paes-leme-Denilson-Santos-Deividi-Correa.jpg?fit=550%2C988&amp;ssl=1\" data-orig-size=\"550,988\" data-comments-opened=\"1\" data-image-meta=\"{&quot;aperture&quot;:&quot;0&quot;,&quot;credit&quot;:&quot;&quot;,&quot;camera&quot;:&quot;&quot;,&quot;caption&quot;:&quot;&quot;,&quot;created_timestamp&quot;:&quot;0&quot;,&quot;copyright&quot;:&quot;&quot;,&quot;focal_length&quot;:&quot;0&quot;,&quot;iso&quot;:&quot;0&quot;,&quot;shutter_speed&quot;:&quot;0&quot;,&quot;title&quot;:&quot;&quot;,&quot;orientation&quot;:&quot;1&quot;}\" data-image-title=\"Blazers e jaquetas: inspire-se nos looks de Anitta e mais famosas\" data-image-description=\"\" data-image-caption=\"&lt;p&gt;Blazers e jaquetas: inspire-se nos looks de Anitta e mais famosas&lt;\/p&gt;\n\" data-medium-file=\"https:\/\/i0.wp.com\/agrund.com\/wp-content\/uploads\/sites\/6\/2017\/11\/fernanda-paes-leme-Denilson-Santos-Deividi-Correa.jpg?fit=167%2C300&amp;ssl=1\" data-large-file=\"https:\/\/i0.wp.com\/agrund.com\/wp-content\/uploads\/sites\/6\/2017\/11\/fernanda-paes-leme-Denilson-Santos-Deividi-Correa.jpg?fit=550%2C988&amp;ssl=1\" decoding=\"async\" loading=\"lazy\" class=\"size-full wp-image-175796\" src=\"https:\/\/i0.wp.com\/www.agrund.com\/wp-content\/uploads\/sites\/6\/2017\/11\/fernanda-paes-leme-Denilson-Santos-Deividi-Correa.jpg?resize=550%2C988\" alt=\"\" width=\"550\" height=\"988\" srcset=\"https:\/\/i0.wp.com\/agrund.com\/wp-content\/uploads\/sites\/6\/2017\/11\/fernanda-paes-leme-Denilson-Santos-Deividi-Correa.jpg?w=550&amp;ssl=1 550w, https:\/\/i0.wp.com\/agrund.com\/wp-content\/uploads\/sites\/6\/2017\/11\/fernanda-paes-leme-Denilson-Santos-Deividi-Correa.jpg?resize=167%2C300&amp;ssl=1 167w\" sizes=\"(max-width: 550px) 100vw, 550px\" data-recalc-dims=\"1\" \/><p id=\"caption-attachment-175796\" class=\"wp-caption-text\">Blazers e jaquetas: inspire-se nos looks de Anitta e mais famosas<\/p><\/div>\n<p>&nbsp;<\/p>\n<p>Fotos:\u00a0Reprodu\u00e7\u00e3o\/ Instagram\/ Leo Franco\/ AgNews\/ Leo Faria\/ Webert Belicio\/ Denilson Santos\/ Deividi Correa.<\/p>\n","protected":false},"excerpt":{"rendered":"<p>Por Ros\u00e2ngela Espinossi N\u00e3o \u00e9 novidade para ningu\u00e9m que ter um blazer ou uma jaqueta no arm\u00e1rio \u00e9 sinal de intelig\u00eancia fashion. Os blazers podem ser avulsos ou fazer conjunto com cal\u00e7as compridas e nos tamb\u00e9m necess\u00e1rios terninhos. E as jaquetas s\u00e3o pau para toda obra, seja com corte esportivo, seja no modelo perfecto, de [&hellip;]<\/p>\n","protected":false},"author":8,"featured_media":175800,"comment_status":"open","ping_status":"open","sticky":false,"template":"","format":"standard","meta":{"jetpack_post_was_ever_published":false,"_jetpack_newsletter_access":"","jetpack_publicize_message":"","jetpack_is_tweetstorm":false,"jetpack_publicize_feature_enabled":true,"jetpack_social_post_already_shared":true,"jetpack_social_options":{"image_generator_settings":{"template":"highway","enabled":false}}},"categories":[2],"tags":[],"jetpack_publicize_connections":[],"jetpack_featured_media_url":"https:\/\/i0.wp.com\/agrund.com\/wp-content\/uploads\/sites\/6\/2017\/11\/s-64.jpg?fit=960%2C300&ssl=1","jetpack_sharing_enabled":true,"jetpack_shortlink":"https:\/\/wp.me\/p3Hz0n-JJm","jetpack_likes_enabled":true,"_links":{"self":[{"href":"https:\/\/agrund.com\/index.php\/wp-json\/wp\/v2\/posts\/175792"}],"collection":[{"href":"https:\/\/agrund.com\/index.php\/wp-json\/wp\/v2\/posts"}],"about":[{"href":"https:\/\/agrund.com\/index.php\/wp-json\/wp\/v2\/types\/post"}],"author":[{"embeddable":true,"href":"https:\/\/agrund.com\/index.php\/wp-json\/wp\/v2\/users\/8"}],"replies":[{"embeddable":true,"href":"https:\/\/agrund.com\/index.php\/wp-json\/wp\/v2\/comments?post=175792"}],"version-history":[{"count":0,"href":"https:\/\/agrund.com\/index.php\/wp-json\/wp\/v2\/posts\/175792\/revisions"}],"wp:featuredmedia":[{"embeddable":true,"href":"https:\/\/agrund.com\/index.php\/wp-json\/wp\/v2\/media\/175800"}],"wp:attachment":[{"href":"https:\/\/agrund.com\/index.php\/wp-json\/wp\/v2\/media?parent=175792"}],"wp:term":[{"taxonomy":"category","embeddable":true,"href":"https:\/\/agrund.com\/index.php\/wp-json\/wp\/v2\/categories?post=175792"},{"taxonomy":"post_tag","embeddable":true,"href":"https:\/\/agrund.com\/index.php\/wp-json\/wp\/v2\/tags?post=175792"}],"curies":[{"name":"wp","href":"https:\/\/api.w.org\/{rel}","templated":true}]}}