{"id":175786,"date":"2017-11-17T18:00:40","date_gmt":"2017-11-17T20:00:40","guid":{"rendered":"http:\/\/www.agrund.com\/?p=175786"},"modified":"2017-11-17T15:35:16","modified_gmt":"2017-11-17T17:35:16","slug":"todo-dia-e-dia-de-jeans-bebe","status":"publish","type":"post","link":"https:\/\/agrund.com\/index.php\/todo-dia-e-dia-de-jeans-bebe\/","title":{"rendered":"Todo dia \u00e9 dia de jeans, beb\u00ea!"},"content":{"rendered":"<p>Por <a href=\"http:\/\/blogdathay.com.br\/\">Thay Sanqueta<\/a><\/p>\n<p>Inicialmente o jeans era usado pelos marinheiros na It\u00e1lia e posteriormente pelos os prolet\u00e1rios do oeste do EUA, mas foi no fim dos anos 1960 que ele se tornou desejo entre os jovens ap\u00f3s ser s\u00edmbolo de rebeldia inspirado pelas telas dos cinemas.<\/p>\n<p>De l\u00e1 para c\u00e1, entra esta\u00e7\u00e3o, sai esta\u00e7\u00e3o, e pe\u00e7as de jeans s\u00e3o hit. Nesse ver\u00e3o n\u00e3o ser\u00e1 diferente, as cal\u00e7as no tecido voltam com nova cara e com for\u00e7a total. Das tradicionais retas de c\u00f3s m\u00e9dio e cal\u00e7a mon ou \u201ccal\u00e7a da mam\u00e3e\u201d (de c\u00f3s alta e modelagem oversized), as \u201cdiferentonas\u201d com bordados, barras em babados, barras assim\u00e9tricas, barras assim\u00e9tricas, pantacourt, aplica\u00e7\u00f5es ou contrates de diferentes jeans e cores. (Ufaaaa at\u00e9 perdi o folego com tantas op\u00e7\u00f5es em alta!!!)<\/p>\n<p>Tem para todos os gostos e estilos, tudo indica que a ordem da vez \u00e9 que todo dia \u00e9 dia de rock, beb\u00ea&#8230; opaaaa! Todo dia \u00e9 dia de jeans, beb\u00ea! Diz a\u00ed, qual o seu favorito?<\/p>\n<div id=\"attachment_175787\" style=\"width: 610px\" class=\"wp-caption aligncenter\"><img aria-describedby=\"caption-attachment-175787\" data-attachment-id=\"175787\" data-permalink=\"https:\/\/agrund.com\/index.php\/todo-dia-e-dia-de-jeans-bebe\/1-1162\/\" data-orig-file=\"https:\/\/i0.wp.com\/agrund.com\/wp-content\/uploads\/sites\/6\/2017\/11\/1-23.jpg?fit=1316%2C831&amp;ssl=1\" data-orig-size=\"1316,831\" data-comments-opened=\"1\" data-image-meta=\"{&quot;aperture&quot;:&quot;0&quot;,&quot;credit&quot;:&quot;&quot;,&quot;camera&quot;:&quot;&quot;,&quot;caption&quot;:&quot;&quot;,&quot;created_timestamp&quot;:&quot;0&quot;,&quot;copyright&quot;:&quot;&quot;,&quot;focal_length&quot;:&quot;0&quot;,&quot;iso&quot;:&quot;0&quot;,&quot;shutter_speed&quot;:&quot;0&quot;,&quot;title&quot;:&quot;&quot;,&quot;orientation&quot;:&quot;1&quot;}\" data-image-title=\"Todo dia \u00e9 dia de jeans, beb\u00ea!\" data-image-description=\"\" data-image-caption=\"&lt;p&gt;Todo dia \u00e9 dia de jeans, beb\u00ea!&lt;\/p&gt;\n\" data-medium-file=\"https:\/\/i0.wp.com\/agrund.com\/wp-content\/uploads\/sites\/6\/2017\/11\/1-23.jpg?fit=300%2C189&amp;ssl=1\" data-large-file=\"https:\/\/i0.wp.com\/agrund.com\/wp-content\/uploads\/sites\/6\/2017\/11\/1-23.jpg?fit=1024%2C647&amp;ssl=1\" decoding=\"async\" loading=\"lazy\" class=\"wp-image-175787\" src=\"https:\/\/i0.wp.com\/www.agrund.com\/wp-content\/uploads\/sites\/6\/2017\/11\/1-23.jpg?resize=600%2C379\" alt=\"\" width=\"600\" height=\"379\" srcset=\"https:\/\/i0.wp.com\/agrund.com\/wp-content\/uploads\/sites\/6\/2017\/11\/1-23.jpg?w=1316&amp;ssl=1 1316w, https:\/\/i0.wp.com\/agrund.com\/wp-content\/uploads\/sites\/6\/2017\/11\/1-23.jpg?resize=300%2C189&amp;ssl=1 300w, https:\/\/i0.wp.com\/agrund.com\/wp-content\/uploads\/sites\/6\/2017\/11\/1-23.jpg?resize=1024%2C647&amp;ssl=1 1024w\" sizes=\"(max-width: 600px) 100vw, 600px\" data-recalc-dims=\"1\" \/><p id=\"caption-attachment-175787\" class=\"wp-caption-text\">Todo dia \u00e9 dia de jeans, beb\u00ea!<\/p><\/div>\n<div id=\"attachment_175788\" style=\"width: 610px\" class=\"wp-caption aligncenter\"><img aria-describedby=\"caption-attachment-175788\" data-attachment-id=\"175788\" data-permalink=\"https:\/\/agrund.com\/index.php\/todo-dia-e-dia-de-jeans-bebe\/2-1110\/\" data-orig-file=\"https:\/\/i0.wp.com\/agrund.com\/wp-content\/uploads\/sites\/6\/2017\/11\/2-16-e1510940076880.jpg?fit=600%2C395&amp;ssl=1\" data-orig-size=\"600,395\" data-comments-opened=\"1\" data-image-meta=\"{&quot;aperture&quot;:&quot;0&quot;,&quot;credit&quot;:&quot;&quot;,&quot;camera&quot;:&quot;&quot;,&quot;caption&quot;:&quot;&quot;,&quot;created_timestamp&quot;:&quot;0&quot;,&quot;copyright&quot;:&quot;&quot;,&quot;focal_length&quot;:&quot;0&quot;,&quot;iso&quot;:&quot;0&quot;,&quot;shutter_speed&quot;:&quot;0&quot;,&quot;title&quot;:&quot;&quot;,&quot;orientation&quot;:&quot;1&quot;}\" data-image-title=\"Todo dia \u00e9 dia de jeans, beb\u00ea!\" data-image-description=\"\" data-image-caption=\"&lt;p&gt;Todo dia \u00e9 dia de jeans, beb\u00ea!&lt;\/p&gt;\n\" data-medium-file=\"https:\/\/i0.wp.com\/agrund.com\/wp-content\/uploads\/sites\/6\/2017\/11\/2-16-e1510940076880.jpg?fit=300%2C198&amp;ssl=1\" data-large-file=\"https:\/\/i0.wp.com\/agrund.com\/wp-content\/uploads\/sites\/6\/2017\/11\/2-16-e1510940076880.jpg?fit=1024%2C674&amp;ssl=1\" decoding=\"async\" loading=\"lazy\" class=\"size-full wp-image-175788\" src=\"https:\/\/i0.wp.com\/www.agrund.com\/wp-content\/uploads\/sites\/6\/2017\/11\/2-16-e1510940076880.jpg?resize=600%2C395\" alt=\"\" width=\"600\" height=\"395\" data-recalc-dims=\"1\" \/><p id=\"caption-attachment-175788\" class=\"wp-caption-text\">Todo dia \u00e9 dia de jeans, beb\u00ea!<\/p><\/div>\n<div id=\"attachment_175789\" style=\"width: 610px\" class=\"wp-caption aligncenter\"><img aria-describedby=\"caption-attachment-175789\" data-attachment-id=\"175789\" data-permalink=\"https:\/\/agrund.com\/index.php\/todo-dia-e-dia-de-jeans-bebe\/3-1041\/\" data-orig-file=\"https:\/\/i0.wp.com\/agrund.com\/wp-content\/uploads\/sites\/6\/2017\/11\/3-11-e1510940089186.jpg?fit=600%2C421&amp;ssl=1\" data-orig-size=\"600,421\" data-comments-opened=\"1\" data-image-meta=\"{&quot;aperture&quot;:&quot;0&quot;,&quot;credit&quot;:&quot;&quot;,&quot;camera&quot;:&quot;&quot;,&quot;caption&quot;:&quot;&quot;,&quot;created_timestamp&quot;:&quot;0&quot;,&quot;copyright&quot;:&quot;&quot;,&quot;focal_length&quot;:&quot;0&quot;,&quot;iso&quot;:&quot;0&quot;,&quot;shutter_speed&quot;:&quot;0&quot;,&quot;title&quot;:&quot;&quot;,&quot;orientation&quot;:&quot;1&quot;}\" data-image-title=\"Todo dia \u00e9 dia de jeans, beb\u00ea!\" data-image-description=\"\" data-image-caption=\"&lt;p&gt;Todo dia \u00e9 dia de jeans, beb\u00ea!&lt;\/p&gt;\n\" data-medium-file=\"https:\/\/i0.wp.com\/agrund.com\/wp-content\/uploads\/sites\/6\/2017\/11\/3-11-e1510940089186.jpg?fit=300%2C210&amp;ssl=1\" data-large-file=\"https:\/\/i0.wp.com\/agrund.com\/wp-content\/uploads\/sites\/6\/2017\/11\/3-11-e1510940089186.jpg?fit=600%2C421&amp;ssl=1\" decoding=\"async\" loading=\"lazy\" class=\"size-full wp-image-175789\" src=\"https:\/\/i0.wp.com\/www.agrund.com\/wp-content\/uploads\/sites\/6\/2017\/11\/3-11-e1510940089186.jpg?resize=600%2C421\" alt=\"\" width=\"600\" height=\"421\" data-recalc-dims=\"1\" \/><p id=\"caption-attachment-175789\" class=\"wp-caption-text\">Todo dia \u00e9 dia de jeans, beb\u00ea!<\/p><\/div>\n<p>&nbsp;<\/p>\n<p>Fotos: Reprodu\u00e7\u00e3o.<\/p>\n","protected":false},"excerpt":{"rendered":"<p>Por Thay Sanqueta Inicialmente o jeans era usado pelos marinheiros na It\u00e1lia e posteriormente pelos os prolet\u00e1rios do oeste do EUA, mas foi no fim dos anos 1960 que ele se tornou desejo entre os jovens ap\u00f3s ser s\u00edmbolo de rebeldia inspirado pelas telas dos cinemas. De l\u00e1 para c\u00e1, entra esta\u00e7\u00e3o, sai esta\u00e7\u00e3o, e [&hellip;]<\/p>\n","protected":false},"author":8,"featured_media":175790,"comment_status":"open","ping_status":"open","sticky":false,"template":"","format":"standard","meta":{"jetpack_post_was_ever_published":false,"_jetpack_newsletter_access":"","jetpack_publicize_message":"","jetpack_is_tweetstorm":false,"jetpack_publicize_feature_enabled":true,"jetpack_social_post_already_shared":true,"jetpack_social_options":{"image_generator_settings":{"template":"highway","enabled":false}}},"categories":[2],"tags":[],"jetpack_publicize_connections":[],"jetpack_featured_media_url":"https:\/\/i0.wp.com\/agrund.com\/wp-content\/uploads\/sites\/6\/2017\/11\/s-63.jpg?fit=960%2C300&ssl=1","jetpack_sharing_enabled":true,"jetpack_shortlink":"https:\/\/wp.me\/p3Hz0n-JJg","jetpack_likes_enabled":true,"_links":{"self":[{"href":"https:\/\/agrund.com\/index.php\/wp-json\/wp\/v2\/posts\/175786"}],"collection":[{"href":"https:\/\/agrund.com\/index.php\/wp-json\/wp\/v2\/posts"}],"about":[{"href":"https:\/\/agrund.com\/index.php\/wp-json\/wp\/v2\/types\/post"}],"author":[{"embeddable":true,"href":"https:\/\/agrund.com\/index.php\/wp-json\/wp\/v2\/users\/8"}],"replies":[{"embeddable":true,"href":"https:\/\/agrund.com\/index.php\/wp-json\/wp\/v2\/comments?post=175786"}],"version-history":[{"count":0,"href":"https:\/\/agrund.com\/index.php\/wp-json\/wp\/v2\/posts\/175786\/revisions"}],"wp:featuredmedia":[{"embeddable":true,"href":"https:\/\/agrund.com\/index.php\/wp-json\/wp\/v2\/media\/175790"}],"wp:attachment":[{"href":"https:\/\/agrund.com\/index.php\/wp-json\/wp\/v2\/media?parent=175786"}],"wp:term":[{"taxonomy":"category","embeddable":true,"href":"https:\/\/agrund.com\/index.php\/wp-json\/wp\/v2\/categories?post=175786"},{"taxonomy":"post_tag","embeddable":true,"href":"https:\/\/agrund.com\/index.php\/wp-json\/wp\/v2\/tags?post=175786"}],"curies":[{"name":"wp","href":"https:\/\/api.w.org\/{rel}","templated":true}]}}