{"id":175754,"date":"2017-11-17T13:00:15","date_gmt":"2017-11-17T15:00:15","guid":{"rendered":"http:\/\/www.agrund.com\/?p=175754"},"modified":"2017-11-17T10:46:01","modified_gmt":"2017-11-17T12:46:01","slug":"os-oculos-escuros-favoritos-de-jennifer-lawrence","status":"publish","type":"post","link":"https:\/\/agrund.com\/index.php\/os-oculos-escuros-favoritos-de-jennifer-lawrence\/","title":{"rendered":"Os \u00f3culos escuros favoritos de Jennifer Lawrence"},"content":{"rendered":"<p>Qual \u00e9 o seu modelo de \u00f3culos escuros favorito? Enquanto olh\u00e1vamos algumas fotos recentes de Jennifer Lawrence, percebemos que ela n\u00e3o abandona um em especial.<\/p>\n<p>Os \u00faltimos looks da atriz est\u00e3o sempre acompanhados de \u00f3culos com arma\u00e7\u00e3o redonda e lente preta, bem no estilo dos anos 70. O modelo em quest\u00e3o \u00e9 da marca Oliver Peoples, e como est\u00e1 super em alta, muitas marcas est\u00e3o fazendo suas vers\u00f5es.<\/p>\n<p>Voc\u00ea usaria?<\/p>\n<div id=\"attachment_175755\" style=\"width: 610px\" class=\"wp-caption aligncenter\"><img aria-describedby=\"caption-attachment-175755\" data-attachment-id=\"175755\" data-permalink=\"https:\/\/agrund.com\/index.php\/os-oculos-escuros-favoritos-de-jennifer-lawrence\/jen\/\" data-orig-file=\"https:\/\/i0.wp.com\/agrund.com\/wp-content\/uploads\/sites\/6\/2017\/11\/jen-e1510922686538.jpg?fit=600%2C400&amp;ssl=1\" data-orig-size=\"600,400\" data-comments-opened=\"1\" data-image-meta=\"{&quot;aperture&quot;:&quot;0&quot;,&quot;credit&quot;:&quot;&quot;,&quot;camera&quot;:&quot;&quot;,&quot;caption&quot;:&quot;&quot;,&quot;created_timestamp&quot;:&quot;0&quot;,&quot;copyright&quot;:&quot;&quot;,&quot;focal_length&quot;:&quot;0&quot;,&quot;iso&quot;:&quot;0&quot;,&quot;shutter_speed&quot;:&quot;0&quot;,&quot;title&quot;:&quot;&quot;,&quot;orientation&quot;:&quot;0&quot;}\" data-image-title=\"Os \u00f3culos escuros favoritos de Jennifer Lawrence\" data-image-description=\"\" data-image-caption=\"&lt;p&gt;Os \u00f3culos escuros favoritos de Jennifer Lawrence&lt;\/p&gt;\n\" data-medium-file=\"https:\/\/i0.wp.com\/agrund.com\/wp-content\/uploads\/sites\/6\/2017\/11\/jen-e1510922686538.jpg?fit=300%2C200&amp;ssl=1\" data-large-file=\"https:\/\/i0.wp.com\/agrund.com\/wp-content\/uploads\/sites\/6\/2017\/11\/jen-e1510922686538.jpg?fit=600%2C400&amp;ssl=1\" decoding=\"async\" loading=\"lazy\" class=\"size-full wp-image-175755\" src=\"https:\/\/i0.wp.com\/www.agrund.com\/wp-content\/uploads\/sites\/6\/2017\/11\/jen-e1510922686538.jpg?resize=600%2C400\" alt=\"\" width=\"600\" height=\"400\" data-recalc-dims=\"1\" \/><p id=\"caption-attachment-175755\" class=\"wp-caption-text\">Os \u00f3culos escuros favoritos de Jennifer Lawrence<\/p><\/div>\n<p>Fotos: Reprodu\u00e7\u00e3o.<\/p>\n","protected":false},"excerpt":{"rendered":"<p>Qual \u00e9 o seu modelo de \u00f3culos escuros favorito? Enquanto olh\u00e1vamos algumas fotos recentes de Jennifer Lawrence, percebemos que ela n\u00e3o abandona um em especial. Os \u00faltimos looks da atriz est\u00e3o sempre acompanhados de \u00f3culos com arma\u00e7\u00e3o redonda e lente preta, bem no estilo dos anos 70. O modelo em quest\u00e3o \u00e9 da marca Oliver [&hellip;]<\/p>\n","protected":false},"author":8,"featured_media":175756,"comment_status":"open","ping_status":"open","sticky":false,"template":"","format":"standard","meta":{"jetpack_post_was_ever_published":false,"_jetpack_newsletter_access":"","jetpack_publicize_message":"","jetpack_is_tweetstorm":false,"jetpack_publicize_feature_enabled":true,"jetpack_social_post_already_shared":true,"jetpack_social_options":{"image_generator_settings":{"template":"highway","enabled":false}}},"categories":[2],"tags":[],"jetpack_publicize_connections":[],"jetpack_featured_media_url":"https:\/\/i0.wp.com\/agrund.com\/wp-content\/uploads\/sites\/6\/2017\/11\/s-58.jpg?fit=960%2C300&ssl=1","jetpack_sharing_enabled":true,"jetpack_shortlink":"https:\/\/wp.me\/p3Hz0n-JIK","jetpack_likes_enabled":true,"_links":{"self":[{"href":"https:\/\/agrund.com\/index.php\/wp-json\/wp\/v2\/posts\/175754"}],"collection":[{"href":"https:\/\/agrund.com\/index.php\/wp-json\/wp\/v2\/posts"}],"about":[{"href":"https:\/\/agrund.com\/index.php\/wp-json\/wp\/v2\/types\/post"}],"author":[{"embeddable":true,"href":"https:\/\/agrund.com\/index.php\/wp-json\/wp\/v2\/users\/8"}],"replies":[{"embeddable":true,"href":"https:\/\/agrund.com\/index.php\/wp-json\/wp\/v2\/comments?post=175754"}],"version-history":[{"count":0,"href":"https:\/\/agrund.com\/index.php\/wp-json\/wp\/v2\/posts\/175754\/revisions"}],"wp:featuredmedia":[{"embeddable":true,"href":"https:\/\/agrund.com\/index.php\/wp-json\/wp\/v2\/media\/175756"}],"wp:attachment":[{"href":"https:\/\/agrund.com\/index.php\/wp-json\/wp\/v2\/media?parent=175754"}],"wp:term":[{"taxonomy":"category","embeddable":true,"href":"https:\/\/agrund.com\/index.php\/wp-json\/wp\/v2\/categories?post=175754"},{"taxonomy":"post_tag","embeddable":true,"href":"https:\/\/agrund.com\/index.php\/wp-json\/wp\/v2\/tags?post=175754"}],"curies":[{"name":"wp","href":"https:\/\/api.w.org\/{rel}","templated":true}]}}