{"id":175730,"date":"2017-11-16T13:00:34","date_gmt":"2017-11-16T15:00:34","guid":{"rendered":"http:\/\/www.agrund.com\/?p=175730"},"modified":"2017-11-23T13:05:58","modified_gmt":"2017-11-23T15:05:58","slug":"vou-lancar-meu-segundo-livro","status":"publish","type":"post","link":"https:\/\/agrund.com\/index.php\/vou-lancar-meu-segundo-livro\/","title":{"rendered":"Vou lan\u00e7ar meu segundo livro!"},"content":{"rendered":"<p>Sim, meu segundo livro est\u00e1 quase pronto! \u2018As Armadilhas da Moda\u2019 foi criado para te ajudar a fugir daquelas pe\u00e7as que n\u00e3o valorizam seu corpo e, assim, conseguir montar o look perfeito para qualquer esta\u00e7\u00e3o.<\/p>\n<p>Para quem for da cidade de S\u00e3o Paulo, eu tenho um convite! No dia 29 de novembro acontecer\u00e1 o lan\u00e7amento do meu livro, com direito a sess\u00e3o de aut\u00f3grafos. Temos um encontro marcado?<\/p>\n<p><strong>Lan\u00e7amento \u2018As Armadilhas da Moda\u2019<\/strong><br \/>\n29 de novembro de 2017, \u00e0s 19h<br \/>\nLivraria Cultura, Conjunto Nacional<br \/>\nAv. Paulista, 2073 &#8211; S\u00e3o Paulo<\/p>\n<div id=\"attachment_175731\" style=\"width: 590px\" class=\"wp-caption aligncenter\"><img aria-describedby=\"caption-attachment-175731\" data-attachment-id=\"175731\" data-permalink=\"https:\/\/agrund.com\/index.php\/vou-lancar-meu-segundo-livro\/1-1158\/\" data-orig-file=\"https:\/\/i0.wp.com\/agrund.com\/wp-content\/uploads\/sites\/6\/2017\/11\/1-19.jpg?fit=580%2C546&amp;ssl=1\" data-orig-size=\"580,546\" data-comments-opened=\"1\" data-image-meta=\"{&quot;aperture&quot;:&quot;0&quot;,&quot;credit&quot;:&quot;&quot;,&quot;camera&quot;:&quot;&quot;,&quot;caption&quot;:&quot;&quot;,&quot;created_timestamp&quot;:&quot;0&quot;,&quot;copyright&quot;:&quot;&quot;,&quot;focal_length&quot;:&quot;0&quot;,&quot;iso&quot;:&quot;0&quot;,&quot;shutter_speed&quot;:&quot;0&quot;,&quot;title&quot;:&quot;&quot;,&quot;orientation&quot;:&quot;1&quot;}\" data-image-title=\"Vou lan\u00e7ar meu segundo livro!\" data-image-description=\"\" data-image-caption=\"&lt;p&gt;Vou lan\u00e7ar meu segundo livro! &lt;\/p&gt;\n\" data-medium-file=\"https:\/\/i0.wp.com\/agrund.com\/wp-content\/uploads\/sites\/6\/2017\/11\/1-19.jpg?fit=300%2C282&amp;ssl=1\" data-large-file=\"https:\/\/i0.wp.com\/agrund.com\/wp-content\/uploads\/sites\/6\/2017\/11\/1-19.jpg?fit=580%2C546&amp;ssl=1\" decoding=\"async\" loading=\"lazy\" class=\"size-full wp-image-175731\" src=\"https:\/\/i0.wp.com\/www.agrund.com\/wp-content\/uploads\/sites\/6\/2017\/11\/1-19.jpg?resize=580%2C546\" alt=\"\" width=\"580\" height=\"546\" srcset=\"https:\/\/i0.wp.com\/agrund.com\/wp-content\/uploads\/sites\/6\/2017\/11\/1-19.jpg?w=580&amp;ssl=1 580w, https:\/\/i0.wp.com\/agrund.com\/wp-content\/uploads\/sites\/6\/2017\/11\/1-19.jpg?resize=300%2C282&amp;ssl=1 300w\" sizes=\"(max-width: 580px) 100vw, 580px\" data-recalc-dims=\"1\" \/><p id=\"caption-attachment-175731\" class=\"wp-caption-text\">Vou lan\u00e7ar meu segundo livro!<\/p><\/div>\n<p>Foto: Divulga\u00e7\u00e3o.<\/p>\n","protected":false},"excerpt":{"rendered":"<p>Sim, meu segundo livro est\u00e1 quase pronto! \u2018As Armadilhas da Moda\u2019 foi criado para te ajudar a fugir daquelas pe\u00e7as que n\u00e3o valorizam seu corpo e, assim, conseguir montar o look perfeito para qualquer esta\u00e7\u00e3o. Para quem for da cidade de S\u00e3o Paulo, eu tenho um convite! No dia 29 de novembro acontecer\u00e1 o lan\u00e7amento [&hellip;]<\/p>\n","protected":false},"author":8,"featured_media":175732,"comment_status":"open","ping_status":"open","sticky":false,"template":"","format":"standard","meta":{"jetpack_post_was_ever_published":false,"_jetpack_newsletter_access":"","jetpack_publicize_message":"","jetpack_is_tweetstorm":false,"jetpack_publicize_feature_enabled":true,"jetpack_social_post_already_shared":true,"jetpack_social_options":{"image_generator_settings":{"template":"highway","enabled":false}}},"categories":[2],"tags":[],"jetpack_publicize_connections":[],"jetpack_featured_media_url":"https:\/\/i0.wp.com\/agrund.com\/wp-content\/uploads\/sites\/6\/2017\/11\/s-54.jpg?fit=960%2C300&ssl=1","jetpack_sharing_enabled":true,"jetpack_shortlink":"https:\/\/wp.me\/p3Hz0n-JIm","jetpack_likes_enabled":true,"_links":{"self":[{"href":"https:\/\/agrund.com\/index.php\/wp-json\/wp\/v2\/posts\/175730"}],"collection":[{"href":"https:\/\/agrund.com\/index.php\/wp-json\/wp\/v2\/posts"}],"about":[{"href":"https:\/\/agrund.com\/index.php\/wp-json\/wp\/v2\/types\/post"}],"author":[{"embeddable":true,"href":"https:\/\/agrund.com\/index.php\/wp-json\/wp\/v2\/users\/8"}],"replies":[{"embeddable":true,"href":"https:\/\/agrund.com\/index.php\/wp-json\/wp\/v2\/comments?post=175730"}],"version-history":[{"count":0,"href":"https:\/\/agrund.com\/index.php\/wp-json\/wp\/v2\/posts\/175730\/revisions"}],"wp:featuredmedia":[{"embeddable":true,"href":"https:\/\/agrund.com\/index.php\/wp-json\/wp\/v2\/media\/175732"}],"wp:attachment":[{"href":"https:\/\/agrund.com\/index.php\/wp-json\/wp\/v2\/media?parent=175730"}],"wp:term":[{"taxonomy":"category","embeddable":true,"href":"https:\/\/agrund.com\/index.php\/wp-json\/wp\/v2\/categories?post=175730"},{"taxonomy":"post_tag","embeddable":true,"href":"https:\/\/agrund.com\/index.php\/wp-json\/wp\/v2\/tags?post=175730"}],"curies":[{"name":"wp","href":"https:\/\/api.w.org\/{rel}","templated":true}]}}