{"id":175666,"date":"2017-11-14T18:00:52","date_gmt":"2017-11-14T20:00:52","guid":{"rendered":"http:\/\/www.agrund.com\/?p=175666"},"modified":"2017-11-14T14:55:23","modified_gmt":"2017-11-14T16:55:23","slug":"musical-contara-a-historia-de-jean-paul-gaultier","status":"publish","type":"post","link":"https:\/\/agrund.com\/index.php\/musical-contara-a-historia-de-jean-paul-gaultier\/","title":{"rendered":"Musical contar\u00e1 a hist\u00f3ria de Jean Paul Gaultier"},"content":{"rendered":"<p>Jean Paul Gaultier anunciou que est\u00e1 produzindo, escrevendo e dirigindo um musical sobre sua pr\u00f3pria vida. Chamado \u201cFashion Freak Show\u201d, o musical ter\u00e1 v\u00eddeos, as m\u00fasicas preferidas do designer, artistas de circo e, claro, figurinos ic\u00f4nicos da carreira do designer, al\u00e9m de novas cria\u00e7\u00f5es. Durante uma entrevista ao portal WWD, Jean disse que essa produ\u00e7\u00e3o sempre foi um sonho.<\/p>\n<p>\u201cEu me lembro de assistir pela TV a premi\u00e8re de um musical na Folies Berg\u00e8re. A imagem era em preto e branco e as pessoas estavam muito bem vestidas. Foi uma experi\u00eancia transcendente, eu achei lindo&#8221;, explicou ele.<\/p>\n<p>Nossa equipe j\u00e1 est\u00e1 curiosa para assistir, e voc\u00ea? A estreia est\u00e1 prevista para 02 de outubro de 2018, na Folies Berg\u00e8re.<\/p>\n<div id=\"attachment_175668\" style=\"width: 610px\" class=\"wp-caption aligncenter\"><img aria-describedby=\"caption-attachment-175668\" data-attachment-id=\"175668\" data-permalink=\"https:\/\/agrund.com\/index.php\/musical-contara-a-historia-de-jean-paul-gaultier\/1-1154\/\" data-orig-file=\"https:\/\/i0.wp.com\/agrund.com\/wp-content\/uploads\/sites\/6\/2017\/11\/1-14.jpg?fit=640%2C960&amp;ssl=1\" data-orig-size=\"640,960\" data-comments-opened=\"1\" data-image-meta=\"{&quot;aperture&quot;:&quot;0&quot;,&quot;credit&quot;:&quot;&quot;,&quot;camera&quot;:&quot;&quot;,&quot;caption&quot;:&quot;&quot;,&quot;created_timestamp&quot;:&quot;0&quot;,&quot;copyright&quot;:&quot;&quot;,&quot;focal_length&quot;:&quot;0&quot;,&quot;iso&quot;:&quot;0&quot;,&quot;shutter_speed&quot;:&quot;0&quot;,&quot;title&quot;:&quot;&quot;,&quot;orientation&quot;:&quot;0&quot;}\" data-image-title=\"Musical contar\u00e1 a hist\u00f3ria de Jean Paul Gaultier\" data-image-description=\"\" data-image-caption=\"&lt;p&gt;Musical contar\u00e1 a hist\u00f3ria de Jean Paul Gaultier&lt;\/p&gt;\n\" data-medium-file=\"https:\/\/i0.wp.com\/agrund.com\/wp-content\/uploads\/sites\/6\/2017\/11\/1-14.jpg?fit=200%2C300&amp;ssl=1\" data-large-file=\"https:\/\/i0.wp.com\/agrund.com\/wp-content\/uploads\/sites\/6\/2017\/11\/1-14.jpg?fit=640%2C960&amp;ssl=1\" decoding=\"async\" loading=\"lazy\" class=\"wp-image-175668\" src=\"https:\/\/i0.wp.com\/www.agrund.com\/wp-content\/uploads\/sites\/6\/2017\/11\/1-14.jpg?resize=600%2C900\" alt=\"\" width=\"600\" height=\"900\" srcset=\"https:\/\/i0.wp.com\/agrund.com\/wp-content\/uploads\/sites\/6\/2017\/11\/1-14.jpg?w=640&amp;ssl=1 640w, https:\/\/i0.wp.com\/agrund.com\/wp-content\/uploads\/sites\/6\/2017\/11\/1-14.jpg?resize=200%2C300&amp;ssl=1 200w\" sizes=\"(max-width: 600px) 100vw, 600px\" data-recalc-dims=\"1\" \/><p id=\"caption-attachment-175668\" class=\"wp-caption-text\">Musical contar\u00e1 a hist\u00f3ria de Jean Paul Gaultier<\/p><\/div>\n<p>Foto: Reprodu\u00e7\u00e3o.<\/p>\n","protected":false},"excerpt":{"rendered":"<p>Jean Paul Gaultier anunciou que est\u00e1 produzindo, escrevendo e dirigindo um musical sobre sua pr\u00f3pria vida. Chamado \u201cFashion Freak Show\u201d, o musical ter\u00e1 v\u00eddeos, as m\u00fasicas preferidas do designer, artistas de circo e, claro, figurinos ic\u00f4nicos da carreira do designer, al\u00e9m de novas cria\u00e7\u00f5es. Durante uma entrevista ao portal WWD, Jean disse que essa produ\u00e7\u00e3o [&hellip;]<\/p>\n","protected":false},"author":8,"featured_media":175667,"comment_status":"open","ping_status":"open","sticky":false,"template":"","format":"standard","meta":{"jetpack_post_was_ever_published":false,"_jetpack_newsletter_access":"","jetpack_publicize_message":"","jetpack_is_tweetstorm":false,"jetpack_publicize_feature_enabled":true,"jetpack_social_post_already_shared":true,"jetpack_social_options":{"image_generator_settings":{"template":"highway","enabled":false}}},"categories":[2],"tags":[],"jetpack_publicize_connections":[],"jetpack_featured_media_url":"https:\/\/i0.wp.com\/agrund.com\/wp-content\/uploads\/sites\/6\/2017\/11\/ss-5.jpg?fit=960%2C300&ssl=1","jetpack_sharing_enabled":true,"jetpack_shortlink":"https:\/\/wp.me\/p3Hz0n-JHk","jetpack_likes_enabled":true,"_links":{"self":[{"href":"https:\/\/agrund.com\/index.php\/wp-json\/wp\/v2\/posts\/175666"}],"collection":[{"href":"https:\/\/agrund.com\/index.php\/wp-json\/wp\/v2\/posts"}],"about":[{"href":"https:\/\/agrund.com\/index.php\/wp-json\/wp\/v2\/types\/post"}],"author":[{"embeddable":true,"href":"https:\/\/agrund.com\/index.php\/wp-json\/wp\/v2\/users\/8"}],"replies":[{"embeddable":true,"href":"https:\/\/agrund.com\/index.php\/wp-json\/wp\/v2\/comments?post=175666"}],"version-history":[{"count":0,"href":"https:\/\/agrund.com\/index.php\/wp-json\/wp\/v2\/posts\/175666\/revisions"}],"wp:featuredmedia":[{"embeddable":true,"href":"https:\/\/agrund.com\/index.php\/wp-json\/wp\/v2\/media\/175667"}],"wp:attachment":[{"href":"https:\/\/agrund.com\/index.php\/wp-json\/wp\/v2\/media?parent=175666"}],"wp:term":[{"taxonomy":"category","embeddable":true,"href":"https:\/\/agrund.com\/index.php\/wp-json\/wp\/v2\/categories?post=175666"},{"taxonomy":"post_tag","embeddable":true,"href":"https:\/\/agrund.com\/index.php\/wp-json\/wp\/v2\/tags?post=175666"}],"curies":[{"name":"wp","href":"https:\/\/api.w.org\/{rel}","templated":true}]}}